{"id":403690,"date":"2025-09-20T01:33:18","date_gmt":"2025-09-20T01:33:18","guid":{"rendered":"https:\/\/www.europesays.com\/fr\/403690\/"},"modified":"2025-09-20T01:33:18","modified_gmt":"2025-09-20T01:33:18","slug":"les-pilotes-plutot-favorables-a-davantage-de-courses-sprints-mais-opposes-aux-grilles-inversees-lequipe","status":"publish","type":"post","link":"https:\/\/www.europesays.com\/fr\/403690\/","title":{"rendered":"Les pilotes plut\u00f4t favorables \u00e0 davantage de courses sprints mais oppos\u00e9s aux grilles invers\u00e9es &#8211; L&#039;\u00c9quipe"},"content":{"rendered":"<ol>\n<li><a href=\"https:\/\/news.google.com\/rss\/articles\/CBMi4AFBVV95cUxOdnBXQVlWODhQYUpueFJMcXh1cnFlWENsMHhZS3NWQXlpTDlUcER5SlkwbXJOS1Y5ZzF5WUkzd3BHcGc5V2twMjNhYnJOWGllV3BrbjAta2diSEF5aHlTclZPbGtEM19wN3hjb3lvamVEOXBUaWVjUVhHYUVKWWpfaER3QjJZNm9SeVJlbnVVYW1ZemR0NTZzWlV4YmF4S0RBVjZKWVBrc3VzVnBhbWVuRUNIRVB5a1A0VnVDM1ZQQU8xcW8wVkpGOUh0eG1QQzhTeHdVaWdIdUNXeVNnSTEzVg?oc=5\" target=\"_blank\" rel=\"noopener\">Les pilotes plut\u00f4t favorables \u00e0 davantage de courses sprints mais oppos\u00e9s aux grilles invers\u00e9es<\/a>&nbsp;&nbsp;L&rsquo;\u00c9quipe<\/li>\n<li><a href=\"https:\/\/news.google.com\/rss\/articles\/CBMirAFBVV95cUxQX1hUZlk3VThSLU1IMjdIc3BfcHl3UDBiM0QtZ1R3RzgxYVVUaDF4d1U3eEVxcWRKMEwwa0plZWNBMnZnUEpkV3M3Qnowa3Boc3VfOFFaN2RLakJIM0NJQzFPcklCRlA3dzZvMFd1eGNpWlZUQ0RoTk9SSXlsNmtWUVNjVXZZOUszZW9uUmhBU2N2SE9xSGZSZm1ma1p5RWhEMGg2MjhwcmVVY3Ux?oc=5\" target=\"_blank\" rel=\"noopener\">Six courses sprint au calendrier de la Formule 1 en 2026<\/a>&nbsp;&nbsp;L&rsquo;\u00c9quipe<\/li>\n<li><a href=\"https:\/\/news.google.com\/rss\/articles\/CBMirgFBVV95cUxQel91bDBoRy1GVmhGQ3g3aG40bVNGb3ZfS0I0dC1ZTDliXy1xak1INU96ajI5bkJhNTJZbFdwSENYOUpKMVk5QXE0UG5obFduRmhqTXdJQmYyS25yTW1SRGR0S3pKUEwyeTU3UTA3dEY2eWE1ZHNnQmNPZll0R2tkTW1tWDBLTDJpc2M5b3FzUnhnR2ctTXd3VldwdzFDMl93Tm5RZmRQMEZHZTVLWEE?oc=5\" target=\"_blank\" rel=\"noopener\">Pour Bortoleto, un passage \u00e0 douze Sprints serait une limite \u00ab haute \u00bb<\/a>&nbsp;&nbsp;AutoHebdo<\/li>\n<li><a href=\"https:\/\/news.google.com\/rss\/articles\/CBMi0AFBVV95cUxOc0dCSkktRWhfbnkwZVg1UDl5V3NiRTg4Um5pVlBEd0F2cUJrdTloMVdNRE1jeHhjcmlrOEt3ZnRKZk1jVlRIX0o5ck45UU9Uakt1cEJZOVBYbzk5Um50MGZYMFZieW9Sa01aQjJZakJCOGo1U191bHN6c1k0ZGNPaDhBZ0RBVjgxcHNTRk9QZDdfWlY5VmhGT01QVTduT19RMGR0VjFnSEdRd0VuUGJNRURMRk9od1BfOFJ5aVkxZXVGc28zenhtQ0hMZHdCWi0z?oc=5\" target=\"_blank\" rel=\"noopener\">F1 I Calendrier I Six courses sprint auront lieu en 2026, dont trois in\u00e9dites<\/a>&nbsp;&nbsp;Eurosport<\/li>\n<li><a href=\"https:\/\/news.google.com\/rss\/articles\/CBMiZEFVX3lxTE1iMFlLRDhzUy05Tm9ZVThvdGpPQjBZejZqM0JySnFnQ1Uza1pxemVPYVdkeTVURkRYQjhuY3Y0R05IQ3pPcURyV0pLNjB0OEFvRTEyUFNEVk1RczhRemlMcG9XUW0?oc=5\" target=\"_blank\" rel=\"noopener\">Les horaires de d\u00e9part des Grands Prix de F1 en 2026<\/a>&nbsp;&nbsp;isorg.fr<\/li>\n<\/ol>\n","protected":false},"excerpt":{"rendered":"Les pilotes plut\u00f4t favorables \u00e0 davantage de courses sprints mais oppos\u00e9s aux grilles invers\u00e9es&nbsp;&nbsp;L&rsquo;\u00c9quipe Six courses sprint au&hellip;\n","protected":false},"author":2,"featured_media":403691,"comment_status":"","ping_status":"","sticky":false,"template":"","format":"standard","meta":{"footnotes":""},"categories":[1412],"tags":[1451,1452,1453,1454,1455,1011,27,60],"class_list":{"0":"post-403690","1":"post","2":"type-post","3":"status-publish","4":"format-standard","5":"has-post-thumbnail","7":"category-f1","8":"tag-f1","9":"tag-formula-1","10":"tag-formula1","11":"tag-formule-1","12":"tag-formule1","13":"tag-fr","14":"tag-france","15":"tag-sports"},"share_on_mastodon":{"url":"https:\/\/pubeurope.com\/@fr\/115234052717023561","error":""},"_links":{"self":[{"href":"https:\/\/www.europesays.com\/fr\/wp-json\/wp\/v2\/posts\/403690","targetHints":{"allow":["GET"]}}],"collection":[{"href":"https:\/\/www.europesays.com\/fr\/wp-json\/wp\/v2\/posts"}],"about":[{"href":"https:\/\/www.europesays.com\/fr\/wp-json\/wp\/v2\/types\/post"}],"author":[{"embeddable":true,"href":"https:\/\/www.europesays.com\/fr\/wp-json\/wp\/v2\/users\/2"}],"replies":[{"embeddable":true,"href":"https:\/\/www.europesays.com\/fr\/wp-json\/wp\/v2\/comments?post=403690"}],"version-history":[{"count":0,"href":"https:\/\/www.europesays.com\/fr\/wp-json\/wp\/v2\/posts\/403690\/revisions"}],"wp:featuredmedia":[{"embeddable":true,"href":"https:\/\/www.europesays.com\/fr\/wp-json\/wp\/v2\/media\/403691"}],"wp:attachment":[{"href":"https:\/\/www.europesays.com\/fr\/wp-json\/wp\/v2\/media?parent=403690"}],"wp:term":[{"taxonomy":"category","embeddable":true,"href":"https:\/\/www.europesays.com\/fr\/wp-json\/wp\/v2\/categories?post=403690"},{"taxonomy":"post_tag","embeddable":true,"href":"https:\/\/www.europesays.com\/fr\/wp-json\/wp\/v2\/tags?post=403690"}],"curies":[{"name":"wp","href":"https:\/\/api.w.org\/{rel}","templated":true}]}}