{"id":403703,"date":"2025-09-20T01:41:12","date_gmt":"2025-09-20T01:41:12","guid":{"rendered":"https:\/\/www.europesays.com\/fr\/403703\/"},"modified":"2025-09-20T01:41:12","modified_gmt":"2025-09-20T01:41:12","slug":"florent-pagny-fait-une-grande-revelation-sur-la-suite-de-sa-carriere-je-ne-sais-pas-mentir","status":"publish","type":"post","link":"https:\/\/www.europesays.com\/fr\/403703\/","title":{"rendered":"Florent Pagny fait une grande r\u00e9v\u00e9lation sur la suite de sa carri\u00e8re\u00a0: \u00ab\u00a0Je ne sais pas mentir\u00a0\u00bb"},"content":{"rendered":"<p class=\"text-left ap-StoryElement ap-StoryElement--mb ap-StoryText\">La carri\u00e8re de <b>Florent Pagny<\/b> est impressionnante. Apr\u00e8s plusieurs ann\u00e9es de bataille contre un cancer, l&rsquo;artiste de 63 ans est revenu le 12 septembre dernier avec son 22e album, et m\u00eame son 29e album discographique, intitul\u00e9 <b>Grandeur nature<\/b>. Un opus qui prouve, si besoin en est, que le chanteur est encore loin d&rsquo;\u00eatre rouill\u00e9 et qu&rsquo;<a href=\"https:\/\/www.parismatch.be\/culture\/musique\/2025\/09\/11\/florent-pagny-envisage-t-il-de-prendre-prochainement-sa-retraite-le-chanteur-est-categorique-il-faut-que-je-sois-physiquement-en-forme-MYRSSAX3RVEVHCDI6NJTEKE33U\/\" target=\"_blank\" rel=\"nofollow noopener\">il n&rsquo;est pas pr\u00e8s d&rsquo;arr\u00eater sa carri\u00e8re<\/a>.<\/p>\n<p class=\"text-left ap-StoryElement ap-StoryElement--mb ap-StoryText\">En pleine promotion de son dernier opus, l&rsquo;interpr\u00e8te de \u00ab\u00a0Savoir aimer\u00a0\u00bb s&rsquo;est confi\u00e9 \u00e0 Emilie Mazoyer dans \u00ab\u00a0D\u00e9cibels\u00a0\u00bb sur France Bleu. Il est revenu sur le <b>nombre important de chansons<\/b> qu&rsquo;il a acquis pour composer son dernier disque : \u00ab\u00a0J&rsquo;ai re\u00e7u beaucoup, beaucoup de choses. J&rsquo;ai re\u00e7u des titres o\u00f9 je me suis dit que ce n&rsquo;est pas pour cet album mais je trouve \u00e7a beau.\u00a0\u00bb<\/p>\n<p>Pour acc\u00e9der \u00e0 cet article, veuillez vous connecter au r\u00e9seau internet.<\/p>\n","protected":false},"excerpt":{"rendered":"La carri\u00e8re de Florent Pagny est impressionnante. Apr\u00e8s plusieurs ann\u00e9es de bataille contre un cancer, l&rsquo;artiste de 63&hellip;\n","protected":false},"author":2,"featured_media":403704,"comment_status":"","ping_status":"","sticky":false,"template":"","format":"standard","meta":{"footnotes":""},"categories":[1355],"tags":[972,58,59,3109,1011,27,1361,873,973],"class_list":{"0":"post-403703","1":"post","2":"type-post","3":"status-publish","4":"format-standard","5":"has-post-thumbnail","7":"category-musique","8":"tag-celebrite","9":"tag-divertissement","10":"tag-entertainment","11":"tag-florent-pagny","12":"tag-fr","13":"tag-france","14":"tag-music","15":"tag-musique","16":"tag-people"},"share_on_mastodon":{"url":"https:\/\/pubeurope.com\/@fr\/115234084221064862","error":""},"_links":{"self":[{"href":"https:\/\/www.europesays.com\/fr\/wp-json\/wp\/v2\/posts\/403703","targetHints":{"allow":["GET"]}}],"collection":[{"href":"https:\/\/www.europesays.com\/fr\/wp-json\/wp\/v2\/posts"}],"about":[{"href":"https:\/\/www.europesays.com\/fr\/wp-json\/wp\/v2\/types\/post"}],"author":[{"embeddable":true,"href":"https:\/\/www.europesays.com\/fr\/wp-json\/wp\/v2\/users\/2"}],"replies":[{"embeddable":true,"href":"https:\/\/www.europesays.com\/fr\/wp-json\/wp\/v2\/comments?post=403703"}],"version-history":[{"count":0,"href":"https:\/\/www.europesays.com\/fr\/wp-json\/wp\/v2\/posts\/403703\/revisions"}],"wp:featuredmedia":[{"embeddable":true,"href":"https:\/\/www.europesays.com\/fr\/wp-json\/wp\/v2\/media\/403704"}],"wp:attachment":[{"href":"https:\/\/www.europesays.com\/fr\/wp-json\/wp\/v2\/media?parent=403703"}],"wp:term":[{"taxonomy":"category","embeddable":true,"href":"https:\/\/www.europesays.com\/fr\/wp-json\/wp\/v2\/categories?post=403703"},{"taxonomy":"post_tag","embeddable":true,"href":"https:\/\/www.europesays.com\/fr\/wp-json\/wp\/v2\/tags?post=403703"}],"curies":[{"name":"wp","href":"https:\/\/api.w.org\/{rel}","templated":true}]}}