{"id":403705,"date":"2025-09-20T01:42:16","date_gmt":"2025-09-20T01:42:16","guid":{"rendered":"https:\/\/www.europesays.com\/fr\/403705\/"},"modified":"2025-09-20T01:42:16","modified_gmt":"2025-09-20T01:42:16","slug":"voici-4-films-a-voir-absolument-ce-week-end-2","status":"publish","type":"post","link":"https:\/\/www.europesays.com\/fr\/403705\/","title":{"rendered":"Voici 4 films \u00e0 voir absolument ce week-end"},"content":{"rendered":"<p>Si vous \u00eates en qu\u00eate d\u2019id\u00e9es pour passer du bon temps ce week-end, nous vous recommandons fortement de vous laisser tenter par une sortie cin\u00e9. Pendant quelques heures, vous avez la possibilit\u00e9 de vous \u00e9vader dans un monde et une histoire loin de votre train-train quotidien. Qu\u2019est-ce que cela fait du bien\u00a0! Une sortie cin\u00e9 est aussi agr\u00e9able en solo qu\u2019avec vos amis, l\u2019amour de votre vie ou votre famille.<\/p>\n<p>En cette fin de semaine, il y a de quoi vous r\u00e9galer dans les salles obscures. Effectivement, l\u2019actualit\u00e9 cin\u00e9matographique est plut\u00f4t int\u00e9ressante, avec une multitude de nouveaut\u00e9s qui valent le coup d\u2019oeil. D\u00e9couvrez, sans plus attendre, notre s\u00e9lection des 4 nouveaux films \u00e0 ne pas rater dans les salles de cin\u00e9ma.<\/p>\n<p> Demon Slayer\u00a0: La Forteresse Infinie<br \/>\n    <a href=\"https:\/\/www.youtube.com\/@PressecitronHD?sub_confirmation=1\" target=\"_blank\" rel=\"nofollow noopener\"><br \/>\n        S&rsquo;abonner \u00e0 Presse-citron<br \/>\n    <\/a> <\/p>\n<p>Il figure parmi les animes incontournables de la nouvelle g\u00e9n\u00e9ration. Depuis quelques ann\u00e9es, <a href=\"https:\/\/www.presse-citron.net\/demon-slayer-cet-anime-populaire-debarque-enfin-sur-netflix\/\" target=\"_blank\" rel=\"noopener\">Demon Slayer<\/a> s\u2019est impos\u00e9 comme une \u0153uvre marquante pour les amateurs de manga et d\u2019animation japonaise. Apr\u00e8s que sa petite s\u0153ur Nezuko a \u00e9t\u00e9 transform\u00e9e en d\u00e9mon, Tanjir\u00f4 Kamado a rejoint une organisation d\u00e9di\u00e9e \u00e0 la chasse aux d\u00e9mons et devient pourfendeur de d\u00e9mons. Au fil des ann\u00e9es, le protagoniste devient de plus en plus fort, affrontant toujours plus de d\u00e9mons aux c\u00f4t\u00e9s de ses compagnons Zenitsu et Inosuke mais aussi des piliers, les combattants les plus hauts plac\u00e9s de l\u2019arm\u00e9e des pourfendeurs de d\u00e9mons. Alors que ces derniers sont t\u00e9l\u00e9port\u00e9s dans le bastion des d\u00e9mons, la Forteresse infinie, voil\u00e0 que se tient l\u2019ultime combat entre les pourfendeurs de d\u00e9mons et les forces d\u00e9moniaques men\u00e9es par le redoutable Muzan. Une nouvelle aventure \u00e9lectrisante attend les fans de Demon Slayer.<\/p>\n<p>Encore une fois, l\u2019animation de Demon Slayer est impressionnante et impeccable, de quoi en mettre plein la vue aux spectateurs. Ceux-ci sont particuli\u00e8rement conquis, octroyant l\u2019excellente note de 4,4 sur 5, tandis que la presse est plus nuanc\u00e9e avec la moyenne de 3,3.<\/p>\n<p> Regarde  <\/p>\n<p>Si vous voulez passer par toutes les \u00e9motions, Regarde est le film fait pour vous. Cette com\u00e9die dramatique nous plonge aux c\u00f4t\u00e9s de Chris et Antoine, qui ont du mal \u00e0 s\u2019entendre depuis leur divorce. Mais comme ils apprennent que leur fils de 16 ans est atteint d\u2019une maladie rare qui va lui faire perdre la vue, tout bascule. Ensemble, ils font leur possible pour mettre leurs rancoeurs de c\u00f4t\u00e9 et offrir \u00e0 leur fils des vacances inoubliables pour qu\u2019il puisse se forger de magnifiques souvenirs avant l\u2019in\u00e9luctable.<\/p>\n<p>Port\u00e9 par Dany Boon, Audrey Fleurot et Ewan Bourdelles, Regarde se d\u00e9marque par sa tendresse et son authenticit\u00e9. Le long m\u00e9trage r\u00e9ussit son pari et s\u2019en sort avec de tr\u00e8s bonnes notes de la part de la presse et des spectateurs d\u2019AlloCin\u00e9 : respectivement 3 et 3,5 sur 5.<\/p>\n<p> Nino  <\/p>\n<p>Tout en finesse, Nino touche en plein coeur. Pour un premier film, Pauline Loqu\u00e8s met tout le monde d\u2019accord. Pendant trois jours, on suit Nino. Celui-ci devra affronter une grande \u00e9preuve. Mais d\u2019ici l\u00e0, les m\u00e9decins lui ont confi\u00e9 deux missions qui vont amener le jeune homme de 29 ans \u00e0 d\u00e9ambuler dans tout Paris et \u00e0 refaire corps avec les autres et avec lui-m\u00eame. Pr\u00e9sent\u00e9 \u00e0 la Semaine de la Critique au Festival de Cannes en mai dernier, Nino n\u2019est pas pass\u00e9 inaper\u00e7u.<\/p>\n<p>Th\u00e9odore Pellerin (Beau is Afraid) cr\u00e8ve l\u2019\u00e9cran et marque les esprits. Sa performance est remarquable, d\u2019une justesse inou\u00efe. Malgr\u00e9 un sujet lourd, Nino jouit d\u2019une finesse d\u2019\u00e9criture, d\u2019acteurs exceptionnels et d\u2019une grande sensibilit\u00e9. Sans \u00eatre un tire-larmes, le film trouve l\u2019\u00e9quilibre et s\u00e9duit. La presse lui accorde la moyenne de 3,8 sur 5 alors que les spectateurs d\u2019AlloCin\u00e9 sont encore plus touch\u00e9s par le film avec la note de 3,9. \u00c0 voir absolument.<\/p>\n<p> L\u2019int\u00e9r\u00eat d\u2019Adam  <\/p>\n<p>D\u00e9cid\u00e9ment, les h\u00f4pitaux sont \u00e0 l\u2019honneur dans les salles obscures cette semaine. L\u2019int\u00e9r\u00eat d\u2019Adam s\u2019int\u00e9resse \u00e0 une infirmi\u00e8re qui d\u00e9cide de tout mettre en \u0153uvre afin d\u2019aider une jeune m\u00e8re et son fils en d\u00e9tresse, quitte \u00e0 d\u00e9fier sa hi\u00e9rarchie. Sous tension, avec des actrices saisissantes et une mise en sc\u00e8ne aux petits oignons, L\u2019int\u00e9r\u00eat d\u2019Adam est un film \u00e9tonnant et palpitant. La r\u00e9alisatrice Laura Wandel s\u2019impose comme une cin\u00e9aste d\u00e9sormais incontournable.<\/p>\n<blockquote>\n<p class=\"text-base text-neutral-700 dark:text-neutral-300\">\ud83d\udccd Pour ne manquer aucune actualit\u00e9 de Presse-citron, suivez-nous sur <a href=\"https:\/\/news.google.com\/publications\/CAAqBggKMIPiNTC70wU?hl=fr&amp;gl=FR&amp;ceid=FR%3Afr\" target=\"_blank\" rel=\"noopener\">Google Actualit\u00e9s<\/a> et <a href=\"https:\/\/whatsapp.com\/channel\/0029VaCkGuz4NViitBXbEr0b\" target=\"_blank\" rel=\"noopener\">WhatsApp<\/a>.<\/p>\n<\/blockquote>\n","protected":false},"excerpt":{"rendered":"Si vous \u00eates en qu\u00eate d\u2019id\u00e9es pour passer du bon temps ce week-end, nous vous recommandons fortement de&hellip;\n","protected":false},"author":2,"featured_media":403706,"comment_status":"","ping_status":"","sticky":false,"template":"","format":"standard","meta":{"footnotes":""},"categories":[1354],"tags":[58,59,1346,1011,27,3666,1360],"class_list":{"0":"post-403705","1":"post","2":"type-post","3":"status-publish","4":"format-standard","5":"has-post-thumbnail","7":"category-films","8":"tag-divertissement","9":"tag-entertainment","10":"tag-films","11":"tag-fr","12":"tag-france","13":"tag-guide-cine","14":"tag-movies"},"share_on_mastodon":{"url":"https:\/\/pubeurope.com\/@fr\/115234088269752984","error":""},"_links":{"self":[{"href":"https:\/\/www.europesays.com\/fr\/wp-json\/wp\/v2\/posts\/403705","targetHints":{"allow":["GET"]}}],"collection":[{"href":"https:\/\/www.europesays.com\/fr\/wp-json\/wp\/v2\/posts"}],"about":[{"href":"https:\/\/www.europesays.com\/fr\/wp-json\/wp\/v2\/types\/post"}],"author":[{"embeddable":true,"href":"https:\/\/www.europesays.com\/fr\/wp-json\/wp\/v2\/users\/2"}],"replies":[{"embeddable":true,"href":"https:\/\/www.europesays.com\/fr\/wp-json\/wp\/v2\/comments?post=403705"}],"version-history":[{"count":0,"href":"https:\/\/www.europesays.com\/fr\/wp-json\/wp\/v2\/posts\/403705\/revisions"}],"wp:featuredmedia":[{"embeddable":true,"href":"https:\/\/www.europesays.com\/fr\/wp-json\/wp\/v2\/media\/403706"}],"wp:attachment":[{"href":"https:\/\/www.europesays.com\/fr\/wp-json\/wp\/v2\/media?parent=403705"}],"wp:term":[{"taxonomy":"category","embeddable":true,"href":"https:\/\/www.europesays.com\/fr\/wp-json\/wp\/v2\/categories?post=403705"},{"taxonomy":"post_tag","embeddable":true,"href":"https:\/\/www.europesays.com\/fr\/wp-json\/wp\/v2\/tags?post=403705"}],"curies":[{"name":"wp","href":"https:\/\/api.w.org\/{rel}","templated":true}]}}