{"id":403707,"date":"2025-09-20T01:43:11","date_gmt":"2025-09-20T01:43:11","guid":{"rendered":"https:\/\/www.europesays.com\/fr\/403707\/"},"modified":"2025-09-20T01:43:11","modified_gmt":"2025-09-20T01:43:11","slug":"cette-question-du-medecin-ma-marquee-jai-compris-plus-tard-son-importance","status":"publish","type":"post","link":"https:\/\/www.europesays.com\/fr\/403707\/","title":{"rendered":"Cette question du m\u00e9decin m&rsquo;a marqu\u00e9e, j&rsquo;ai compris plus tard son importance"},"content":{"rendered":"<p class=\"mb-4 text-lg md:leading-8 break-words\">Flora, 49 ans aujourd\u2019hui, a \u00e9t\u00e9<a data-i13n=\"cpos:1;pos:1\" href=\"https:\/\/fr.style.yahoo.com\/a-33-ans-quelques-mois-apres-sa-grossesse-elle-decouvre-quelle-a-un-cancer-je-me-disais-quavec-des-enfants-si-petits-un-bebe-meme-ca-ne-pouvait-pas-marriver-082026288.html\" data-ylk=\"slk:diagnostiqu\u00e9e;cpos:1;pos:1;elm:context_link;itc:0;sec:content-canvas;outcm:mb_qualified_link;_E:mb_qualified_link;ct:story;\" class=\"link  yahoo-link\" rel=\"nofollow noopener\" target=\"_blank\"> diagnostiqu\u00e9e<\/a> \u00e0 32 ans d\u2019un <a data-i13n=\"cpos:2;pos:1\" href=\"https:\/\/fr.style.yahoo.com\/leuc%C3%A9mie-chronique-pathologie-souffre-l-085803854.html\" data-ylk=\"slk:cancer du sang;cpos:2;pos:1;elm:context_link;itc:0;sec:content-canvas;outcm:mb_qualified_link;_E:mb_qualified_link;ct:story;\" class=\"link  yahoo-link\" rel=\"nofollow noopener\" target=\"_blank\">cancer du sang<\/a> aussi appel\u00e9 <a data-i13n=\"cpos:3;pos:1\" href=\"https:\/\/fr.news.yahoo.com\/leuc%C3%A9mie-m%C3%A9dicament-exp%C3%A9rimental-sauve-vie-113009801.html\" data-ylk=\"slk:leuc\u00e9mie;cpos:3;pos:1;elm:context_link;itc:0;sec:content-canvas;outcm:mb_qualified_link;_E:mb_qualified_link;ct:story;\" class=\"link  yahoo-link\" rel=\"nofollow noopener\" target=\"_blank\">leuc\u00e9mie<\/a> : \u00ab\u00a0J\u2019ai \u00e9t\u00e9 diagnostiqu\u00e9e pour une leuc\u00e9mie indiff\u00e9renci\u00e9e en 2008. J&rsquo;ai eu des traitements de chimioth\u00e9rapie, puis j&rsquo;ai eu une greffe de moelle osseuse en juin 2009. Mon fr\u00e8re \u00e9tait mon donneur. Suite \u00e0 la greffe, j&rsquo;ai fait un rejet de greffe (de type digestive), qui a \u00e9t\u00e9 trait\u00e9e difficilement par un traitement exp\u00e9rimental. Un an apr\u00e8s la greffe, j&rsquo;ai eu un rejet de greffe (cette fois-ci li\u00e9 au foie), qui a n\u00e9cessit\u00e9 un long traitement. Je suis en r\u00e9mission du cancer depuis ma greffe. Il me reste quelques s\u00e9quelles des traitements de mon cancer : hypertension, insuffisance r\u00e9nale. J&rsquo;ai eu plusieurs complications durement les 3 ans d&rsquo;<a data-i13n=\"cpos:4;pos:1\" href=\"https:\/\/fr.finance.yahoo.com\/actualites\/arr%C3%AAt-maladie-gouvernement-veut-supprimer-160000545.html\" data-ylk=\"slk:arr\u00eats maladie;cpos:4;pos:1;elm:context_link;itc:0;sec:content-canvas;outcm:mb_qualified_link;_E:mb_qualified_link;ct:story;\" class=\"link  yahoo-link\" rel=\"nofollow noopener\" target=\"_blank\">arr\u00eats maladie<\/a> (\u00e0 partir du diagnostic de la leuc\u00e9mie).\u00a0\u00bb<\/p>\n<p>Flora ressent de la col\u00e8re et un sentiment d&rsquo;injustice au moment de son diagnostic<\/p>\n<p class=\"mb-4 text-lg md:leading-8 break-words\">C\u2019est son compagnon de l\u2019\u00e9poque qui tire la sonnette d\u2019alarme : \u00ab\u00a0C\u2019est gr\u00e2ce \u00e0 mon ex petit ami que j&rsquo;ai pris conscience que j&rsquo;avais un probl\u00e8me de sant\u00e9 en mars\/avril 2008. Il avait remarqu\u00e9 que je dormais beaucoup quand je passais le week-end avec lui. Puis j&rsquo;ai commenc\u00e9 \u00e0 \u00eatre fatigu\u00e9e et an\u00e9mi\u00e9e. La moindre activit\u00e9 physique me fatiguait, ce qui m&rsquo;a occasionn\u00e9 quelques courts arr\u00eats maladie au premier semestre 2008. J&rsquo;avais commenc\u00e9 durant l&rsquo;\u00e9t\u00e9 2008 \u00e0 avoir des difficult\u00e9s pour me concentrer au travail. Mon m\u00e9decin traitant m&rsquo;a fait faire de nombreux examens, sans obtenir de r\u00e9sultats et elle a fini par m&rsquo;orienter au d\u00e9but de l&rsquo;\u00e9t\u00e9 vers un h\u00e9matologue \u00e0 l&rsquo;h\u00f4pital Necker. J&rsquo;ai obtenu un rendez-vous pour septembre 2008. Apr\u00e8s conseil aupr\u00e8s de mon m\u00e9decin traitant, j&rsquo;ai avanc\u00e9 le rendez-vous \u00e0 ao\u00fbt 2008. L&rsquo;h\u00e9matologue qui m&rsquo;a re\u00e7u en consultation m&rsquo;a fait faire des bilans sanguins et m&rsquo;a fait hospitaliser en urgence \u00e0 l&rsquo;h\u00f4pital Necker. Cette h\u00e9matologue m&rsquo;avait demand\u00e9 lors de la premi\u00e8re consultation si j&rsquo;avais des fr\u00e8res et des soeurs. Cette question m&rsquo;a marqu\u00e9e, car j&rsquo;ai compris par la suite son importance, pour ma gu\u00e9rison. Les meilleures compatibilit\u00e9s pour les greffes de moelle osseuse sont obtenues avec les fr\u00e8res ou soeurs du patient. Mon fr\u00e8re \u00e9tait avec moi, lorsqu&rsquo;on m&rsquo;a annonc\u00e9 que j&rsquo;avais une leuc\u00e9mie. J&rsquo;\u00e9tais sous le choc et j&rsquo;ai pleur\u00e9 \u00e0 cette annonce. J&rsquo;ai eu peur, j&rsquo;ai ressenti de la col\u00e8re et de l&rsquo;injustice. Lors des premi\u00e8res semaines d&rsquo;hospitalisation, je pensais davantage au travail, aux projets que j&rsquo;avais d\u00fb mettre de c\u00f4t\u00e9. J&rsquo;avais commenc\u00e9 un projet d&rsquo;accompagnement collectif au travail et je sentais que j&rsquo;\u00e9tais entrain de m&rsquo;\u00e9panouir dans ce projet. Par ailleurs, \u00e0 cette \u00e9poque, avant de tomber malade, je faisais beaucoup de danse africaine et j&rsquo;\u00e9tais en meilleure condition physique (plus tonique, plus endurante). Quelle ironie !\u00a0\u00bb<\/p>\n<p>La famille de Flora l&rsquo;aide \u00e0 faire face<\/p>\n<p class=\"mb-4 text-lg md:leading-8 break-words\">Le fr\u00e8re de Flora est son aidant au quotidien : \u00ab\u00a0J&rsquo;ai agi durant ces 3 ans en bon petit soldat et m\u00eame apr\u00e8s. J&rsquo;ai beaucoup pri\u00e9 pour gu\u00e9rir et avoir une chance de mener une vie plus \u00e0 l&rsquo;image de mes r\u00eaves, de mes valeurs. J&rsquo;ai serr\u00e9 les dents et j&rsquo;ai affront\u00e9 les \u00e9preuves du mieux que je pouvais. Mon fr\u00e8re trouvait que j&rsquo;\u00e9tais en mode contr\u00f4le par rapport \u00e0 ma maladie. Malheureusement, la volont\u00e9 ne suffit pas et parfois je devais l\u00e2cher prise sur ce que la maladie me faisait. J&rsquo;ai eu beaucoup de mal \u00e0 accepter \u00e0 certains moments, mon manque d&rsquo;autonomie et le fait de devoir compter sur des soignants ou des proches pour m&rsquo;aider. J&rsquo;ai eu de la chance, j&rsquo;\u00e9tais bien accompagn\u00e9e et soutenue par ma famille et mes amis durant ces \u00e9preuves. Je n&rsquo;ai pas eu de difficult\u00e9 financi\u00e8re. Je suis retourn\u00e9e vivre chez mes parents. J&rsquo;ai pu retrouver mon emploi apr\u00e8s ces 3 ans d&rsquo;arr\u00eat maladie.\u00a0\u00bb<\/p>\n<p class=\"mb-4 text-lg md:leading-8 break-words\">Cette p\u00e9riode de maladie n\u2019emp\u00eache pas Flora de vouloir vivre sa vie : \u00ab\u00a0Mes 3 ans d&rsquo;arr\u00eat maladie, je les ai pass\u00e9s le plus souvent \u00e0 l&rsquo;h\u00f4pital, surtout \u00e0 Necker, dans l&rsquo;une des chambres des soins intensifs du service h\u00e9matologie. Durant cette p\u00e9riode, je me suis accord\u00e9e la possibilit\u00e9 d&rsquo;\u00eatre plus spontan\u00e9e, de vivre vraiment le moment pr\u00e9sent. Je voulais avoir la possibilit\u00e9 de vivre comme tout le monde, m\u00eame en \u00e9tant malade. J&rsquo;ai insist\u00e9 pour maintenir un repas entre un ami, apr\u00e8s avoir re\u00e7u une transfusion. Je me rappelle avoir chant\u00e9 et dans\u00e9 dans la rue avant une biopsie du foie. Ma m\u00e8re voulait que j&rsquo;arr\u00eate de chanter et danser, car elle avait peur qu&rsquo;on me voit faire. La rue \u00e9tait d\u00e9serte et personne d&rsquo;autre ne m&rsquo;a vue. J&rsquo;ai fini la soir\u00e9e hospitalis\u00e9e et op\u00e9r\u00e9e d&rsquo;urgence pour une h\u00e9morragie interne, peut-\u00eatre li\u00e9e \u00e0 ma biopsie et \u00e0 mon second rejet de greffe.\u00a0\u00bb<\/p>\n<p class=\"mb-4 text-lg md:leading-8 break-words\"><strong>Personne n\u2019est \u00e0 l\u2019abri de developper une maladie grave, rare ou \u00e0 vie. Certains et certaines passent presque du jour au lendemain de personne en bonne sant\u00e9 \u00e0 personne malade. Ces personnes doivent apprendre \u00e0 vivre avec la maladie mais aussi \u00e0 s\u2019accepter en tant que personne malade, un processus psychologique rendu parfois compliqu\u00e9 par l\u2019errance m\u00e9dicale. La s\u00e9rie \u00ab\u00a0Malade dans la force de l\u2019\u00e2ge\u00a0\u00bb revient sur ces histoires, des premiers sympt\u00f4mes \u00e0 l\u2019acceptation, en passant par le diagnostic.<\/strong><\/p>\n","protected":false},"excerpt":{"rendered":"Flora, 49 ans aujourd\u2019hui, a \u00e9t\u00e9 diagnostiqu\u00e9e \u00e0 32 ans d\u2019un cancer du sang aussi appel\u00e9 leuc\u00e9mie :&hellip;\n","protected":false},"author":2,"featured_media":403708,"comment_status":"","ping_status":"","sticky":false,"template":"","format":"standard","meta":{"footnotes":""},"categories":[10],"tags":[1764,101,1011,27,53519,53518,72,53517,71],"class_list":{"0":"post-403707","1":"post","2":"type-post","3":"status-publish","4":"format-standard","5":"has-post-thumbnail","7":"category-sante","8":"tag-ans","9":"tag-cancer","10":"tag-fr","11":"tag-france","12":"tag-greffe-de-moelle-osseuse","13":"tag-greffes-de-moelle-osseuse","14":"tag-health","15":"tag-rejet-de-greffe","16":"tag-sante"},"share_on_mastodon":{"url":"https:\/\/pubeurope.com\/@fr\/115234092088092849","error":""},"_links":{"self":[{"href":"https:\/\/www.europesays.com\/fr\/wp-json\/wp\/v2\/posts\/403707","targetHints":{"allow":["GET"]}}],"collection":[{"href":"https:\/\/www.europesays.com\/fr\/wp-json\/wp\/v2\/posts"}],"about":[{"href":"https:\/\/www.europesays.com\/fr\/wp-json\/wp\/v2\/types\/post"}],"author":[{"embeddable":true,"href":"https:\/\/www.europesays.com\/fr\/wp-json\/wp\/v2\/users\/2"}],"replies":[{"embeddable":true,"href":"https:\/\/www.europesays.com\/fr\/wp-json\/wp\/v2\/comments?post=403707"}],"version-history":[{"count":0,"href":"https:\/\/www.europesays.com\/fr\/wp-json\/wp\/v2\/posts\/403707\/revisions"}],"wp:featuredmedia":[{"embeddable":true,"href":"https:\/\/www.europesays.com\/fr\/wp-json\/wp\/v2\/media\/403708"}],"wp:attachment":[{"href":"https:\/\/www.europesays.com\/fr\/wp-json\/wp\/v2\/media?parent=403707"}],"wp:term":[{"taxonomy":"category","embeddable":true,"href":"https:\/\/www.europesays.com\/fr\/wp-json\/wp\/v2\/categories?post=403707"},{"taxonomy":"post_tag","embeddable":true,"href":"https:\/\/www.europesays.com\/fr\/wp-json\/wp\/v2\/tags?post=403707"}],"curies":[{"name":"wp","href":"https:\/\/api.w.org\/{rel}","templated":true}]}}