{"id":403718,"date":"2025-09-20T01:49:11","date_gmt":"2025-09-20T01:49:11","guid":{"rendered":"https:\/\/www.europesays.com\/fr\/403718\/"},"modified":"2025-09-20T01:49:11","modified_gmt":"2025-09-20T01:49:11","slug":"scaf-lallemagne-songerait-a-se-passer-de-la-france-pour-developper-un-avion-de-combat-de-6e-generation-zone-militaire","status":"publish","type":"post","link":"https:\/\/www.europesays.com\/fr\/403718\/","title":{"rendered":"SCAF : L&#039;Allemagne songerait \u00e0 se passer de la France pour d\u00e9velopper un avion de combat de 6e g\u00e9n\u00e9ration &#8211; Zone Militaire"},"content":{"rendered":"<ol>\n<li><a href=\"https:\/\/news.google.com\/rss\/articles\/CBMi1AFBVV95cUxPODllYWlTVzB2RHJYZldyT3luVERyOVduOVN1TXFwSXNKRXRPR29qU1FfdnVFVk9GcEROcnV1RlhjVDBYYW1OTlp5UEhZdmJ1aTBqbEFvb3FyN3RWNVJjbF9rd3kwOUJndFVreXZSMEZ6RVJwR2E5QVljVW5iX1p1dmZVS2QzcHRQSFdma1AweVdWQnZOY01aTmhfZ3A4UW5sZXRxMDlxM1JaRmNKMTkxNldCSzFxd0xLLUFEYVk2N1lUaVVZYXRVU09ZcHdIaTEteHdobA?oc=5\" target=\"_blank\" rel=\"noopener\">SCAF : L&rsquo;Allemagne songerait \u00e0 se passer de la France pour d\u00e9velopper un avion de combat de 6e g\u00e9n\u00e9ration<\/a>&nbsp;&nbsp;Zone Militaire<\/li>\n<li><a href=\"https:\/\/news.google.com\/rss\/articles\/CBMiyAJBVV95cUxQNl9aWklSVnlJQWVNTmFsczU1RGo0WEpoMlNiZWtDM1FVbUh5Wi1CSndMV0xfcnZnaklYLWRIOEFyd0JwRmF3VVBjUFE1VldzaDk2OXdObFVEcXctVi1OcWpBY1BpQXFoQ0MtbzU4ZkVrUWNsYW9Pd3ppX1RtUkkzbDF5d0haX0dSWDhya3lmT1RIcmlpSFZsVjVEWjVmMXppaG5lU2xoWU4tdjVER1llZ28zeTRzQkNsNkdhRVR4SnIxejByZTd0UXpKMjdpSElOZzBiaTNJUU14MEc3OTU1dWJuQTRnSTF4RDhrRDNVellWakUxc3kwUnZ2RXZsOFdPZnRJSTJJczUxVS1xUW1kOHRDakNyYXRaTlZMbmpXRk9hNVp2a0dTclFpTkVOYm5nZ3A5V1RHYWg5bjJVVHJfSlFFRVN5bGIw?oc=5\" target=\"_blank\" rel=\"noopener\">Nouvelle crise dans l&rsquo;avion de combat europ\u00e9en Scaf: l&rsquo;Allemagne en assez des exigences de la France et songerait \u00e0 larguer Paris pour un autre partenaire<\/a>&nbsp;&nbsp;BFMTV<\/li>\n<li><a href=\"https:\/\/news.google.com\/rss\/articles\/CBMibkFVX3lxTFAxOGtBWWFtVDFIVm5Yc3Y5M245OUpIcjFCZ2djTVRfQ3g4MXc5enVWa0xZSzJ0Q19wRUNpMnpiVzBraTJJY05NS0NqYkJzeHpuZ3hKQmVZcGhHS0ZhSzFZTm43VjczOUZJbTRheUF3?oc=5\" target=\"_blank\" rel=\"noopener\">SCAF : l\u2019Allemagne agite ses plans B avec la Su\u00e8de et le Royaume-Uni<\/a>&nbsp;&nbsp;OpexNews<\/li>\n<li><a href=\"https:\/\/news.google.com\/rss\/articles\/CBMizAFBVV95cUxNVmIwWDJCZVNRM3NXcVpHdDlrWXNuMmVnUGM1MGowUU53bUZJSGxWeWJGY2lWNkdwTzdaNkhvRzFjRDVkSVpwdVB4S2tpajIwUzF3UUM4MUM5dzJiN3lPcmpGM3ZFczJ4YlVjTDlmVzEyazJwV19KV2Z5dUZRckk0M0hXcnJpRmJSdU81THJ5dHloZFVFbkpLTjd0VzRLckZobThHdmhMSWhQR2taWjk2dlAzZFozUUFEQ2pxeXdZYVNMSDlBbktMbDNuMmU?oc=5\" target=\"_blank\" rel=\"noopener\">L\u2019Espagne se range du c\u00f4t\u00e9 de Berlin dans le bras de fer avec Paris sur le projet d\u2019avion de combat du futur<\/a>&nbsp;&nbsp;Euractiv FR<\/li>\n<li><a href=\"https:\/\/news.google.com\/rss\/articles\/CBMiuwFBVV95cUxNemZjNTR1UWpybzU5RTR6MEZGY3RocmNpNXdZTnMzSDdVOFhaYU5UdWNHLUprdVJwdHJ3eV8xaFlveWR6RmlvZFhnZWdmb0hiZUg2a0xHRkpLbGpBbUtZMm55a2lEcVFTUkRPMEYydWlfS2RBZWFDUzNjZVdKX29NYnBkTDAyVnozMWpLT2EwLWVtMWQzcUFnVHZKYVVya3ZCaFlSbU8tSkdST3lDbFQ0Q01ZMTdKMVBUTlNz?oc=5\" target=\"_blank\" rel=\"noopener\">L\u2019Allemagne envisage d\u2019\u00e9jecter la France du programme SCAF<\/a>&nbsp;&nbsp;Front Populaire<\/li>\n<\/ol>\n","protected":false},"excerpt":{"rendered":"SCAF : L&rsquo;Allemagne songerait \u00e0 se passer de la France pour d\u00e9velopper un avion de combat de 6e&hellip;\n","protected":false},"author":2,"featured_media":271157,"comment_status":"","ping_status":"","sticky":false,"template":"","format":"standard","meta":{"footnotes":""},"categories":[4],"tags":[11,36,672,53520,123,1011,27,10730,12,25,53521,29284,7199,41062],"class_list":{"0":"post-403718","1":"post","2":"type-post","3":"status-publish","4":"format-standard","5":"has-post-thumbnail","7":"category-france","8":"tag-actualites","9":"tag-airbus","10":"tag-allemagne","11":"tag-dassault-aviaton","12":"tag-espagne","13":"tag-fr","14":"tag-france","15":"tag-gcap","16":"tag-news","17":"tag-republique-francaise","18":"tag-royume-uni","19":"tag-scaf","20":"tag-suede","21":"tag-systeme-de-combat-aerien-du-futur"},"share_on_mastodon":{"url":"https:\/\/pubeurope.com\/@fr\/115234115683690403","error":""},"_links":{"self":[{"href":"https:\/\/www.europesays.com\/fr\/wp-json\/wp\/v2\/posts\/403718","targetHints":{"allow":["GET"]}}],"collection":[{"href":"https:\/\/www.europesays.com\/fr\/wp-json\/wp\/v2\/posts"}],"about":[{"href":"https:\/\/www.europesays.com\/fr\/wp-json\/wp\/v2\/types\/post"}],"author":[{"embeddable":true,"href":"https:\/\/www.europesays.com\/fr\/wp-json\/wp\/v2\/users\/2"}],"replies":[{"embeddable":true,"href":"https:\/\/www.europesays.com\/fr\/wp-json\/wp\/v2\/comments?post=403718"}],"version-history":[{"count":0,"href":"https:\/\/www.europesays.com\/fr\/wp-json\/wp\/v2\/posts\/403718\/revisions"}],"wp:featuredmedia":[{"embeddable":true,"href":"https:\/\/www.europesays.com\/fr\/wp-json\/wp\/v2\/media\/271157"}],"wp:attachment":[{"href":"https:\/\/www.europesays.com\/fr\/wp-json\/wp\/v2\/media?parent=403718"}],"wp:term":[{"taxonomy":"category","embeddable":true,"href":"https:\/\/www.europesays.com\/fr\/wp-json\/wp\/v2\/categories?post=403718"},{"taxonomy":"post_tag","embeddable":true,"href":"https:\/\/www.europesays.com\/fr\/wp-json\/wp\/v2\/tags?post=403718"}],"curies":[{"name":"wp","href":"https:\/\/api.w.org\/{rel}","templated":true}]}}