{"id":403723,"date":"2025-09-20T01:52:16","date_gmt":"2025-09-20T01:52:16","guid":{"rendered":"https:\/\/www.europesays.com\/fr\/403723\/"},"modified":"2025-09-20T01:52:16","modified_gmt":"2025-09-20T01:52:16","slug":"labbaye-notre-dame-de-lure-a-saint-etienne-les-orgues-a-touche-le-gros-lot-avec-le-loto-du-patrimoine","status":"publish","type":"post","link":"https:\/\/www.europesays.com\/fr\/403723\/","title":{"rendered":"L&rsquo;abbaye Notre-Dame de Lure \u00e0 Saint-\u00c9tienne-les-Orgues a touch\u00e9 le gros lot avec le Loto du patrimoine"},"content":{"rendered":"<p>Les miracles ne se produisent pas uniquement \u00e0 Lourdes. Un village des Alpes-de-Haute-Provence vient, en effet, d\u2019\u00eatre touch\u00e9 par la gr\u00e2ce. De voir, alors que sa population n\u2019y croyait plus gu\u00e8re, son monument historique (depuis\u00a01980) retenu parmi les 102 projets d\u00e9partementaux du <a href=\"https:\/\/www.laprovence.com\/article\/region\/55800171710140\/loto-du-patrimoine-6-sites-de-la-region-retenus-parmi-les-102-projets-departementaux\" target=\"_blank\" rel=\"noopener\">Loto du patrimoine<\/a>.<\/p>\n<p>Si la part du divin dans cette s\u00e9lection est difficilement quantifiable, celle de l\u2019homme, en revanche, est incontestable. <a href=\"https:\/\/www.laprovence.com\/article\/papier\/4849682\/saint-etienne-les-orgues-pousse-a-lombre-de-la-montagne-de-lure.html\" target=\"_blank\" rel=\"noopener\">\u00c0 Saint-Etienne-les-Orgues<\/a>, la mobilisation d\u00e9cr\u00e9t\u00e9e par la municipalit\u00e9, pour sauver des enfers Notre-Dame de Lure (ferm\u00e9e au public depuis\u00a02021), a recueilli un soutien sans faille.<\/p>\n<p>Un chantier en deux tranches<\/p>\n<p>\u00ab\u00a0Quand nous avons \u00e9t\u00e9 \u00e9lus en\u00a02020, nous avions, avec le maire Patricia Paul, deux projets d\u2019envergure \u00e0 mener, d\u00e9taille Serge Meola. D\u2019abord, la cr\u00e9ation d\u2019une maison de sant\u00e9 pluridisciplinaire. C\u2019est fait. Ensuite, la restauration de l\u2019abbaye. C\u2019est en cours.\u00a0\u00bb<\/p>\n<p>En cours, car l\u2019\u00e9difice religieux, b\u00e2ti \u00e0 la fin du XIIe\u00a0si\u00e8cle en pleine expansion de <a href=\"https:\/\/fr.wikipedia.org\/wiki\/Ordre_monastique_de_Chalais\" target=\"_blank\" rel=\"noopener\">l\u2019ordre Chalaisien<\/a>, n\u00e9cessite une r\u00e9novation en profondeur. \u00ab\u00a0Le chantier s\u2019articule donc en deux tranches, \u00e0 hauteur chacune de 600\u00a0000\u00a0\u20ac et pour lequel nous avons obtenu des subventions\u00a0\u00bb, poursuit l\u2019\u00e9lu en charge d&#8230;<\/p>\n","protected":false},"excerpt":{"rendered":"Les miracles ne se produisent pas uniquement \u00e0 Lourdes. Un village des Alpes-de-Haute-Provence vient, en effet, d\u2019\u00eatre touch\u00e9&hellip;\n","protected":false},"author":2,"featured_media":403724,"comment_status":"","ping_status":"","sticky":false,"template":"","format":"standard","meta":{"footnotes":""},"categories":[9653],"tags":[17,1111,11,2430,436,1777,674,1011,27,5239,53522,20064,31198,12,1049,25,4001,28718,8066],"class_list":{"0":"post-403723","1":"post","2":"type-post","3":"status-publish","4":"format-standard","5":"has-post-thumbnail","7":"category-saint-etienne","8":"tag-17","9":"tag-actu","10":"tag-actualites","11":"tag-auvergne-rhone-alpes","12":"tag-environnement","13":"tag-eu","14":"tag-europe","15":"tag-fr","16":"tag-france","17":"tag-gros","18":"tag-labbaye","19":"tag-lot","20":"tag-lure","21":"tag-news","22":"tag-notre-dame","23":"tag-republique-francaise","24":"tag-saint-etienne","25":"tag-saint-etienne-les-orgues","26":"tag-touche"},"share_on_mastodon":{"url":"https:\/\/pubeurope.com\/@fr\/115234127558907228","error":""},"_links":{"self":[{"href":"https:\/\/www.europesays.com\/fr\/wp-json\/wp\/v2\/posts\/403723","targetHints":{"allow":["GET"]}}],"collection":[{"href":"https:\/\/www.europesays.com\/fr\/wp-json\/wp\/v2\/posts"}],"about":[{"href":"https:\/\/www.europesays.com\/fr\/wp-json\/wp\/v2\/types\/post"}],"author":[{"embeddable":true,"href":"https:\/\/www.europesays.com\/fr\/wp-json\/wp\/v2\/users\/2"}],"replies":[{"embeddable":true,"href":"https:\/\/www.europesays.com\/fr\/wp-json\/wp\/v2\/comments?post=403723"}],"version-history":[{"count":0,"href":"https:\/\/www.europesays.com\/fr\/wp-json\/wp\/v2\/posts\/403723\/revisions"}],"wp:featuredmedia":[{"embeddable":true,"href":"https:\/\/www.europesays.com\/fr\/wp-json\/wp\/v2\/media\/403724"}],"wp:attachment":[{"href":"https:\/\/www.europesays.com\/fr\/wp-json\/wp\/v2\/media?parent=403723"}],"wp:term":[{"taxonomy":"category","embeddable":true,"href":"https:\/\/www.europesays.com\/fr\/wp-json\/wp\/v2\/categories?post=403723"},{"taxonomy":"post_tag","embeddable":true,"href":"https:\/\/www.europesays.com\/fr\/wp-json\/wp\/v2\/tags?post=403723"}],"curies":[{"name":"wp","href":"https:\/\/api.w.org\/{rel}","templated":true}]}}