{"id":403739,"date":"2025-09-20T02:00:52","date_gmt":"2025-09-20T02:00:52","guid":{"rendered":"https:\/\/www.europesays.com\/fr\/403739\/"},"modified":"2025-09-20T02:00:52","modified_gmt":"2025-09-20T02:00:52","slug":"national-premiere-place-pour-rouen-petit-gachis-pour-versailles-et-sochaux-national-j7-resume","status":"publish","type":"post","link":"https:\/\/www.europesays.com\/fr\/403739\/","title":{"rendered":"National : premi\u00e8re place pour Rouen, petit g\u00e2chis pour Versailles et Sochaux &#8211; National &#8211; J7 &#8211; R\u00e9sum\u00e9"},"content":{"rendered":"<p>Mais quand s\u2019arr\u00eateront-ils ?<\/p>\n<p>H\u00e9 bien ce vendredi, lors de la septi\u00e8me journ\u00e9e de National\u2026 Versailles (le dauphin) a pourtant cru encha\u00eener sa cinqui\u00e8me victoire <a target=\"_blank\" href=\"https:\/\/www.sofoot.com\/breves\/national-sochaux-ralentit-avec-un-nul-contre-caen-versailles-le-rattrape-en-battant-concarneau\" rel=\"nofollow noopener\">en autant de matchs<\/a> sur le terrain d\u2019Aubagne (huiti\u00e8me) gr\u00e2ce \u00e0 la ma\u00eetrise de Shelton Guillaume sur l\u2019ouverture du score, mais <a target=\"_blank\" href=\"https:\/\/twitter.com\/NationalFFF\/status\/1969113943156146437\" rel=\"noopener nofollow\">Karim Chaban a pris un malin plaisir \u00e0 tout faire foirer en seconde p\u00e9riode<\/a>. C\u2019est donc Rouen, vainqueur d\u2019Orl\u00e9ans \u00e0 la suite d\u2019<a target=\"_blank\" href=\"https:\/\/twitter.com\/NationalFFF\/status\/1969111606794604963\" rel=\"noopener nofollow\">une jolie r\u00e9alisation \u00e0 l\u2019instinct d\u2019Idrissa Seydi<\/a>, qui prend la t\u00eate du classement \u00e0 Sochaux. Car les Lionceaux, anciens leaders, ont fait encore pire sur la pelouse de Villefranche Beaujolais (douzi\u00e8me) : l\u2019ex-patron de troisi\u00e8me division a conc\u00e9d\u00e9 une d\u00e9faite inattendue \u00e0 cause d\u2019<a target=\"_blank\" href=\"https:\/\/twitter.com\/NationalFFF\/status\/1969115206358900880\" rel=\"noopener nofollow\">une r\u00e9alisation contest\u00e9e de Babacar Leye<\/a>, et compte d\u00e9sormais un point de retard sur le premier de la classe.<\/p>\n<p>Caen toujours aussi lent<\/p>\n<p>Plus bas, QRM (avant-dernier) a fait une belle op\u00e9ration en allant battre Bourg-en-Bresse (lanterne rouge) \u00e0 l\u2019ext\u00e9rieur : Jordan Leborgne a rapidement profit\u00e9 d\u2019une \u00e9norme boulette d\u00e9fensive adverse pour ouvrir le score, tandis que Kapo Sylva et Achille Anani l\u2019ont ensuite imit\u00e9. De leur c\u00f4t\u00e9, <a target=\"_blank\" href=\"https:\/\/twitter.com\/NationalFFF\/status\/1969099279433081298\" rel=\"noopener nofollow\">Paul Wade et Brown Irabor ont\u00a0offert un pr\u00e9cieux succ\u00e8s<\/a> au Puy (quatorzi\u00e8me) devant Saint-Brieuc (quinzi\u00e8me) malgr\u00e9 <a target=\"_blank\" href=\"https:\/\/twitter.com\/NationalFFF\/status\/1969112668104499657\" rel=\"noopener nofollow\">l\u2019\u00e9galisation \u00e0 l\u2019arrache sign\u00e9e Aimeric Gomis-Maillard<\/a>. Caen, sixi\u00e8me, a quant \u00e0 lui sorti un nul sans tremblement de filet contre Valenciennes (dixi\u00e8me). M\u00eame chose ou presque pour Ch\u00e2teauroux (neuvi\u00e8me) au Paris 13 Atletico (treizi\u00e8me), <a target=\"_blank\" href=\"https:\/\/twitter.com\/NationalFFF\/status\/1969113943156146437\" rel=\"nofollow noopener\">Soumaila Sangar\u00e9 r\u00e9pondant bizarrement<\/a> \u00e0 Lo\u00efck\u00a0Piquionne. Enfin, Fleury (quatri\u00e8me) a d\u00e9go\u00fbt\u00e9 Concarneau (onzi\u00e8me) en raison d\u2019un pion de K\u00e9vin\u00a0Farade inscrit d\u00e8s la sixi\u00e8me minute.<\/p>\n<p>Pas foufou, comme soir\u00e9e.<\/p>\n<p>\u00a0<img decoding=\"async\" loading=\"lazy\" class=\"blason blason-petit\" src=\"https:\/\/www.europesays.com\/fr\/wp-content\/uploads\/2025\/09\/1758333633_934_grande.jpg\"\/> Aubagne 1-1 Versailles <img decoding=\"async\" loading=\"lazy\" class=\"blason blason-petit\" src=\"https:\/\/www.europesays.com\/fr\/wp-content\/uploads\/2025\/08\/1755903862_684_grande.jpg\"\/><\/p>\n<p>Buts : Chaban (72e) pour Aubagne \/\/ Guillaume (22e) pour Versailles<\/p>\n<p>\u00a0<img decoding=\"async\" loading=\"lazy\" class=\"blason blason-petit\" src=\"https:\/\/www.europesays.com\/fr\/wp-content\/uploads\/2025\/08\/1755903859_289_grande.jpg\"\/> Bourg-en-Bresse 0-3 QRM <img decoding=\"async\" loading=\"lazy\" class=\"blason blason-petit\" src=\"https:\/\/www.europesays.com\/fr\/wp-content\/uploads\/2025\/08\/1755903868_176_grande.jpg\"\/><\/p>\n<p>Buts : Leborgne (12e), Sylva (30e) et Anani (72e)<\/p>\n<p>\u00a0<img decoding=\"async\" loading=\"lazy\" class=\"blason blason-petit\" src=\"https:\/\/www.europesays.com\/fr\/wp-content\/uploads\/2025\/04\/1745712670_973_grande.jpg\"\/> Caen 0-0 Valenciennes <img decoding=\"async\" loading=\"lazy\" class=\"blason blason-petit\" src=\"https:\/\/www.europesays.com\/fr\/wp-content\/uploads\/2025\/08\/1755903863_966_grande.jpg\"\/><br \/>\n\u00a0<img decoding=\"async\" loading=\"lazy\" class=\"blason blason-petit\" src=\"https:\/\/www.europesays.com\/fr\/wp-content\/uploads\/2025\/08\/1755903860_295_grande.jpg\"\/> Concarneau 0-1 Fleury <img decoding=\"async\" loading=\"lazy\" class=\"blason blason-petit\" src=\"https:\/\/www.europesays.com\/fr\/wp-content\/uploads\/2025\/08\/1755903865_934_grande.jpg\"\/><\/p>\n<p>But : Farade (6e)\u00a0<\/p>\n<p>\u00a0<img decoding=\"async\" loading=\"lazy\" class=\"blason blason-petit\" src=\"https:\/\/www.sofoot.com\/convert\/2023\/02\/11002328\/1200px-Logo_Paris_13_Atl%C3%A9tico_2020.svg.png\/grande.jpg\"\/> Paris 13 Atletico 1-1 Ch\u00e2teauroux <img decoding=\"async\" loading=\"lazy\" class=\"blason blason-petit\" src=\"https:\/\/www.europesays.com\/fr\/wp-content\/uploads\/2025\/08\/1755903862_745_grande.jpg\"\/><\/p>\n<p>Buts : Sangar\u00e9 (72e) pour Paris 13 Atletico \/\/ Piquionne (24e) pour Ch\u00e2teauroux<\/p>\n<p>\u00a0<img decoding=\"async\" loading=\"lazy\" class=\"blason blason-petit\" src=\"https:\/\/www.europesays.com\/fr\/wp-content\/uploads\/2025\/08\/1755903866_289_grande.jpg\"\/> Rouen 1-0 Orl\u00e9ans <img decoding=\"async\" loading=\"lazy\" class=\"blason blason-petit\" src=\"https:\/\/www.europesays.com\/fr\/wp-content\/uploads\/2025\/08\/1755903863_8_grande.jpg\"\/><\/p>\n<p>But : Seydi (56e)<\/p>\n<p>Saint-Brieuc 1-2 Le Puy <img decoding=\"async\" loading=\"lazy\" class=\"blason blason-petit\" src=\"https:\/\/www.europesays.com\/fr\/wp-content\/uploads\/2025\/08\/1755903862_967_grande.jpg\"\/><\/p>\n<p>Buts : Gomis-Maillard (56e) pour Saint-Brieuc \/\/ Wade (26e) et Irabor (65e) pour Le Puy<\/p>\n<p>\u00a0<img decoding=\"async\" loading=\"lazy\" class=\"blason blason-petit\" src=\"https:\/\/www.europesays.com\/fr\/wp-content\/uploads\/2025\/08\/1755903868_425_grande.jpg\"\/> Villefranche Beaujolais 1-0 Sochaux <img decoding=\"async\" loading=\"lazy\" class=\"blason blason-petit\" src=\"https:\/\/www.europesays.com\/fr\/wp-content\/uploads\/2025\/08\/1755903867_774_grande.jpg\"\/><\/p>\n<p>But : Leye (74e)<\/p>\n<p>\t\t\t\t\t\t\t\t\t\t<a class=\"lien-connexe\" href=\"https:\/\/www.sofoot.com\/breves\/national-sochaux-ralentit-avec-un-nul-contre-caen-versailles-le-rattrape-en-battant-concarneau\" rel=\"nofollow noopener\" target=\"_blank\">National\u202f: Sochaux ralentit, Versailles le rattrape<\/a>\t\t\t\t\t<script async src=\"https:\/\/platform.twitter.com\/widgets.js\" charset=\"utf-8\"><\/script><\/p>\n","protected":false},"excerpt":{"rendered":"Mais quand s\u2019arr\u00eateront-ils ? H\u00e9 bien ce vendredi, lors de la septi\u00e8me journ\u00e9e de National\u2026 Versailles (le dauphin)&hellip;\n","protected":false},"author":2,"featured_media":403740,"comment_status":"","ping_status":"","sticky":false,"template":"","format":"standard","meta":{"footnotes":""},"categories":[9587],"tags":[1111,47,11,61,69,65,64,1777,674,63,1011,27,68,66,12,62,5161,70,25,9590,67],"class_list":{"0":"post-403739","1":"post","2":"type-post","3":"status-publish","4":"format-standard","5":"has-post-thumbnail","7":"category-rouen","8":"tag-actu","9":"tag-actualite","10":"tag-actualites","11":"tag-actus-football","12":"tag-bundesliga","13":"tag-championnats-europeens","14":"tag-equipe-de-france","15":"tag-eu","16":"tag-europe","17":"tag-football","18":"tag-fr","19":"tag-france","20":"tag-ligua","21":"tag-ligue-1","22":"tag-news","23":"tag-news-foot","24":"tag-normandie","25":"tag-premier-league","26":"tag-republique-francaise","27":"tag-rouen","28":"tag-serie-a"},"share_on_mastodon":{"url":"https:\/\/pubeurope.com\/@fr\/115234163247654558","error":""},"_links":{"self":[{"href":"https:\/\/www.europesays.com\/fr\/wp-json\/wp\/v2\/posts\/403739","targetHints":{"allow":["GET"]}}],"collection":[{"href":"https:\/\/www.europesays.com\/fr\/wp-json\/wp\/v2\/posts"}],"about":[{"href":"https:\/\/www.europesays.com\/fr\/wp-json\/wp\/v2\/types\/post"}],"author":[{"embeddable":true,"href":"https:\/\/www.europesays.com\/fr\/wp-json\/wp\/v2\/users\/2"}],"replies":[{"embeddable":true,"href":"https:\/\/www.europesays.com\/fr\/wp-json\/wp\/v2\/comments?post=403739"}],"version-history":[{"count":0,"href":"https:\/\/www.europesays.com\/fr\/wp-json\/wp\/v2\/posts\/403739\/revisions"}],"wp:featuredmedia":[{"embeddable":true,"href":"https:\/\/www.europesays.com\/fr\/wp-json\/wp\/v2\/media\/403740"}],"wp:attachment":[{"href":"https:\/\/www.europesays.com\/fr\/wp-json\/wp\/v2\/media?parent=403739"}],"wp:term":[{"taxonomy":"category","embeddable":true,"href":"https:\/\/www.europesays.com\/fr\/wp-json\/wp\/v2\/categories?post=403739"},{"taxonomy":"post_tag","embeddable":true,"href":"https:\/\/www.europesays.com\/fr\/wp-json\/wp\/v2\/tags?post=403739"}],"curies":[{"name":"wp","href":"https:\/\/api.w.org\/{rel}","templated":true}]}}