{"id":403746,"date":"2025-09-20T02:06:17","date_gmt":"2025-09-20T02:06:17","guid":{"rendered":"https:\/\/www.europesays.com\/fr\/403746\/"},"modified":"2025-09-20T02:06:17","modified_gmt":"2025-09-20T02:06:17","slug":"le-point-sur-leffectif-avant-paris-fc-strasbourg-alsasports","status":"publish","type":"post","link":"https:\/\/www.europesays.com\/fr\/403746\/","title":{"rendered":"Le point sur l&rsquo;effectif avant Paris FC &#8211; Strasbourg ! \u2014 Alsa&rsquo;Sports"},"content":{"rendered":"<p><strong>Liam Rosenior a donn\u00e9 des nouvelles ce vendredi de l\u2019effectif du Racing avant le d\u00e9placement \u00e0 Paris dimanche. Avec plusieurs retours. <\/strong><\/p>\n<p>Le Racing se d\u00e9place \u00e0 Paris ce dimanche pour y affronter le pensionnaire du stade Jean Bouin. Face au Paris FC, Liam Rosenior pourra compter sur les retours de plusieurs joueurs, comme il l\u2019a annonc\u00e9 ce vendredi en conf\u00e9rence de presse d\u2019avant match : Emanuel Emegha, Gu\u00e9la Dou\u00e9 et Andrew Omobamidele. En revanche, Julio Enciso, Sebastian Nanasi, Abakar Sylla et Maximillian Oyedele sont forfaits. Avec trois succ\u00e8s en quatre journ\u00e9es de championnat, Strasbourg veut poursuivre sur sa lanc\u00e9e avant deux rendez-vous majeurs : la r\u00e9ception de l\u2019Olympique de Marseille (vendredi 26\/09 \u2013 20h45) et le premier d\u00e9placement europ\u00e9en \u00e0 Bratislava (jeudi 02\/10 \u2013 21h). <\/p>\n","protected":false},"excerpt":{"rendered":"Liam Rosenior a donn\u00e9 des nouvelles ce vendredi de l\u2019effectif du Racing avant le d\u00e9placement \u00e0 Paris dimanche.&hellip;\n","protected":false},"author":2,"featured_media":403747,"comment_status":"","ping_status":"","sticky":false,"template":"","format":"standard","meta":{"footnotes":""},"categories":[2820],"tags":[1111,11,1777,674,63,1011,27,775,12,4448,25,640],"class_list":{"0":"post-403746","1":"post","2":"type-post","3":"status-publish","4":"format-standard","5":"has-post-thumbnail","7":"category-strasbourg","8":"tag-actu","9":"tag-actualites","10":"tag-eu","11":"tag-europe","12":"tag-football","13":"tag-fr","14":"tag-france","15":"tag-grand-est","16":"tag-news","17":"tag-rc-strasbourg","18":"tag-republique-francaise","19":"tag-strasbourg"},"share_on_mastodon":{"url":"https:\/\/pubeurope.com\/@fr\/115234182599328333","error":""},"_links":{"self":[{"href":"https:\/\/www.europesays.com\/fr\/wp-json\/wp\/v2\/posts\/403746","targetHints":{"allow":["GET"]}}],"collection":[{"href":"https:\/\/www.europesays.com\/fr\/wp-json\/wp\/v2\/posts"}],"about":[{"href":"https:\/\/www.europesays.com\/fr\/wp-json\/wp\/v2\/types\/post"}],"author":[{"embeddable":true,"href":"https:\/\/www.europesays.com\/fr\/wp-json\/wp\/v2\/users\/2"}],"replies":[{"embeddable":true,"href":"https:\/\/www.europesays.com\/fr\/wp-json\/wp\/v2\/comments?post=403746"}],"version-history":[{"count":0,"href":"https:\/\/www.europesays.com\/fr\/wp-json\/wp\/v2\/posts\/403746\/revisions"}],"wp:featuredmedia":[{"embeddable":true,"href":"https:\/\/www.europesays.com\/fr\/wp-json\/wp\/v2\/media\/403747"}],"wp:attachment":[{"href":"https:\/\/www.europesays.com\/fr\/wp-json\/wp\/v2\/media?parent=403746"}],"wp:term":[{"taxonomy":"category","embeddable":true,"href":"https:\/\/www.europesays.com\/fr\/wp-json\/wp\/v2\/categories?post=403746"},{"taxonomy":"post_tag","embeddable":true,"href":"https:\/\/www.europesays.com\/fr\/wp-json\/wp\/v2\/tags?post=403746"}],"curies":[{"name":"wp","href":"https:\/\/api.w.org\/{rel}","templated":true}]}}