{"id":403768,"date":"2025-09-20T02:17:11","date_gmt":"2025-09-20T02:17:11","guid":{"rendered":"https:\/\/www.europesays.com\/fr\/403768\/"},"modified":"2025-09-20T02:17:11","modified_gmt":"2025-09-20T02:17:11","slug":"on-senvole-au-prado-avec-la-fete-du-vent","status":"publish","type":"post","link":"https:\/\/www.europesays.com\/fr\/403768\/","title":{"rendered":"On s&rsquo;envole au Prado avec la F\u00eate du vent !"},"content":{"rendered":"<p>D\u2019immenses baleines qui voguent, des m\u00e9duses \u00e9tincelantes qui dansent\u2026 Ce week-end, les cerfs-volants coloreront le ciel marseillais pour la 39e \u00e9dition de la <a href=\"https:\/\/www.laprovence.com\/videos\/marseille-la-38e-fte-du-vent-prend-des-airs-d-indonsie\/1726940948025\" target=\"_blank\" rel=\"noopener\">F\u00eate du Vent<\/a>. Venus d\u2019Alg\u00e9rie, d\u2019Espagne, d\u2019Italie, de Turquie, du Liban et de Tunisie, 120 cerfs-volistes feront d\u00e9coller leurs voiles au-dessus des <a href=\"https:\/\/www.laprovence.com\/article\/ecoplanete\/1279413898874214\/delta-festival-au-prado-a-marseille-cela-impacte-les-baigneurs-les-riverains-et-lenvironnement\" target=\"_blank\" rel=\"noopener\">plages du Prado<\/a> (8e). Cr\u00e9\u00e9 par Jean-Pierre Ollive en\u00a01986, le festival international du cerf-volant de Marseille rassemble, chaque ann\u00e9e, de nombreux artistes et champions internationaux de cerf-volant acrobatique.<\/p>\n<p>Des cerfs-volants po\u00e9tiques et des ateliers en famille<\/p>\n<p>Port\u00e9e par la Ville, la F\u00eate du vent prend cette ann\u00e9e pour th\u00e8me la M\u00e9diterran\u00e9e. Autre temps fort, l\u2019accrochage des \u0153uvres de Claude Comallonga autant de cerfs-volants artistiques r\u00e9alis\u00e9s \u00e0 base de v\u00e9g\u00e9taux (ch\u00e2taignier, ficus, albizia\u2026) puis trait\u00e9s \u00e0 la soude pour les transformer en papier. <a href=\"https:\/\/www.laprovence.com\/article\/edition-marseille\/4328263\/la-culture-chinoise-sexpose-sur-la-canebiere.html\" target=\"_blank\" rel=\"noopener\">L\u2019association \u00ab\u00a0Amiti\u00e9 Provence Chine\u00a0\u00bb<\/a> proposera son exposition \u00ab\u00a0La mer s\u2019envole\u00a0\u00bb du 16 au 28\u00a0septembre\u00a02024 \u00e0 la <a href=\"https:\/\/www.laprovence.com\/auteurs\/pq10wx06-myrtille-mayaud-dequero\" target=\"_blank\" rel=\"noopener\">biblioth\u00e8que l\u2019Alcazar<\/a> avec la participation de Fran\u00e7oise Tirribillot, commissaire de l\u2019exposition et de Jean-Pierre Ollive, conseiller technique.<\/p>\n<p>Des ateliers en famille rythmeront le week-end, avec fabrication de cerfs-volants le samedi de 13h30 \u00e0 17h30 et le dimanche de 10h \u00e0 12h et de 13h \u00e0 18h. Pour les enfants, un parcours entre les sculptures \u00e9oliennes et bancs de poissons volants dans les jardins du vent est am\u00e9nag\u00e9. Les plus curieux se rendront au lancement de l\u2019\u00c9cole de pilotage\u00a0: des cours d\u00e9di\u00e9s au cerf-volant acrobatique et \u00e0 une pr\u00e9sentation du vol libre en parapente. L\u2019occasion de d\u00e9couvrir les pirouettes et acrobaties de ces maestros du ciel.<\/p>\n<p>Sur les plages du Prado (8e), samedi et dimanche de 10h \u00e0 18h.<\/p>\n","protected":false},"excerpt":{"rendered":"D\u2019immenses baleines qui voguent, des m\u00e9duses \u00e9tincelantes qui dansent\u2026 Ce week-end, les cerfs-volants coloreront le ciel marseillais pour&hellip;\n","protected":false},"author":2,"featured_media":403769,"comment_status":"","ping_status":"","sticky":false,"template":"","format":"standard","meta":{"footnotes":""},"categories":[2814],"tags":[17,1111,11,3396,42788,1777,674,4768,1011,27,151,2831,884,12,8302,13098,882,25,7919],"class_list":{"0":"post-403768","1":"post","2":"type-post","3":"status-publish","4":"format-standard","5":"has-post-thumbnail","7":"category-marseille","8":"tag-17","9":"tag-actu","10":"tag-actualites","11":"tag-avec","12":"tag-decollent","13":"tag-eu","14":"tag-europe","15":"tag-fete","16":"tag-fr","17":"tag-france","18":"tag-les","19":"tag-loisirs-traditions","20":"tag-marseille","21":"tag-news","22":"tag-plages","23":"tag-prado","24":"tag-provence-alpes-cote-dazur","25":"tag-republique-francaise","26":"tag-vent"},"share_on_mastodon":{"url":"https:\/\/pubeurope.com\/@fr\/115234225819625184","error":""},"_links":{"self":[{"href":"https:\/\/www.europesays.com\/fr\/wp-json\/wp\/v2\/posts\/403768","targetHints":{"allow":["GET"]}}],"collection":[{"href":"https:\/\/www.europesays.com\/fr\/wp-json\/wp\/v2\/posts"}],"about":[{"href":"https:\/\/www.europesays.com\/fr\/wp-json\/wp\/v2\/types\/post"}],"author":[{"embeddable":true,"href":"https:\/\/www.europesays.com\/fr\/wp-json\/wp\/v2\/users\/2"}],"replies":[{"embeddable":true,"href":"https:\/\/www.europesays.com\/fr\/wp-json\/wp\/v2\/comments?post=403768"}],"version-history":[{"count":0,"href":"https:\/\/www.europesays.com\/fr\/wp-json\/wp\/v2\/posts\/403768\/revisions"}],"wp:featuredmedia":[{"embeddable":true,"href":"https:\/\/www.europesays.com\/fr\/wp-json\/wp\/v2\/media\/403769"}],"wp:attachment":[{"href":"https:\/\/www.europesays.com\/fr\/wp-json\/wp\/v2\/media?parent=403768"}],"wp:term":[{"taxonomy":"category","embeddable":true,"href":"https:\/\/www.europesays.com\/fr\/wp-json\/wp\/v2\/categories?post=403768"},{"taxonomy":"post_tag","embeddable":true,"href":"https:\/\/www.europesays.com\/fr\/wp-json\/wp\/v2\/tags?post=403768"}],"curies":[{"name":"wp","href":"https:\/\/api.w.org\/{rel}","templated":true}]}}