{"id":403778,"date":"2025-09-20T02:23:11","date_gmt":"2025-09-20T02:23:11","guid":{"rendered":"https:\/\/www.europesays.com\/fr\/403778\/"},"modified":"2025-09-20T02:23:11","modified_gmt":"2025-09-20T02:23:11","slug":"premier-main-event-reussi-pour-paul-dena-au-zenith-de-paris","status":"publish","type":"post","link":"https:\/\/www.europesays.com\/fr\/403778\/","title":{"rendered":"premier main event r\u00e9ussi pour Paul Dena au Z\u00e9nith de Paris"},"content":{"rendered":"<p>Pour son premier \u00abmain event\u00bb en professionnel, \u00e0 l\u2019Hexagone MMA 34, l\u2019\u00e9toile montante de la discipline en France Paul Dena (23 ans), a mis le feu au Z\u00e9nith de Paris en remportant son combat face \u00e0 Daniel David Komar.<\/p>\n<p class=\"fig-paragraph\">Au Z\u00e9nith de Paris<\/p>\n<p class=\"fig-paragraph\">\u00abJe ne veux pas d\u00e9cevoir le public du z\u00e9nith de Paris.\u00bb Chose promise, chose due. Apr\u00e8s ses grands d\u00e9buts en pro r\u00e9ussi face \u00e0 Sabir Talmoust, le jeune combattant fran\u00e7ais<a href=\"http:\/\/www.lefigaro.fr\/sports\/mma\/mma-on-n-arrive-pas-a-l-ufc-du-jour-au-lendemain-paul-dena-l-un-des-nouveaux-visages-de-la-discipline-en-france-se-confie-au-figaro-20250918\" target=\"_blank\" data-fig-type=\"NewsFlash\" rel=\"nofollow noopener\" data-gtm-custom-categorie=\"navigation\" data-gtm-custom-action=\"crossclick\" data-gtm-custom-label=\"Contextuel\" data-gtm-event=\"customEventSPE\" data-fig-domain=\"LEFIGARO\">\u00a0Paul Dena<\/a>\u00a0(23 ans) \u00e9tait la t\u00eate d\u2019affiche de\u00a0<a href=\"http:\/\/www.lefigaro.fr\/sports\/mma\/mma-hexagone-annonce-un-double-championnat-du-monde-feminin-20220808\" target=\"_blank\" data-fig-type=\"NewsFlash\" rel=\"nofollow noopener\" data-gtm-custom-categorie=\"navigation\" data-gtm-custom-action=\"crossclick\" data-gtm-custom-label=\"Contextuel\" data-gtm-event=\"customEventSPE\" data-fig-domain=\"LEFIGARO\">l\u2019Hexagone MMA 34<\/a>\u00a0pour seulement son deuxi\u00e8me combat chez les professionnels\u2026 du jamais vu dans ce sport en France.<\/p>\n<p>                                    <a class=\"fig-a11y-skip a11y-hidden\" href=\"#fig-a11y-skip-main-inarticle\"><br \/>\n        Passer la publicit\u00e9<br \/>\n    <\/a><\/p>\n<p class=\"fig-paragraph\">Devant un Z\u00e9nith de Paris en incandescence, le Rennais a directement pris l\u2019ascendance face au Hongrois, Daniel David Komar, dans le premier round et a r\u00e9ussi \u00e0 terminer le combat avant la fin de la premi\u00e8re reprise comme il l\u2019avait annonc\u00e9.<\/p>\n<p class=\"fig-paragraph\">\u00abC\u2019\u00e9tait dur de passer par le cutting (perdre des poids), il y avait beaucoup de pression pour ce main event alors que c\u2019est seulement encore mes d\u00e9buts\u00bb, a confi\u00e9 Paul Dena apr\u00e8s le combat.<\/p>\n<blockquote class=\"fig-quote&#10;    \">\n<p class=\"fig-quote__text\">Je veux cr\u00e9er une rivalit\u00e9 avec Anzor Baybatyrov<\/p>\n<p>            Paul Dena\n    <\/p><\/blockquote>\n<p class=\"fig-paragraph\">Le prochain objectif pour le Rennais est clair\u00a0: \u00abJe veux cr\u00e9er une rivalit\u00e9 avec Anzor Baybatyrov, j\u2019ai que \u00e7a en t\u00eate\u00a0! Une date\u00a0? Pas forc\u00e9ment tout de suite, mais en 2026 absolument.\u00bb<\/p>\n<p class=\"fig-body-link\">\n            \u00c0 lire aussi<br \/>\n        <a class=\"fig-body-link__link\" href=\"http:\/\/www.lefigaro.fr\/sports\/mma\/mma-on-n-arrive-pas-a-l-ufc-du-jour-au-lendemain-paul-dena-l-un-des-nouveaux-visages-de-la-discipline-en-france-se-confie-au-figaro-20250918\" target=\"_blank\" data-fig-type=\"NewsFlash\" rel=\"nofollow noopener\" data-gtm-custom-categorie=\"navigation\" data-gtm-custom-action=\"crossclick\" data-gtm-custom-label=\"Contextuel\" data-gtm-event=\"customEventSPE\" data-fig-domain=\"LEFIGARO\">MMA\u00a0: \u00abOn n\u2019arrive pas \u00e0 l\u2019UFC du jour au lendemain\u00bb, Paul Dena, l\u2019un des nouveaux visages de la discipline en France, se confie au Figaro<br \/>\n    <\/a>\n<\/p>\n<p class=\"fig-paragraph\">Une nouvelle \u00e9tape de franchie pour l\u2019\u00e9toile montante de la MMA en France avant peut-\u00eatre de jouer la ceinture\u00a0? \u00abOn verra, je continue \u00e9tape par \u00e9tape\u00bb, dixit Dena, celui qui pourtant grille les \u00e9chelons comme on ne l\u2019avait jamais vu auparavant.<\/p>\n","protected":false},"excerpt":{"rendered":"Pour son premier \u00abmain event\u00bb en professionnel, \u00e0 l\u2019Hexagone MMA 34, l\u2019\u00e9toile montante de la discipline en France&hellip;\n","protected":false},"author":2,"featured_media":403779,"comment_status":"","ping_status":"","sticky":false,"template":"","format":"standard","meta":{"footnotes":""},"categories":[1888],"tags":[1111,1928,11,1927,1777,674,1011,27,1847,12,1926,626,1925,25,28506],"class_list":{"0":"post-403778","1":"post","2":"type-post","3":"status-publish","4":"format-standard","5":"has-post-thumbnail","7":"category-paris","8":"tag-actu","9":"tag-actu-paris","10":"tag-actualites","11":"tag-actualites-paris","12":"tag-eu","13":"tag-europe","14":"tag-fr","15":"tag-france","16":"tag-mma","17":"tag-news","18":"tag-news-paris","19":"tag-paris","20":"tag-paris-news","21":"tag-republique-francaise","22":"tag-zenith-de-paris"},"share_on_mastodon":{"url":"https:\/\/pubeurope.com\/@fr\/115234249358959374","error":""},"_links":{"self":[{"href":"https:\/\/www.europesays.com\/fr\/wp-json\/wp\/v2\/posts\/403778","targetHints":{"allow":["GET"]}}],"collection":[{"href":"https:\/\/www.europesays.com\/fr\/wp-json\/wp\/v2\/posts"}],"about":[{"href":"https:\/\/www.europesays.com\/fr\/wp-json\/wp\/v2\/types\/post"}],"author":[{"embeddable":true,"href":"https:\/\/www.europesays.com\/fr\/wp-json\/wp\/v2\/users\/2"}],"replies":[{"embeddable":true,"href":"https:\/\/www.europesays.com\/fr\/wp-json\/wp\/v2\/comments?post=403778"}],"version-history":[{"count":0,"href":"https:\/\/www.europesays.com\/fr\/wp-json\/wp\/v2\/posts\/403778\/revisions"}],"wp:featuredmedia":[{"embeddable":true,"href":"https:\/\/www.europesays.com\/fr\/wp-json\/wp\/v2\/media\/403779"}],"wp:attachment":[{"href":"https:\/\/www.europesays.com\/fr\/wp-json\/wp\/v2\/media?parent=403778"}],"wp:term":[{"taxonomy":"category","embeddable":true,"href":"https:\/\/www.europesays.com\/fr\/wp-json\/wp\/v2\/categories?post=403778"},{"taxonomy":"post_tag","embeddable":true,"href":"https:\/\/www.europesays.com\/fr\/wp-json\/wp\/v2\/tags?post=403778"}],"curies":[{"name":"wp","href":"https:\/\/api.w.org\/{rel}","templated":true}]}}