{"id":403805,"date":"2025-09-20T02:41:11","date_gmt":"2025-09-20T02:41:11","guid":{"rendered":"https:\/\/www.europesays.com\/fr\/403805\/"},"modified":"2025-09-20T02:41:11","modified_gmt":"2025-09-20T02:41:11","slug":"les-confidences-de-lex-champion-de-tennis-bjorn-borg","status":"publish","type":"post","link":"https:\/\/www.europesays.com\/fr\/403805\/","title":{"rendered":"les confidences de l\u2019ex-champion de tennis Bj\u00f6rn Borg"},"content":{"rendered":"<p><strong>VU D\u2019AILLEURS &#8211;<\/strong> Dans une autobiographie publi\u00e9e jeudi 18 septembre, le l\u00e9gendaire Su\u00e9dois revient sur son addiction \u00e0 la coca\u00efne et son cancer de la prostate. Entretien.<\/p>\n<p class=\"fig-paragraph\">Par Emanuela Audisio (La Repubblica)<\/p>\n<p class=\"fig-paragraph\">\u00ab IceBorg\u00a0\u00bb s\u2019est adouci. Il appara\u00eet chaleureux, amical, accessible. V\u00eatu d\u2019un pantalon et d\u2019un pull bleus sans marque, les cheveux blancs, il arrive en avance ce mardi de fin ao\u00fbt au si\u00e8ge de Norstedts F\u00f6rlag, la plus ancienne maison d\u2019\u00e9dition de Su\u00e8de. Par courtoisie, il propose le si\u00e8ge avec la plus belle vue. Il est accompagn\u00e9 de sa femme Patricia\u00a0: une cascade de cheveux blonds, un sourire \u00e9clatant. Borg en bref\u00a0: 69 ans, trois mariages, deux enfants. Borg en chiffres\u00a0: 11 titres du Grand Chelem, dont 6\u00a0<a href=\"http:\/\/www.lefigaro.fr\/sports\/tennis\/roland-garros\/pourquoi-roland-garros-doit-conserver-les-juges-de-ligne-20240604\" target=\"_blank\" data-fig-type=\"Article\" rel=\"noopener nofollow\" data-gtm-custom-categorie=\"navigation\" data-gtm-custom-action=\"crossclick\" data-gtm-custom-label=\"Contextuel\" data-gtm-event=\"customEventSPE\" data-fig-domain=\"LEFIGARO\">Roland-Garros<\/a>\u00a0et 5 Wimbledon cons\u00e9cutifs.<\/p>\n<p class=\"fig-paragraph\">Ce que les Beatles ont accompli en musique, il l\u2019a r\u00e9alis\u00e9 dans le sport\u00a0: une r\u00e9volution. Il a s\u00e9duit le monde, impos\u00e9 un style, introduit le top-spin et le revers \u00e0 deux mains, il a domin\u00e9, transform\u00e9 le tennis et l\u2019a rendu populaire. Puis, \u00e0 seulement 26 ans, il s\u2019est retir\u00e9. Son nom est l\u2019un des plus c\u00e9l\u00e8bres de Su\u00e8de,\u00a0<a href=\"https:\/\/www.lefigaro.fr\/musique\/voulez-vous-voir-abba-comme-en-1977-20220530\" target=\"_blank\" data-fig-type=\"Article\" rel=\"noopener nofollow\" data-gtm-custom-categorie=\"navigation\" data-gtm-custom-action=\"crossclick\" data-gtm-custom-label=\"Contextuel\" data-gtm-event=\"customEventSPE\" data-fig-domain=\"LEFIGARO\">aux c\u00f4t\u00e9s d\u2019Abba<\/a>, d\u2019Ingemar Stenmark ou d\u2019Ikea. Ic\u00f4ne sexy\u2026<\/p>\n<p class=\"fig-premium-paywall__infos\">\n        Cet article est r\u00e9serv\u00e9 aux abonn\u00e9s.        Il vous reste 94% \u00e0 d\u00e9couvrir.\n    <\/p>\n<p>                <img  data- alt=\"Le Figaro\" class=\"fig-img--complete fig-img\"\/><\/p>\n<p class=\"fig-premium-paywall__title\">Vous avez envie de lire la suite ?<\/p>\n<p class=\"fig-premium-paywall__subtitle\">D\u00e9bloquez tous les articles imm\u00e9diatement.<\/p>\n<p class=\"fig-premium-paywall__connect\">\n                D\u00e9j\u00e0 abonn\u00e9\u00a0?                <a class=\"fig-premium-paywall__connect-link\" href=\"https:\/\/connect.lefigaro.fr\/login?client=horizon_web&amp;type=main&amp;redirect_uri=https%3A%2F%2Fwww.lefigaro.fr%2Fsports%2Ftennis%2Fce-n-etait-pas-le-jeu-qui-etait-brise-c-etait-moi-les-confidences-de-l-ex-champion-de-tennis-bjoern-borg-20250919\" data-js-gtm=\"{&quot;customCategorie&quot;: &quot;conversion&quot;, &quot;customAction&quot;: &quot;before_Landing_Connexion_paywall_auto&quot;, &quot;customLabel&quot;: &quot;bGVmaWdhcm8uZnJfXzFmMDk1NjNjLTAwOWItNjA1ZS1hNmMxLTVmNTc2ZDQwZjU2ZF9fQXJ0aWNsZQ==_\u00abCe n\u2019\u00e9tait pas le jeu qui \u00e9tait bris\u00e9, c\u2019\u00e9tait moi\u00bb\u00a0: les confidences de l\u2019ex-champion de tennis Bj\u00f6rn Borg_388&quot;, &quot;customIDSPE&quot;: &quot;bGVmaWdhcm8uZnJfXzFmMDk1NjNjLTAwOWItNjA1ZS1hNmMxLTVmNTc2ZDQwZjU2ZF9fQXJ0aWNsZQ==&quot;, &quot;event&quot;: &quot;customEventSPE&quot;}\" rel=\"nofollow noopener\" target=\"_blank\"><br \/>\n                    Connectez-vous<br \/>\n                <\/a>\n            <\/p>\n","protected":false},"excerpt":{"rendered":"VU D\u2019AILLEURS &#8211; Dans une autobiographie publi\u00e9e jeudi 18 septembre, le l\u00e9gendaire Su\u00e9dois revient sur son addiction \u00e0&hellip;\n","protected":false},"author":2,"featured_media":403806,"comment_status":"","ping_status":"","sticky":false,"template":"","format":"standard","meta":{"footnotes":""},"categories":[1415],"tags":[1011,27,22398,4171,60,1467,4172],"class_list":{"0":"post-403805","1":"post","2":"type-post","3":"status-publish","4":"format-standard","5":"has-post-thumbnail","7":"category-tennis","8":"tag-fr","9":"tag-france","10":"tag-lena","11":"tag-roland-garros","12":"tag-sports","13":"tag-tennis","14":"tag-us-open"},"share_on_mastodon":{"url":"https:\/\/pubeurope.com\/@fr\/115234320049753885","error":""},"_links":{"self":[{"href":"https:\/\/www.europesays.com\/fr\/wp-json\/wp\/v2\/posts\/403805","targetHints":{"allow":["GET"]}}],"collection":[{"href":"https:\/\/www.europesays.com\/fr\/wp-json\/wp\/v2\/posts"}],"about":[{"href":"https:\/\/www.europesays.com\/fr\/wp-json\/wp\/v2\/types\/post"}],"author":[{"embeddable":true,"href":"https:\/\/www.europesays.com\/fr\/wp-json\/wp\/v2\/users\/2"}],"replies":[{"embeddable":true,"href":"https:\/\/www.europesays.com\/fr\/wp-json\/wp\/v2\/comments?post=403805"}],"version-history":[{"count":0,"href":"https:\/\/www.europesays.com\/fr\/wp-json\/wp\/v2\/posts\/403805\/revisions"}],"wp:featuredmedia":[{"embeddable":true,"href":"https:\/\/www.europesays.com\/fr\/wp-json\/wp\/v2\/media\/403806"}],"wp:attachment":[{"href":"https:\/\/www.europesays.com\/fr\/wp-json\/wp\/v2\/media?parent=403805"}],"wp:term":[{"taxonomy":"category","embeddable":true,"href":"https:\/\/www.europesays.com\/fr\/wp-json\/wp\/v2\/categories?post=403805"},{"taxonomy":"post_tag","embeddable":true,"href":"https:\/\/www.europesays.com\/fr\/wp-json\/wp\/v2\/tags?post=403805"}],"curies":[{"name":"wp","href":"https:\/\/api.w.org\/{rel}","templated":true}]}}