{"id":403825,"date":"2025-09-20T02:54:12","date_gmt":"2025-09-20T02:54:12","guid":{"rendered":"https:\/\/www.europesays.com\/fr\/403825\/"},"modified":"2025-09-20T02:54:12","modified_gmt":"2025-09-20T02:54:12","slug":"mission-impossible-pour-les-bleues-face-aux-anglaises","status":"publish","type":"post","link":"https:\/\/www.europesays.com\/fr\/403825\/","title":{"rendered":"mission impossible pour les Bleues face aux Anglaises"},"content":{"rendered":"<p>Poussif en quarts de finale face \u00e0 l\u2019Irlande, le XV de France, priv\u00e9 de plusieurs cadres, d\u00e9fie la surpuissante Angleterre, qui reste sur 31\u00a0victoires depuis trois ans.<\/p>\n<p class=\"fig-paragraph\">La franchise des Mission\u00a0: Impossible porte finalement assez mal son nom, puisque\u00a0<a href=\"http:\/\/www.lefigaro.fr\/cinema\/le-realisateur-de-f1-reve-de-reunir-brad-pitt-et-tom-cruise-dans-un-film-de-course-automobile-20250627\" data-fig-type=\"Article\" data-gtm-custom-categorie=\"navigation\" data-gtm-custom-action=\"crossclick\" data-gtm-custom-label=\"Contextuel\" data-gtm-event=\"customEventSPE\" data-fig-domain=\"LEFIGARO\" target=\"_blank\" rel=\"noopener\">Tom Cruise<\/a>, confront\u00e9 \u00e0 un tel dilemme, arrive \u00e0 chaque fois \u00e0 ses fins. Pour\u00a0<a href=\"http:\/\/www.lefigaro.fr\/sports\/rugby\/xv-de-france\/coupe-du-monde-feminine-de-rugby-a-quelle-heure-et-sur-quelle-chaine-suivre-la-demi-finale-france-angleterre-20250915\" data-fig-type=\"NewsFlash\" data-gtm-custom-categorie=\"navigation\" data-gtm-custom-action=\"crossclick\" data-gtm-custom-label=\"Contextuel\" data-gtm-event=\"customEventSPE\" data-fig-domain=\"LEFIGARO\" target=\"_blank\" rel=\"noopener\">le XV de France<\/a>, renverser l\u2019Angleterre en demi-finale de la Coupe du monde de rugby, ce samedi (16\u00a0h\u00a030, TF1) \u00e0 Bristol, cela ressemble r\u00e9ellement \u00e0 une \u00ab\u00a0mission impossible\u00a0\u00bb. Les Red Roses, fortes des \u00e9normes moyens mis sur la table par la F\u00e9d\u00e9ration anglaise (RFU), \u00e9voluent actuellement sur une autre plan\u00e8te. Elles n\u2019ont plus perdu depuis la finale du Mondial 2022 face \u00e0 la Nouvelle-Z\u00e9lande et restent sur 31\u00a0succ\u00e8s de rang. Inarr\u00eatable machine \u00e0 broyer ses adversaires.<\/p>\n<p class=\"fig-paragraph\">Les Bleues du rugby sont donc condamn\u00e9es \u00e0 l\u2019exploit. Tout simplement. Ce qu\u2019elles n\u2019ont pas r\u00e9ussi \u00e0 faire depuis 16\u00a0matchs depuis 2018 et le dernier Grand Chelem dans le Tournoi des six nations qui a \u00e9chapp\u00e9 au rouleau compresseur anglais. Mais la trois-quarts centre Gabrielle Vernier y voit un suppl\u00e9ment de motivation. \u00ab\u00a0On conna\u00eet notre caract\u00e8re. C\u2019est g\u00e9nial de les affronter chez elles sur une demi-finale de Coupe du monde, et le fait de pouvoir potentiellement les battre sur un tel match, c\u2019est encore plus g\u00e9nial\u00a0\u00bb, avance-t-elle.<\/p>\n<blockquote class=\"fig-quote&#10;    \">\n<p class=\"fig-quote__text\">On a des armes bien saillantes pour les emb\u00eater. Il faut r\u00e9ussir \u00e0 allier notre strat\u00e9gie de match au fait de s\u2019appuyer sur nos armes fortes pour faire basculer la chose de notre c\u00f4t\u00e9<\/p>\n<p>            Gabrielle Vernier, trois-quarts centre fran\u00e7aise\n    <\/p><\/blockquote>\n<p>                                    <a class=\"fig-a11y-skip a11y-hidden\" href=\"#fig-a11y-skip-main-inarticle\"><br \/>\n        Passer la publicit\u00e9<br \/>\n    <\/a><\/p>\n<p class=\"fig-paragraph\">La joueuse de Blagnac conc\u00e8de toutefois que \u00ab\u00a0leur bilan parle pour elles, mais, \u00e0 l\u2019image du match de Twickenham lors du dernier Tournoi des six nations (court revers 43-42, NDLR), on a des armes bien saillantes pour les emb\u00eater. Il faut r\u00e9ussir \u00e0 allier notre strat\u00e9gie de match au fait de s\u2019appuyer sur nos armes fortes pour faire basculer la chose de notre c\u00f4t\u00e9. Sur un match, tout peut se passer. On \u00e9tait \u00e0 1\u00a0point il y a six mois. On donnera tout pour que, cette fois, le score soit en notre faveur\u00a0\u00bb. Les Bleues avaient certes \u00e9chou\u00e9 d\u2019un rien \u00e0 Twickenham, mais les Anglaises s\u2019\u00e9taient \u00e0 l\u2019\u00e9vidence rel\u00e2ch\u00e9es apr\u00e8s avoir men\u00e9 33-0 en premi\u00e8re p\u00e9riode. Sans parler de la claque re\u00e7ue en match de pr\u00e9paration, \u00e0 Mont-de-Marsan, et ce cinglant 40-6 il y a un mois.<\/p>\n<p class=\"fig-paragraph\">Pour ne rien arranger, la derni\u00e8re sortie des Tricolores, face aux Irlandaises en quart de finale, n\u2019a pas \u00e9t\u00e9 des plus rassurantes. Accul\u00e9es dans leurs 22\u00a0m\u00e8tres la moiti\u00e9 du match, contraintes de plaquer \u00e0 tour de bras, elles ont trouv\u00e9 le salut sur une chevauch\u00e9e de son aili\u00e8re star Joanna Grisez. Mais, nouveau coup dur, les s\u00e9lectionneurs Ga\u00eblle Mignot et David Ortiz doivent faire sans leur facteur\u00a0X, forfait de derni\u00e8re minute \u00e0 cause d\u2019une g\u00eane musculaire \u00e0 la cuisse. Une absence qui vient s\u2019ajouter \u00e0 celles, d\u00e9j\u00e0 bien p\u00e9nalisantes, de la deuxi\u00e8me ligne et co-capitaine\u00a0<a href=\"http:\/\/www.lefigaro.fr\/sports\/rugby\/6-nations\/six-nations-feminin-on-a-montre-a-tout-le-monde-qu-ils-avaient-tort-se-rejouit-la-co-capitaine-manae-feleu-20250426\" target=\"_blank\" data-fig-type=\"NewsFlash\" rel=\"noopener\" data-gtm-custom-categorie=\"navigation\" data-gtm-custom-action=\"crossclick\" data-gtm-custom-label=\"Contextuel\" data-gtm-event=\"customEventSPE\" data-fig-domain=\"LEFIGARO\">Manae Feleu<\/a>\u00a0(suspendue 2\u00a0matchs), de la flanker Axelle Berthoumieu (suspendue 9\u00a0matchs pour morsure) et de l\u2019ouvreuse Lina Queyroi (commotion).<\/p>\n<p>\u00abOn n\u2019a pas envie de s\u2019arr\u00eater l\u00e0\u00bb<\/p>\n<p class=\"fig-paragraph\">Les Tricolores, dans tous les cas, savent qu\u2019elles sont pass\u00e9es par un trou de souris face \u00e0 l\u2019Irlande, quand les autres qualifi\u00e9es pour le dernier carr\u00e9 (Canada, Nouvelle-Z\u00e9lande, Angleterre) n\u2019ont pas trembl\u00e9 et fait forte impression. Mais Ga\u00eblle Mignot n\u2019a pas eu besoin de remobiliser ses troupes avant ce choc tant attendu\u00a0: \u00ab\u00a0On va jouer une demi-finale de Coupe du monde, ici, en Angleterre, contre les ultra-favorites, celles que tout le monde annonce comme les futures championnes du monde. Si on n\u2019est pas galvanis\u00e9\u2026\u00a0\u00bb Et d\u2019ajouter\u00a0: \u00ab\u00a0\u00catre en demi-finale de la Coupe du monde, ce n\u2019est pas rien. On a tendance \u00e0 un peu le sous-estimer. Je pense que, quand on est l\u2019\u00e9quipe de France, on a envie et on se doit d\u2019aller le plus haut possible.\u00a0\u00bb Et son acolyte David Ortiz d\u2019appuyer\u00a0: \u00ab\u00a0On n\u2019a pas eu de grands discours \u00e0 faire, on s\u2019attendait \u00e0 cette \u00e9ch\u00e9ance depuis la phase de poules. On sait \u00e0 quoi s\u2019attendre\u2026\u00a0\u00bb<\/p>\n<blockquote class=\"fig-quote&#10;    \">\n<p class=\"fig-quote__text\">On n\u2019a pas envie de s\u2019arr\u00eater l\u00e0, \u00e0 une demi-finale, comme depuis de nombreuses ann\u00e9es pour les Fran\u00e7aises<\/p>\n<p>            Charlotte Escudero, troisi\u00e8me ligne fran\u00e7aise\n    <\/p><\/blockquote>\n<p class=\"fig-paragraph\">Pass\u00e9 la temp\u00eate, la troisi\u00e8me ligne Charlotte Escudero, v\u00e9ritable s\u00e9cateur en d\u00e9fense (25 plaquages face aux Irlandaises), veut regarder devant et \u00ab\u00a0marquer l\u2019histoire\u00a0\u00bb\u00a0: \u00ab\u00a0On n\u2019a pas envie de s\u2019arr\u00eater l\u00e0, \u00e0 une demi-finale, comme depuis de nombreuses ann\u00e9es pour les Fran\u00e7aises (huit fois en neuf \u00e9ditions, NDLR). On a envie de remporter ce match-l\u00e0 contre les Anglaises chez elles, ce serait quelque chose d\u2019assez dingue. On a cette envie-l\u00e0, cette excitation de faire quelque chose d\u2019incroyable.\u00a0\u00bb<\/p>\n<p class=\"fig-paragraph\">Pauline Bourdon Sansus et ses co\u00e9quipi\u00e8res ont le vent dans le dos. \u00ab\u00a0On a tout \u00e0 gagner sur ce match, positive la demie de m\u00eal\u00e9e des Bleues. Il y a beaucoup d\u2019excitation et les filles ont envie d\u2019en d\u00e9coudre.\u00a0\u00bb Elles sont port\u00e9es par un bel \u00e9lan populaire en France, avec des records d\u2019audience sur TF1 (un pic \u00e0 4,6\u00a0millions de t\u00e9l\u00e9spectateurs en fin de rencontre samedi dernier) qui confirment les chiffres en progression constante lors du Six Nations.<\/p>\n<p>                                    <a class=\"fig-a11y-skip a11y-hidden\" href=\"#fig-a11y-skip-main-inarticle_mtf\"><br \/>\n        Passer la publicit\u00e9<br \/>\n    <\/a><\/p>\n<p class=\"fig-paragraph\">La f\u00e9d\u00e9ration fran\u00e7aise &#8211; qui a fait du rugby f\u00e9minin l\u2019un de ses axes prioritaires pour conqu\u00e9rir de nouveaux pratiquants &#8211; savait qu\u2019elle jouait gros avec cette Coupe du monde 2025. Le pr\u00e9sident Florian Grill y voyait \u00ab\u00a0un tournant pour la pratique f\u00e9minine\u00a0\u00bb et \u00ab\u00a0un levier cl\u00e9 pour acc\u00e9l\u00e9rer le d\u00e9veloppement du rugby f\u00e9minin et atteindre nos objectifs\u00a0\u00bb, \u00e0 savoir atteindre 100.000 licenci\u00e9es d\u2019ici \u00e0 2033.<\/p>\n<p class=\"fig-paragraph\">Surfant sur cette vague m\u00e9diatique, la FFR vient d\u2019annoncer un partenariat avec l\u2019assureur Axa pour le championnat de France f\u00e9minin (\u00c9lite\u00a01), pour une dur\u00e9e de trois ans (somme non r\u00e9v\u00e9l\u00e9e). \u00ab\u00a0Le but \u00e0 terme est de professionnaliser ou semi-professionnaliser 300 \u00e0 400\u00a0joueuses\u00a0\u00bb au sein des clubs, d\u00e9taille Florian Grill. Qui ajoute\u00a0: \u00ab\u00a0Les clubs de l\u2019\u00c9lite\u00a01 ont actuellement des budgets entre 400.000\u00a0et 800.000\u00a0euros, l\u2019\u00e9quivalent de clubs masculins de F\u00e9d\u00e9rale\u00a02 ou\u00a03. L\u2019objectif est qu\u2019ils montent \u00e0 1,8 ou 2\u00a0millions d\u2019euros, comme en F\u00e9d\u00e9rale\u00a01.\u00a0\u00bb Ce qui serait une avanc\u00e9e significative pour combler l\u2019\u00e9norme retard du rugby f\u00e9minin fran\u00e7ais sur son homologue anglais. En esp\u00e9rant que cet \u00e9cart ne soit pas trop criant sur le terrain \u00e0 l\u2019occasion de cette volcanique demi-finale mondiale.<\/p>\n","protected":false},"excerpt":{"rendered":"Poussif en quarts de finale face \u00e0 l\u2019Irlande, le XV de France, priv\u00e9 de plusieurs cadres, d\u00e9fie la&hellip;\n","protected":false},"author":2,"featured_media":403826,"comment_status":"","ping_status":"","sticky":false,"template":"","format":"standard","meta":{"footnotes":""},"categories":[9],"tags":[13070,12116,1011,27,12042,60],"class_list":{"0":"post-403825","1":"post","2":"type-post","3":"status-publish","4":"format-standard","5":"has-post-thumbnail","7":"category-sports","8":"tag-coupe-du-monde-de-rugby-feminine","9":"tag-ffr","10":"tag-fr","11":"tag-france","12":"tag-rugby-feminin","13":"tag-sports"},"share_on_mastodon":{"url":"https:\/\/pubeurope.com\/@fr\/115234371359838182","error":""},"_links":{"self":[{"href":"https:\/\/www.europesays.com\/fr\/wp-json\/wp\/v2\/posts\/403825","targetHints":{"allow":["GET"]}}],"collection":[{"href":"https:\/\/www.europesays.com\/fr\/wp-json\/wp\/v2\/posts"}],"about":[{"href":"https:\/\/www.europesays.com\/fr\/wp-json\/wp\/v2\/types\/post"}],"author":[{"embeddable":true,"href":"https:\/\/www.europesays.com\/fr\/wp-json\/wp\/v2\/users\/2"}],"replies":[{"embeddable":true,"href":"https:\/\/www.europesays.com\/fr\/wp-json\/wp\/v2\/comments?post=403825"}],"version-history":[{"count":0,"href":"https:\/\/www.europesays.com\/fr\/wp-json\/wp\/v2\/posts\/403825\/revisions"}],"wp:featuredmedia":[{"embeddable":true,"href":"https:\/\/www.europesays.com\/fr\/wp-json\/wp\/v2\/media\/403826"}],"wp:attachment":[{"href":"https:\/\/www.europesays.com\/fr\/wp-json\/wp\/v2\/media?parent=403825"}],"wp:term":[{"taxonomy":"category","embeddable":true,"href":"https:\/\/www.europesays.com\/fr\/wp-json\/wp\/v2\/categories?post=403825"},{"taxonomy":"post_tag","embeddable":true,"href":"https:\/\/www.europesays.com\/fr\/wp-json\/wp\/v2\/tags?post=403825"}],"curies":[{"name":"wp","href":"https:\/\/api.w.org\/{rel}","templated":true}]}}