{"id":403832,"date":"2025-09-20T02:58:09","date_gmt":"2025-09-20T02:58:09","guid":{"rendered":"https:\/\/www.europesays.com\/fr\/403832\/"},"modified":"2025-09-20T02:58:09","modified_gmt":"2025-09-20T02:58:09","slug":"cest-quoi-cette-panique-politique-qui-provoque-leffondrement-du-peso","status":"publish","type":"post","link":"https:\/\/www.europesays.com\/fr\/403832\/","title":{"rendered":"C\u2019est quoi cette \u00ab\u00a0panique politique\u00a0\u00bb qui provoque l\u2019effondrement du peso\u00a0?"},"content":{"rendered":"<p>Javier Milei traverse l\u2019une des p\u00e9riodes les plus critiques de sa pr\u00e9sidence. Vendredi, <a href=\"https:\/\/www.20minutes.fr\/monde\/javier-milei\/\" class=\"c-link c-link--is-underlined\" rel=\"nofollow noopener\" target=\"_blank\">le chef de l\u2019\u00c9tat argentin<\/a> a reconnu la gravit\u00e9 de la situation \u00e9conomique, en d\u00e9non\u00e7ant une \u00ab\u00a0panique politique\u00a0\u00bb qui, selon lui, alimente la pression des march\u00e9s financiers et fait plonger le peso.<\/p>\n<p>Dans un discours prononc\u00e9 \u00e0 la Bourse du commerce de Cordoba, le pr\u00e9sident ultralib\u00e9ral a point\u00e9 du doigt l\u2019opposition p\u00e9roniste (centre-gauche), accus\u00e9e de \u00ab\u00a0mettre des b\u00e2tons dans les roues\u00a0\u00bb du gouvernement.<\/p>\n<\/p>\n<p>\u00ab\u00a0\u00c9norme d\u00e9sorganisation\u00a0\u00bb<\/p>\n<p>\u00ab\u00a0Une panique politique s\u2019empare du march\u00e9 et g\u00e9n\u00e8re une \u00e9norme d\u00e9sorganisation en termes de risque pays\u00a0\u00bb, a-t-il affirm\u00e9, tout en soulignant que l\u2019<a href=\"https:\/\/www.20minutes.fr\/dossier\/argentine\" class=\"c-link c-link--is-underlined\" rel=\"nofollow noopener\" target=\"_blank\">Argentine<\/a> est l\u2019un des rares pays au monde \u00e0 ne pas afficher de d\u00e9ficit budg\u00e9taire.<\/p>\n<p>Face \u00e0 la chute brutale du peso, la banque centrale argentine a d\u00fb intervenir cette semaine pour la premi\u00e8re fois depuis cinq mois. Elle a vendu vendredi 678\u00a0millions de dollars de r\u00e9serves afin de d\u00e9fendre la monnaie, qui a cl\u00f4tur\u00e9 la journ\u00e9e \u00e0 1.515 pesos pour un dollar, hors de la fourchette fix\u00e9e par le gouvernement.<\/p>\n<p>Chute de 12\u00a0% de la valeur du Peso<\/p>\n<p>Depuis d\u00e9but septembre, la devise nationale a perdu plus de 12\u00a0% de sa valeur, signe de la nervosit\u00e9 croissante des march\u00e9s face \u00e0 la troisi\u00e8me \u00e9conomie d\u2019Am\u00e9rique latine.<\/p>\n<p>Cette volatilit\u00e9 survient dans un contexte politique d\u00e9j\u00e0 tendu\u00a0: le 7\u00a0septembre dernier, Javier Milei a essuy\u00e9 un revers \u00e9lectoral majeur lors d\u2019un scrutin r\u00e9gional dans la province de <a href=\"https:\/\/www.20minutes.fr\/dossier\/buenos_aires\" class=\"c-link c-link--is-underlined\" rel=\"nofollow noopener\" target=\"_blank\">Buenos Aires<\/a>, consid\u00e9r\u00e9 comme un test en vue des l\u00e9gislatives du 26\u00a0octobre. Sans majorit\u00e9 au Parlement, le pr\u00e9sident a vu plusieurs de ses v\u00e9tos annul\u00e9s par les d\u00e9put\u00e9s, notamment sur des budgets li\u00e9s \u00e0 la sant\u00e9, \u00e0 l\u2019\u00e9ducation et au handicap.<\/p>\n<p><a href=\"https:\/\/www.20minutes.fr\/dossier\/argentine\" class=\"c-link c-btn c-btn--primary\" rel=\"nofollow noopener\" target=\"_blank\">Plus d&rsquo;articles sur l&rsquo;Argentine<\/a>\u00ab\u00a0Le pire est pass\u00e9\u00a0\u00bb<\/p>\n<p>Pour tenter de calmer les tensions, Javier Milei a promis un budget 2026 plus \u00e9quilibr\u00e9, avec des hausses sup\u00e9rieures \u00e0 l\u2019inflation pour les retraites, l\u2019\u00e9ducation et la sant\u00e9. \u00ab\u00a0Le pire est pass\u00e9 concernant l\u2019aust\u00e9rit\u00e9 budg\u00e9taire\u00a0\u00bb, a-t-il assur\u00e9, en appelant les Argentins \u00e0 \u00ab\u00a0ne pas baisser les bras\u00a0\u00bb. \u00ab\u00a0L\u2019effort que nous venons de fournir durant ces quelque 20 mois en vaut la peine, il faut continuer.\u00a0\u00bb<\/p>\n<p>Malgr\u00e9 ces annonces, le pr\u00e9sident r\u00e9p\u00e8te qu\u2019il ne d\u00e9viera pas d\u2019un millim\u00e8tre de son programme \u00e9conomique, bas\u00e9 sur la r\u00e9duction drastique des d\u00e9penses publiques et la d\u00e9r\u00e9glementation. Un cap qui a permis de ramener l\u2019inflation annuelle de plus de 200\u00a0% fin\u00a02023 \u00e0 33,6\u00a0% aujourd\u2019hui, mais au prix d\u2019une r\u00e9cession profonde.<\/p>\n","protected":false},"excerpt":{"rendered":"Javier Milei traverse l\u2019une des p\u00e9riodes les plus critiques de sa pr\u00e9sidence. Vendredi, le chef de l\u2019\u00c9tat argentin&hellip;\n","protected":false},"author":2,"featured_media":403833,"comment_status":"","ping_status":"","sticky":false,"template":"","format":"standard","meta":{"footnotes":""},"categories":[5],"tags":[47,11,6715,4779,31488,33,1011,27,14,5924,74,12,28],"class_list":{"0":"post-403832","1":"post","2":"type-post","3":"status-publish","4":"format-standard","5":"has-post-thumbnail","7":"category-international","8":"tag-actualite","9":"tag-actualites","10":"tag-argentine","11":"tag-banque-centrale","12":"tag-buenos-aires","13":"tag-economie","14":"tag-fr","15":"tag-france","16":"tag-international","17":"tag-javier-milei","18":"tag-monde","19":"tag-news","20":"tag-world"},"share_on_mastodon":{"url":"https:\/\/pubeurope.com\/@fr\/115234387103798016","error":""},"_links":{"self":[{"href":"https:\/\/www.europesays.com\/fr\/wp-json\/wp\/v2\/posts\/403832","targetHints":{"allow":["GET"]}}],"collection":[{"href":"https:\/\/www.europesays.com\/fr\/wp-json\/wp\/v2\/posts"}],"about":[{"href":"https:\/\/www.europesays.com\/fr\/wp-json\/wp\/v2\/types\/post"}],"author":[{"embeddable":true,"href":"https:\/\/www.europesays.com\/fr\/wp-json\/wp\/v2\/users\/2"}],"replies":[{"embeddable":true,"href":"https:\/\/www.europesays.com\/fr\/wp-json\/wp\/v2\/comments?post=403832"}],"version-history":[{"count":0,"href":"https:\/\/www.europesays.com\/fr\/wp-json\/wp\/v2\/posts\/403832\/revisions"}],"wp:featuredmedia":[{"embeddable":true,"href":"https:\/\/www.europesays.com\/fr\/wp-json\/wp\/v2\/media\/403833"}],"wp:attachment":[{"href":"https:\/\/www.europesays.com\/fr\/wp-json\/wp\/v2\/media?parent=403832"}],"wp:term":[{"taxonomy":"category","embeddable":true,"href":"https:\/\/www.europesays.com\/fr\/wp-json\/wp\/v2\/categories?post=403832"},{"taxonomy":"post_tag","embeddable":true,"href":"https:\/\/www.europesays.com\/fr\/wp-json\/wp\/v2\/tags?post=403832"}],"curies":[{"name":"wp","href":"https:\/\/api.w.org\/{rel}","templated":true}]}}