{"id":403836,"date":"2025-09-20T03:00:17","date_gmt":"2025-09-20T03:00:17","guid":{"rendered":"https:\/\/www.europesays.com\/fr\/403836\/"},"modified":"2025-09-20T03:00:17","modified_gmt":"2025-09-20T03:00:17","slug":"nordahl-lelandais-le-verdict-est-tombe","status":"publish","type":"post","link":"https:\/\/www.europesays.com\/fr\/403836\/","title":{"rendered":"Nordahl Lelandais : le verdict est tomb\u00e9"},"content":{"rendered":"<p>      R\u00e9sum\u00e9<\/p>\n<p>Nordahl Lelandais a \u00e9t\u00e9 condamn\u00e9 \u00e0 un an de prison suppl\u00e9mentaire pour violences conjugales lors d&rsquo;un parloir, avec une interdiction de contact avec son enfant pendant trois ans.<\/p>\n<p>        Sommaire<\/p>\n<p>L\u2019audience a finalement eu lieu et <a href=\"https:\/\/www.public.fr\/le-tueur-nordahl-lelandais-a-decide-de-changer-de-nom\" target=\"_blank\" rel=\"noopener\">Nordahl Lelandais<\/a> a pu prendre connaissance de sa sentence. L\u2019assassin de <a href=\"https:\/\/www.public.fr\/mort-de-maelys-son-pere-fou-de-rage-apres-avoir-decouvert-le-changement-didentite-de-nordahl-lelandais\" target=\"_blank\" rel=\"noopener\">la petite Ma\u00eblys<\/a> et d\u2019Arthur Noyer, des meurtres pour lesquels il a \u00e9t\u00e9 respectivement condamn\u00e9 \u00e0 la perp\u00e9tuit\u00e9 et \u00e0 20 ans, vient d\u2019\u00eatre <strong>condamn\u00e9 \u00e0 une ann\u00e9e suppl\u00e9mentaire de prison<\/strong>.<\/p>\n<p>En effet, ce vendredi 19 septembre 2025, il comparaissait devant le tribunal correctionnel de Colmar qui l\u2019a condamn\u00e9 \u00e0 un an de prison pour violences conjugales au parloir. \u00c0 cela s\u2019ajoute <strong>une interdiction de voir son enfant pendant trois ans.\u00a0<\/strong><\/p>\n<p>Nordahl Lelandais devait r\u00e9pondre de ses actes commis le 9 juin dernier. \u00c0 cette date, <strong>il recevait sa compagne au parloir de la prison d\u2019Ensisheim<\/strong> dans le Haut-Rhin. Celle-ci s\u2019\u00e9tait d\u00e9plac\u00e9e avec leur fils de 19 mois con\u00e7u en prison en 2023.<\/p>\n<p>Nordahl Lelandais condamn\u00e9<\/p>\n<p>Mais lors de leur rencontre le ton est mont\u00e9 et \u00ab\u00a0l\u2019amour\u00a0\u00bb a laiss\u00e9 place \u00e0 la violence. Comme l\u2019indique une source proche de l\u2019enqu\u00eate \u00e0 BFMTV, l\u2019assassin de la petite Ma\u00eblys \u00ab\u00a0<strong>avait, sous les yeux de son fils, saisi le cou de sa compagne<\/strong> puis lui avait tir\u00e9 les cheveux en la faisant basculer\u00a0\u00bb.<\/p>\n<p>BFMTV rappelle que la sc\u00e8ne avait \u00e9t\u00e9 film\u00e9e par les cam\u00e9ras de vid\u00e9o-surveillance, alors que des surveillants p\u00e9nitentiaires pr\u00e9sents \u00e0 proximit\u00e9 avaient entendu des \u00e9clats de voix et avaient pu intervenir.<\/p>\n<p>Le procureur de la R\u00e9publique de Colmar, Jean Richert, a indiqu\u00e9 \u00e0 la fin de l\u2019audience : \u00ab\u00a0Je pense qu&rsquo;il \u00e9tait important que son enfant, qui \u00e9tait sur ses genoux au moment de la commission de ces violences sur la victime, <strong>soit mis en s\u00e9curit\u00e9\u00a0\u00bb<\/strong>.<\/p>\n<p>Le m\u00eame procureur a \u00e9galement r\u00e9v\u00e9l\u00e9 que Nordahl Lelandais pouvait \u00ab\u00a0<strong>demander la main lev\u00e9e de cette interdiction<\/strong> (d&rsquo;entrer en contact avec son fils) \u00e0 tout moment, de la m\u00eame mani\u00e8re qu&rsquo;il peut demander ult\u00e9rieurement la main lev\u00e9e du retrait total de l&rsquo;autorit\u00e9 parentale\u00a0\u00bb.<\/p>\n<p>L&rsquo;audience devait se d\u00e9rouler il y a d\u00e9j\u00e0 plusieurs semaines<\/p>\n<p>Si l\u2019audience a pu se tenir ce vendredi 19 septembre 2025, elle devait se d\u00e9rouler plus t\u00f4t dans le mois. En effet, le criminel devait, au d\u00e9part, compara\u00eetre le 28 ao\u00fbt dernier. <\/p>\n<p>N\u00e9anmoins <strong>la\u00a0\u00ab\u00a0pression m\u00e9diatique\u00a0\u00bb\u00a0actuelle<\/strong>, comme il l\u2019\u00e9voquait dans un courrier, ne\u00a0\u00ab\u00a0lui permettait pas de s&rsquo;exprimer sereinement\u00a0\u00bb. Il a donc <a href=\"https:\/\/www.public.fr\/nordahl-lelandais-lassassin-de-maelys-refuse-de-comparaitre-devant-la-justice\" target=\"_blank\" rel=\"noopener\">refus\u00e9 de quitter sa cellule<\/a> et se rendre \u00e0 l\u2019audience.\u00a0<\/p>\n<p>Le pr\u00e9sident avait lu le courrier envoy\u00e9 par Nordahl Lelandais dans lequel, ce dernier, expliquait la raison de son refus de se rendre \u00e0 l\u2019audience. L\u2019homme condamn\u00e9 \u00e0 la r\u00e9clusion \u00e0 perp\u00e9tuit\u00e9 avait mis en avant la\u00a0<strong>\u00ab\u00a0pression m\u00e9diatique en cours\u00a0\u00bb<\/strong>\u00a0qui ne lui permettait pas de s\u2019exprimer librement pour les faits qui lui \u00e9taient reproch\u00e9s.<\/p>\n<p>      Mentionn\u00e9s dans cet article<\/p>\n<p>      Sur le m\u00eame sujet<\/p>\n","protected":false},"excerpt":{"rendered":"R\u00e9sum\u00e9 Nordahl Lelandais a \u00e9t\u00e9 condamn\u00e9 \u00e0 un an de prison suppl\u00e9mentaire pour violences conjugales lors d&rsquo;un parloir,&hellip;\n","protected":false},"author":2,"featured_media":403837,"comment_status":"","ping_status":"","sticky":false,"template":"","format":"standard","meta":{"footnotes":""},"categories":[2],"tags":[11,2715,1011,27,777,12,38394,806,3693],"class_list":{"0":"post-403836","1":"post","2":"type-post","3":"status-publish","4":"format-standard","5":"has-post-thumbnail","7":"category-actualites","8":"tag-actualites","9":"tag-disparition","10":"tag-fr","11":"tag-france","12":"tag-meurtre","13":"tag-news","14":"tag-nordahl-lelandais","15":"tag-prison","16":"tag-tribunal"},"share_on_mastodon":{"url":"https:\/\/pubeurope.com\/@fr\/115234395045355667","error":""},"_links":{"self":[{"href":"https:\/\/www.europesays.com\/fr\/wp-json\/wp\/v2\/posts\/403836","targetHints":{"allow":["GET"]}}],"collection":[{"href":"https:\/\/www.europesays.com\/fr\/wp-json\/wp\/v2\/posts"}],"about":[{"href":"https:\/\/www.europesays.com\/fr\/wp-json\/wp\/v2\/types\/post"}],"author":[{"embeddable":true,"href":"https:\/\/www.europesays.com\/fr\/wp-json\/wp\/v2\/users\/2"}],"replies":[{"embeddable":true,"href":"https:\/\/www.europesays.com\/fr\/wp-json\/wp\/v2\/comments?post=403836"}],"version-history":[{"count":0,"href":"https:\/\/www.europesays.com\/fr\/wp-json\/wp\/v2\/posts\/403836\/revisions"}],"wp:featuredmedia":[{"embeddable":true,"href":"https:\/\/www.europesays.com\/fr\/wp-json\/wp\/v2\/media\/403837"}],"wp:attachment":[{"href":"https:\/\/www.europesays.com\/fr\/wp-json\/wp\/v2\/media?parent=403836"}],"wp:term":[{"taxonomy":"category","embeddable":true,"href":"https:\/\/www.europesays.com\/fr\/wp-json\/wp\/v2\/categories?post=403836"},{"taxonomy":"post_tag","embeddable":true,"href":"https:\/\/www.europesays.com\/fr\/wp-json\/wp\/v2\/tags?post=403836"}],"curies":[{"name":"wp","href":"https:\/\/api.w.org\/{rel}","templated":true}]}}