{"id":403850,"date":"2025-09-20T03:08:18","date_gmt":"2025-09-20T03:08:18","guid":{"rendered":"https:\/\/www.europesays.com\/fr\/403850\/"},"modified":"2025-09-20T03:08:18","modified_gmt":"2025-09-20T03:08:18","slug":"nuit-blanche-pour-robes-noires","status":"publish","type":"post","link":"https:\/\/www.europesays.com\/fr\/403850\/","title":{"rendered":"Nuit blanche pour robes noires\u00a0?"},"content":{"rendered":"<p>            Par<br \/>\n        <strong><br \/>\n            <a href=\"https:\/\/actu.fr\/auteur\/jm-aubert\" title=\"Consulter tous les articles de Jean-Marc Aubert\" target=\"_blank\" rel=\"noopener\">Jean-Marc Aubert<\/a><br \/>\n        <\/strong><\/p>\n<p>        Publi\u00e9 le<\/p>\n<p>            19 sept. 2025 \u00e0 13h46        <\/p>\n<p>La quatri\u00e8me \u00e9dition de la <strong>Nuit du Droit,<\/strong> regroupant tous les acteurs du monde judiciaire, est fix\u00e9e au jeudi 2 octobre prochain \u00e0 <strong>Montpellier<\/strong>, avec une riche et \u00e9clectique programmation. Elle a \u00e9t\u00e9 d\u00e9voil\u00e9e ce vendredi 19 septembre 2025 \u00e0 la cour d\u2019appel, autour de Jean-Marc Soriano, le secr\u00e9taire g\u00e9n\u00e9ral du procureur g\u00e9n\u00e9ral \u2013 le Premier pr\u00e9sident Jean-Michel Etcheverry et le procureur g\u00e9n\u00e9ral Jean-Marie Beney \u00e9taient absents \u2013 en pr\u00e9sence des partenaires : la chambre r\u00e9gionale des comptes Occitanie, le tribunal administratif, la facult\u00e9 de droit et des sciences politiques, le barreau, la chambre r\u00e9gionale des notaires et celle des commissaires de justice, le conseil d\u00e9partemental d\u2019acc\u00e8s au droit et le lyc\u00e9e Jean Monnet.<\/p>\n<p>    <a href=\"https:\/\/www.google.com\/maps\/d\/u\/0\/embed?mid=197jsV09ghrEIwvVPpAMnWciiBnmsdME&amp;ehbc=2E312F\" title=\"Ouvrie le lien\" target=\"_blank\" rel=\"noopener\">Cliquez ici pour visualiser le contenu<\/a><\/p>\n<p class=\" wall-content\">\u00ab\u00a0Cette Nuit du Droit, une f\u00eate r\u00e9unissant toutes les corporations et les acteurs judiciaires, est l\u2019occasion de pr\u00e9senter aux \u00e9l\u00e8ves toutes les branches autour d\u2019une conf\u00e9rence et d\u2019\u00e9changes\u00a0\u00bb, s\u2019est f\u00e9licit\u00e9 Jo\u00ebl Planes, le proviseur du lyc\u00e9e Jean Monnet. Pour Marie-Pierre Vedel-Salles, vice-b\u00e2tonnier de l\u2019ordre des avocats, \u00ab\u00a0c\u2019est une f\u00eate ludique, attractive et pleine d\u2019humanit\u00e9, montrant que le droit \u00e9volue avec la soci\u00e9t\u00e9\u00a0\u00bb, l\u00e2chant <strong>\u00ab\u00a0C\u2019est nuit blanche pour robes noires\u00a0\u00bb<\/strong> qui aurait ravi le regrett\u00e9 Thierry Ardisson.\u00a0\u00ab\u00a0La Nuit du Droit, c\u2019est la f\u00eate de la musique \u00e0 nous\u00a0\u00bb selon l\u2019avocate Virginie Bertrand qui fait partie de l\u2019organisation. \u00a0<\/p>\n<p class=\" wall-content\">Pourquoi cette date de d\u00e9but octobre ? Le 4 octobre est la date anniversaire de la Constitution de 1958 et Laurent Fabius, pr\u00e9sident du Conseil constitutionnel, a souhait\u00e9 que chaque ann\u00e9e une soir\u00e9e programm\u00e9e d\u00e9but octobre soit consacr\u00e9e \u00e0 c\u00e9l\u00e9brer le Droit, dont la Constitution est la cl\u00e9 de vo\u00fbte. Cette initiative a pour objectif de mieux faire conna\u00eetre le droit, ses principes, ses institutions et ses m\u00e9tiers. En 2024, tous les sites ont \u00e9t\u00e9 pris d\u2019assaut d\u00e8s le premier jour des inscriptions, soit au total pr\u00e8s de 800 personnes, dont le record devrait \u00eatre battu le 2 octobre.<\/p>\n<p class=\" wall-content\">Cette ann\u00e9e, en effet, la cour d\u2019appel pourra accueillir 600 visiteurs, la biblioth\u00e8que des avocats 120, le tribunal administratif 140 et pour la visite historique de l\u2019\u00c9cusson, il y a 30 places disponibles. Le clou de cette journ\u00e9e -la Nuit du droit commence \u00e0 11h au lyc\u00e9e Jean Monnet- sera, \u00e0 la cour d\u2019appel, le proc\u00e8s du docteur Marcel Petiot, guillotin\u00e9 en mai 1946 pour avoir d\u00e9pouill\u00e9 et assassin\u00e9 26 Juifs sous l\u2019Occupation. Le sort des Juifs est d\u2019actualit\u00e9 avec les conflits sanglants de la guerre entre Isra\u00ebl et le Hamas.\u00a0<\/p>\n<p>Vid\u00e9os : en ce moment sur Actu<\/p>\n<p class=\" wall-content\">dans l\u2019Essone avec une publicit\u00e9 nationale \u00e0 l\u2019\u00e9poque. Il y aura aussi des Joutes oratoires sur le th\u00e8me : le t\u00e9l\u00e9travail rend-il plus heureux ? L\u2019art contemporain est-il une imposture ? Faut-il vraiment tourner la page ? Des ateliers de lectures th\u00e9\u00e2tralis\u00e9es de textes \u00ab\u00a0Toutes les voix m\u00e8nent au Droit\u00a0\u00bb et la projection du moyen m\u00e9trage \u00ab\u00a0La chrysalide de satin rouge\u00a0\u00bb sont \u00e9galement au programme, sans oublier la plaidoirie Droit de l\u2019Homme, un atelier propos\u00e9 par le Bureau Artistique de Montpellier pr\u00e9sid\u00e9 par Olivier Bonijol.<\/p>\n<p>Votre r\u00e9gion, votre actu !<\/p>\n<p>Recevez chaque jour les infos qui comptent pour vous.<\/p>\n<p>\t<a href=\"https:\/\/actu.fr\/newsletter\" class=\"ac-btn ac-btn--corner ac-btn--medium ac-btn--blue800\" target=\"_blank\" rel=\"noopener\">S&rsquo;incrire<\/a><\/p>\n<p class=\" wall-content\">Pour la premi\u00e8re fois, un <strong>Escape\u00a0game<\/strong>\u00a0sera install\u00e9 \u00e0 la biblioth\u00e8que des avocats pour percer les secrets d\u2019un contr\u00f4le des magistrats financiers. Les participants vont s\u2019immerger dans une enqu\u00eate des contr\u00f4leurs de la chambre r\u00e9gionale des comptes et mener leur enqu\u00eate. Un jeu en \u00e9quipe, des \u00e9nigmes \u00e0 r\u00e9soudre, des cl\u00e9s \u00e0 trouver, un dossier \u00e0 d\u00e9fendre seront au menu. \u00ab\u00a0C\u2019est beaucoup moins sombre que la reconstitution de l\u2019affaire du docteur Petiot !\u00a0\u00bb, a relev\u00e9 Val\u00e9rie Renet, la pr\u00e9sidente de la CRC Occitanie.<\/p>\n<p class=\" wall-content\">La visite historique dans les art\u00e8res abritant des lieux du droit sera conduite par l\u2019incontournable Fabrice Bertrand, cet historien montpelli\u00e9rain qui r\u00e9v\u00e8lera diff\u00e9rentes anecdotes sur l\u2019histoire du droit.<\/p>\n<p>Soir\u00e9e bonus \u00e0 la facult\u00e9 de droit<\/p>\n<p class=\" wall-content\">Cette ann\u00e9e, un bonus est propos\u00e9 \u00e0 cette Nuit du Droit, avec une pi\u00e8ce de th\u00e9\u00e2tre \u00ab\u00a0Le Cercle des philosophes disparus\u00a0\u00bb vendredi 3 octobre prochain, \u00e0 19h, dans l\u2019amphith\u00e9\u00e2tre Cambac\u00e9r\u00e8s \u00e0 la facult\u00e9 de droit. \u00ab\u00a0C\u2019est le fruit d\u2019une rencontre entre des femmes et des hommes qui aiment se retrouver, gr\u00e2ce \u00e0 une pr\u00e9cieuse synergie\u00a0\u00bb a soulign\u00e9 Guylain Clamour, le doyen de la facult\u00e9 de droit et des sciences politiques.<\/p>\n<p class=\" wall-content\">Pour ce quatri\u00e8me rendez-vous, les r\u00e9p\u00e9titions pour les diverses pi\u00e8ces qui vont \u00eatre pr\u00e9sent\u00e9es au public ont commenc\u00e9. Un public attendu encore tr\u00e8s nombreux qui se ruent chaque ann\u00e9e sur le <strong><a href=\"https:\/\/my.weezevent.com\/nuit-du-droit-2025-1\" target=\"_blank\" rel=\"noopener\">site des inscriptions<\/a> <\/strong>\u2013 obligatoires \u2013 d\u00e8s sa mise en ligne.\u00a0<\/p>\n<p>Pour les infos sur les lieux, les horaires c\u2019est <strong><a href=\"https:\/\/www.lanuitdudroit.fr\/evenements\/montpellier-cour-d-appel-2025\/\" target=\"_blank\" rel=\"noopener\">ICI<\/a><\/strong>.<\/p>\n<p class=\" wall-content\">Personnalisez votre actualit\u00e9 en ajoutant vos villes et m\u00e9dias en favori avec <a href=\"https:\/\/moncompte.actu.fr\" title=\"D\u00e9couvez Mon Actu\" rel=\"nofollow noopener\" data-trk=\"{&quot;cta&quot;:{&quot;action&quot;:&quot;https:\\\/\\\/moncompte.actu.fr&quot;,&quot;category&quot;:&quot;mon compte&quot;,&quot;from&quot;:&quot;article footer&quot;,&quot;name&quot;:&quot;Mon actu&quot;,&quot;type&quot;:&quot;cta&quot;}}\" target=\"_blank\">Mon Actu<\/a>.<\/p>\n","protected":false},"excerpt":{"rendered":"Par Jean-Marc Aubert Publi\u00e9 le 19 sept. 2025 \u00e0 13h46 La quatri\u00e8me \u00e9dition de la Nuit du Droit,&hellip;\n","protected":false},"author":2,"featured_media":403851,"comment_status":"","ping_status":"","sticky":false,"template":"","format":"standard","meta":{"footnotes":""},"categories":[9599],"tags":[1111,11,1057,1777,674,1011,27,303,2208,12,2680,25,104],"class_list":{"0":"post-403850","1":"post","2":"type-post","3":"status-publish","4":"format-standard","5":"has-post-thumbnail","7":"category-montpellier","8":"tag-actu","9":"tag-actualites","10":"tag-education","11":"tag-eu","12":"tag-europe","13":"tag-fr","14":"tag-france","15":"tag-justice","16":"tag-montpellier","17":"tag-news","18":"tag-occitanie","19":"tag-republique-francaise","20":"tag-societe"},"share_on_mastodon":{"url":"https:\/\/pubeurope.com\/@fr\/115234426278057596","error":""},"_links":{"self":[{"href":"https:\/\/www.europesays.com\/fr\/wp-json\/wp\/v2\/posts\/403850","targetHints":{"allow":["GET"]}}],"collection":[{"href":"https:\/\/www.europesays.com\/fr\/wp-json\/wp\/v2\/posts"}],"about":[{"href":"https:\/\/www.europesays.com\/fr\/wp-json\/wp\/v2\/types\/post"}],"author":[{"embeddable":true,"href":"https:\/\/www.europesays.com\/fr\/wp-json\/wp\/v2\/users\/2"}],"replies":[{"embeddable":true,"href":"https:\/\/www.europesays.com\/fr\/wp-json\/wp\/v2\/comments?post=403850"}],"version-history":[{"count":0,"href":"https:\/\/www.europesays.com\/fr\/wp-json\/wp\/v2\/posts\/403850\/revisions"}],"wp:featuredmedia":[{"embeddable":true,"href":"https:\/\/www.europesays.com\/fr\/wp-json\/wp\/v2\/media\/403851"}],"wp:attachment":[{"href":"https:\/\/www.europesays.com\/fr\/wp-json\/wp\/v2\/media?parent=403850"}],"wp:term":[{"taxonomy":"category","embeddable":true,"href":"https:\/\/www.europesays.com\/fr\/wp-json\/wp\/v2\/categories?post=403850"},{"taxonomy":"post_tag","embeddable":true,"href":"https:\/\/www.europesays.com\/fr\/wp-json\/wp\/v2\/tags?post=403850"}],"curies":[{"name":"wp","href":"https:\/\/api.w.org\/{rel}","templated":true}]}}