{"id":403858,"date":"2025-09-20T03:13:13","date_gmt":"2025-09-20T03:13:13","guid":{"rendered":"https:\/\/www.europesays.com\/fr\/403858\/"},"modified":"2025-09-20T03:13:13","modified_gmt":"2025-09-20T03:13:13","slug":"les-prix-de-limmobilier-a-grenoble","status":"publish","type":"post","link":"https:\/\/www.europesays.com\/fr\/403858\/","title":{"rendered":"les prix de l\u2019immobilier \u00e0 Grenoble"},"content":{"rendered":"<p>      <img fetchpriority=\"high\" decoding=\"async\" class=\"mx-auto\" src=\"data:image\/svg+xml,%3Csvg%20xmlns%3D%27http%3A%2F%2Fwww.w3.org%2F2000%2Fsvg%27%20fill%3D%22%23e4e4e4%22%20viewBox%3D%270%200%20510%20340%27%20width%3D%22510%22%20height%3D%22340%22%3E%3Cpath%20d%3D%27M0%200h510v340H0z%27%2F%3E%3C%2Fsvg%3E\"  loading=\"eager\" width=\"510\" height=\"340\" data-oncrawl-image-size=\"510x340\" alt=\"\u00a0Vue sur le quartier historique.\"\/>      <\/p>\n<p class=\"latino-100m text-grey-600\">\n            \u00a0Vue sur le quartier historique.\u00a0PIERRE JAYET\/HEMIS.FR        <\/p>\n<p>        Lire\u00a0plus\u00a0tard      <\/p>\n<p><a aria-label=\"Nous suivre sur Google News\" href=\"https:\/\/news.google.com\/publications\/CAAqBwgKMJe4nQkw3dFs?hl=fr&amp;gl=FR&amp;ceid=FR%3Afr\" target=\"_blank\" data-piano=\"Page_Article,Sous_date_publi,Nous_suivre_sur_google_news,1er_clic,action\" class=\"btn btn--small btn--tertiary btn--icon-only\" rel=\"noopener\"><\/p>\n<p>      Google Actualit\u00e9s<br \/>\n  <\/a><\/p>\n<p>  Partager<\/p>\n<p>        Facebook<\/p>\n<p>        Bluesky<\/p>\n<p>        E-mail<\/p>\n<p>        Copier le lien<\/p>\n<p>      Envoyer<\/p>\n<p>      S\u2019abonner pour lire    <\/p>\n<ul class=\"node__bulletedList antonia-750r text-grey-800 pb-24 pb-md-40\">\n<li>Maisons anciennes\u00a0: 3\u00a0670\u00a0\u20ac\/m2<\/li>\n<li>Evolution sur 1\u00a0an\u00a0: +1,4\u00a0%<\/li>\n<li>Appartements anciens\u00a0: 2\u00a0626\u00a0\u20ac\/m2<\/li>\n<li>Evolution sur 1\u00a0an\u00a0: -0,5\u00a0%<\/li>\n<\/ul>\n<p class=\"node__paragraphe antonia-750r text-grey-800 pb-8\">\nLes primo-acc\u00e9dants sont d\u00e9sormais actifs sur les petites et moyennes surfaces. \u00ab\u00a0Les ventes des appartements se concr\u00e9tisent dans tous les quartiers, cot\u00e9s ou non, d\u00e8s l\u2019instant o\u00f9 les prix sont coh\u00e9rents\u00a0\u00bb, constate Vincent Veillet, g\u00e9rant de l\u2019agence Aubreton Immobilier. Ainsi, un 52-m2 s\u2019est ven\u2026<\/p>\n<p class=\"latino-100m text-blue-400\">Article r\u00e9serv\u00e9 aux abonn\u00e9s.<\/p>\n<p>          Se connecter<\/p>\n<p class=\"text-center antonia-1850c\" style=\"margin-bottom:4px;\">Envie de lire la suite ?<\/p>\n<p class=\"text-center antonia-800c pb-16\">Tous nos articles en int\u00e9gralit\u00e9 d\u00e8s\u00a01\u20ac<\/p>\n<p>        S&rsquo;abonner<\/p>\n<p class=\"text-grey-700 or\">ou<\/p>\n<p>            <img width=\"164\" height=\"20\" src=\"data:image\/svg+xml,%3Csvg%20xmlns%3D%27http%3A%2F%2Fwww.w3.org%2F2000%2Fsvg%27%20fill%3D%22%23e4e4e4%22%20viewBox%3D%270%200%20282%2054%27%20width%3D%22282%22%20height%3D%2254%22%3E%3Cpath%20d%3D%27M0%200h282v54H0z%27%2F%3E%3C%2Fsvg%3E\"  class=\"js-swg-placeholder\" alt=\"Subscribe with Google\" loading=\"lazy\" decoding=\"async\"\/><\/p>\n<p>          D\u00e9couvrir toutes nos offres<\/p>\n","protected":false},"excerpt":{"rendered":"\u00a0Vue sur le quartier historique.\u00a0PIERRE JAYET\/HEMIS.FR Lire\u00a0plus\u00a0tard Google Actualit\u00e9s Partager Facebook Bluesky E-mail Copier le lien Envoyer S\u2019abonner&hellip;\n","protected":false},"author":2,"featured_media":403859,"comment_status":"","ping_status":"","sticky":false,"template":"","format":"standard","meta":{"footnotes":""},"categories":[9566],"tags":[17,1111,11,2430,53523,19502,1777,674,1011,27,2731,1116,12,2141,5116,25,6180],"class_list":{"0":"post-403858","1":"post","2":"type-post","3":"status-publish","4":"format-standard","5":"has-post-thumbnail","7":"category-grenoble","8":"tag-17","9":"tag-actu","10":"tag-actualites","11":"tag-auvergne-rhone-alpes","12":"tag-concretisent","13":"tag-cotes","14":"tag-eu","15":"tag-europe","16":"tag-fr","17":"tag-france","18":"tag-grenoble","19":"tag-immobilier","20":"tag-news","21":"tag-prix","22":"tag-quartiers","23":"tag-republique-francaise","24":"tag-ventes"},"share_on_mastodon":{"url":"https:\/\/pubeurope.com\/@fr\/115234445984041561","error":""},"_links":{"self":[{"href":"https:\/\/www.europesays.com\/fr\/wp-json\/wp\/v2\/posts\/403858","targetHints":{"allow":["GET"]}}],"collection":[{"href":"https:\/\/www.europesays.com\/fr\/wp-json\/wp\/v2\/posts"}],"about":[{"href":"https:\/\/www.europesays.com\/fr\/wp-json\/wp\/v2\/types\/post"}],"author":[{"embeddable":true,"href":"https:\/\/www.europesays.com\/fr\/wp-json\/wp\/v2\/users\/2"}],"replies":[{"embeddable":true,"href":"https:\/\/www.europesays.com\/fr\/wp-json\/wp\/v2\/comments?post=403858"}],"version-history":[{"count":0,"href":"https:\/\/www.europesays.com\/fr\/wp-json\/wp\/v2\/posts\/403858\/revisions"}],"wp:featuredmedia":[{"embeddable":true,"href":"https:\/\/www.europesays.com\/fr\/wp-json\/wp\/v2\/media\/403859"}],"wp:attachment":[{"href":"https:\/\/www.europesays.com\/fr\/wp-json\/wp\/v2\/media?parent=403858"}],"wp:term":[{"taxonomy":"category","embeddable":true,"href":"https:\/\/www.europesays.com\/fr\/wp-json\/wp\/v2\/categories?post=403858"},{"taxonomy":"post_tag","embeddable":true,"href":"https:\/\/www.europesays.com\/fr\/wp-json\/wp\/v2\/tags?post=403858"}],"curies":[{"name":"wp","href":"https:\/\/api.w.org\/{rel}","templated":true}]}}