{"id":403860,"date":"2025-09-20T03:14:25","date_gmt":"2025-09-20T03:14:25","guid":{"rendered":"https:\/\/www.europesays.com\/fr\/403860\/"},"modified":"2025-09-20T03:14:25","modified_gmt":"2025-09-20T03:14:25","slug":"a-rennes-le-deces-de-daniel-plusquellec-ancien-directeur-de-lecole-de-chimie","status":"publish","type":"post","link":"https:\/\/www.europesays.com\/fr\/403860\/","title":{"rendered":"\u00c0 Rennes, le d\u00e9c\u00e8s de Daniel Plusquellec, ancien directeur de l\u2019\u00e9cole de chimie"},"content":{"rendered":"<p>Daniel Plusquellec, l\u2019ancien directeur de<a href=\"https:\/\/www.ensc-rennes.fr\/\" target=\"_blank\" rel=\"nofollow noopener\"> l\u2019\u00c9cole nationale sup\u00e9rieure de chimie de Rennes (ENSCR)<\/a>, est d\u00e9c\u00e9d\u00e9 \u00e0 l\u2019\u00e2ge de 80\u00a0ans. Il avait int\u00e9gr\u00e9 l\u2019ENSCR en 1967 en tant qu\u2019assistant. Apr\u00e8s avoir obtenu sa th\u00e8se de doctorat en 1977, il devient ma\u00eetre de conf\u00e9rences, puis enseigne \u00e0 l\u2019IUT de Rennes (Ille-et-Vilaine) avant de revenir \u00e0 l\u2019\u00e9cole de chimie o\u00f9 il est nomm\u00e9 professeur en 1989. <strong>\u00ab\u00a0Conscient de l\u2019importance de la valorisation et du financement de la recherche\u00a0\u00bb<\/strong>, il se consacre \u00e0 la chimie appliqu\u00e9e et prend la direction de l\u2019\u00e9cole de 2001 \u00e0 2008.<\/p>\n<p>Engag\u00e9 \u00e0 l\u2019international<\/p>\n<p><strong>\u00ab\u00a0Engag\u00e9 et pleinement investi pour l\u2019\u00e9tablissement, il \u0153uvra sans rel\u00e2che pour le d\u00e9veloppement acad\u00e9mique et scientifique de l\u2019\u00e9cole\u00a0\u00bb<\/strong>, rappelle\u00a0Audrey Soric, <a href=\"https:\/\/rennes.maville.com\/actu\/actudet_-a-rennes-une-nouvelle-directrice-a-l-ecole-superieure-de-chimie-_7-5925411_actu.Htm\" target=\"_blank\" rel=\"nofollow noopener\">la directrice actuelle de l\u2019ENSCR<\/a>, en lui rendant hommage. Son action a notamment permis la cr\u00e9ation du cycle international Chem.I.st en 2002, une formation en chimie de haut niveau destin\u00e9e aux meilleurs \u00e9l\u00e8ves \u00e9trangers. Il a \u00e9galement contribu\u00e9 \u00e0 la cr\u00e9ation de la start-up SurfactGreen, sp\u00e9cialis\u00e9e dans le d\u00e9veloppement de tensioactifs 100\u00a0% verts \u00e0 partir de mati\u00e8res premi\u00e8res naturelles.<\/p>\n<p><strong>\u00ab\u00a0Professeur de classe exceptionnelle\u00a0\u00bb<\/strong>, membre de la Soci\u00e9t\u00e9 chimique de France, Daniel Plusquellec a pr\u00e9sid\u00e9 de 2006 \u00e0 2008 la f\u00e9d\u00e9ration Gay-Lussac, r\u00e9seau fran\u00e7ais de vingt \u00e9coles d\u2019ing\u00e9nieurs en chimie et g\u00e9nie des proc\u00e9d\u00e9s. Il a co-fond\u00e9 un programme de formation avec Shanghai, <strong>\u00ab\u00a0une <\/strong>  <strong>initiative d\u2019excellence reconnue par le minist\u00e8re chinois de l\u2019\u00e9ducation depuis 2019\u00a0\u00bb<\/strong>.<\/p>\n<p>\u00a0<\/p>\n","protected":false},"excerpt":{"rendered":"Daniel Plusquellec, l\u2019ancien directeur de l\u2019\u00c9cole nationale sup\u00e9rieure de chimie de Rennes (ENSCR), est d\u00e9c\u00e9d\u00e9 \u00e0 l\u2019\u00e2ge de&hellip;\n","protected":false},"author":2,"featured_media":403861,"comment_status":"","ping_status":"","sticky":false,"template":"","format":"standard","meta":{"footnotes":""},"categories":[2821],"tags":[1111,11,4255,829,10531,13432,3983,7889,1122,1777,674,1011,27,12,53524,584,25,4937],"class_list":{"0":"post-403860","1":"post","2":"type-post","3":"status-publish","4":"format-standard","5":"has-post-thumbnail","7":"category-rennes","8":"tag-actu","9":"tag-actualites","10":"tag-ancien","11":"tag-bretagne","12":"tag-chimie","13":"tag-daniel","14":"tag-deces","15":"tag-directeur","16":"tag-ecole","17":"tag-eu","18":"tag-europe","19":"tag-fr","20":"tag-france","21":"tag-news","22":"tag-plusquellec","23":"tag-rennes","24":"tag-republique-francaise","25":"tag-saint-brieuc"},"share_on_mastodon":{"url":"https:\/\/pubeurope.com\/@fr\/115234449891884410","error":""},"_links":{"self":[{"href":"https:\/\/www.europesays.com\/fr\/wp-json\/wp\/v2\/posts\/403860","targetHints":{"allow":["GET"]}}],"collection":[{"href":"https:\/\/www.europesays.com\/fr\/wp-json\/wp\/v2\/posts"}],"about":[{"href":"https:\/\/www.europesays.com\/fr\/wp-json\/wp\/v2\/types\/post"}],"author":[{"embeddable":true,"href":"https:\/\/www.europesays.com\/fr\/wp-json\/wp\/v2\/users\/2"}],"replies":[{"embeddable":true,"href":"https:\/\/www.europesays.com\/fr\/wp-json\/wp\/v2\/comments?post=403860"}],"version-history":[{"count":0,"href":"https:\/\/www.europesays.com\/fr\/wp-json\/wp\/v2\/posts\/403860\/revisions"}],"wp:featuredmedia":[{"embeddable":true,"href":"https:\/\/www.europesays.com\/fr\/wp-json\/wp\/v2\/media\/403861"}],"wp:attachment":[{"href":"https:\/\/www.europesays.com\/fr\/wp-json\/wp\/v2\/media?parent=403860"}],"wp:term":[{"taxonomy":"category","embeddable":true,"href":"https:\/\/www.europesays.com\/fr\/wp-json\/wp\/v2\/categories?post=403860"},{"taxonomy":"post_tag","embeddable":true,"href":"https:\/\/www.europesays.com\/fr\/wp-json\/wp\/v2\/tags?post=403860"}],"curies":[{"name":"wp","href":"https:\/\/api.w.org\/{rel}","templated":true}]}}