{"id":403864,"date":"2025-09-20T03:16:12","date_gmt":"2025-09-20T03:16:12","guid":{"rendered":"https:\/\/www.europesays.com\/fr\/403864\/"},"modified":"2025-09-20T03:16:12","modified_gmt":"2025-09-20T03:16:12","slug":"encore-une-louche-de-programme","status":"publish","type":"post","link":"https:\/\/www.europesays.com\/fr\/403864\/","title":{"rendered":"encore une louche de programme"},"content":{"rendered":"<p><strong>Visiter les Soultz. <\/strong> Dans le Haut-Rhin, la ville de Soultz invite \u00e0 d\u00e9couvrir la richesse de son patrimoine, avec deux mus\u00e9es vedettes. D\u2019abord celui du Bucheneck, qui propose ce samedi une visite th\u00e9\u00e2tralis\u00e9e sur Auguste Gasser, pionnier de l\u2019histoire locale (places limit\u00e9es, sur r\u00e9servation au 0\u00a0389\u00a0760\u00a0222). Ce dimanche, promenade musicale et baroque avec les Agr\u00e9mens enchanteurs de Thann en costumes d\u2019\u00e9poque. \u00c0 voir aussi pendant les deux jours, une exposition sur le ch\u00e2teau seigneurial et la commanderie hospitali\u00e8re. Autre mus\u00e9e, la Nef des jouets, qui pr\u00e9sente durant les deux jours une exposition sp\u00e9ciale qui ravira les grands enfants\u00a0: \u201cIl y a 50 ans, les premiers Playmobil\u00ae\u201d. Ce dimanche, jeux g\u00e9ants en bois et animations par Le Marquis.<\/p>\n<p>Dans le Bas-Rhin, Soultz-sous-For\u00eats a d\u00e9cid\u00e9 d\u2019ouvrir les portes de ses tr\u00e9sors cach\u00e9s\u00a0: ce samedi de 14\u00a0h \u00e0 18\u00a0h, l\u2019oratoire Paul-Heumann \u00e0 la synagogue, les \u00e9glises catholique et protestante. Et puis la diffusion du film A la rencontre de nos patrimoines \u00a0de 14\u00a0h \u00e0 18\u00a0h, dans la salle vo\u00fbt\u00e9e de la mairie.<\/p>\n<p><strong>Tout un fromage.<\/strong> La <a href=\"https:\/\/www.dna.fr\/economie\/2023\/12\/02\/maison-du-fromage-bientot-prophete-en-son-pays\" target=\"_blank\" rel=\"noopener\">Maison du fromage de la vall\u00e9e de Munster<\/a> , 23 rue de Munster \u00e0 Gunsbach, invite \u00e0 un moment \u00ab\u00a0de d\u00e9couverte et de partage\u00a0\u00bb, ce samedi \u00e0 18\u00a0h\u00a030. Le Colporteur de contes Beno\u00eet Kormann entra\u00eenera le public \u00e0 travers un r\u00e9cit enchanteur au c\u0153ur de la vall\u00e9e de Munster, entre l\u00e9gendes, traditions et humour burlesque, pour toute la famille. Entr\u00e9e libre dans la limite des places disponibles. Renseignements et r\u00e9servation\u00a0au 03\u00a089\u00a077\u00a090\u00a000.<\/p>\n<p><strong>L\u2019INSP, ex-ENA.<\/strong> L\u2019Institut national du service public (INSP) met en ligne ses visites virtuelles des sites, class\u00e9s monuments historiques, de Strasbourg et de Paris. \u00c0 voir sur <a href=\"https:\/\/visitevirtuelle.insp.gouv.fr\/\" target=\"_blank\" rel=\"noopener\">https:\/\/visitevirtuelle.insp.gouv.fr<\/a>. Visites guid\u00e9es r\u00e9elles, cette fois-ci, ces samedi et dimanche de 10\u00a0h \u00e0 17\u00a0h, pour comprendre l\u2019histoire mouvement\u00e9e de cette commanderie Saint-Jean, tour \u00e0 tour mar\u00e9cage, couvent, h\u00f4pital, prison puis grande \u00e9cole \u2013 on f\u00eate cette ann\u00e9e les 50 ans de la cr\u00e9ation de l\u2019ENA (1 rue Sainte-Marguerite \u00e0 Strasbourg).<\/p>\n<p><strong>Un barrage \u00e0 clapets.<\/strong> Voies navigables de France (VNF) ouvre les portes d\u2019un ouvrage majeur du bassin rh\u00e9nan, habituellement ferm\u00e9 au public. Ce samedi de 14\u00a0h \u00e0 17\u00a0h\u00a030, les curieux sont invit\u00e9s \u00e0 venir d\u00e9couvrir le barrage \u00e0 clapets de la Robertsau \u00e0 Strasbourg, pour en apprendre davantage sur l\u2019histoire et le fonctionnement de ce t\u00e9moin du patrimoine hydraulique et architectural. Les agents de VNF guideront les visiteurs au c\u0153ur de leur quotidien rythm\u00e9 par la gestion, l\u2019entretien et la modernisation du r\u00e9seau fluvial fran\u00e7ais. Long de 50 m\u00e8tres, il est enti\u00e8rement automatis\u00e9 et sera \u00e0 terme pilotable \u00e0 distance. Ses trois clapets de 14,90 m\u00e8tres assurent une r\u00e9gulation fiable du niveau de l\u2019eau. Mis en service en 2024, il remplace l\u2019ancien barrage manuel aux 750 aiguilles, en fonctionnement depuis 1842. Il int\u00e8gre une passe \u00e0 poissons et un passage pour cano\u00ebs, am\u00e9nag\u00e9s dans l\u2019ancienne \u00e9cluse lat\u00e9rale, afin de favoriser la continuit\u00e9 \u00e9cologique et la randonn\u00e9e nautique. Visites guid\u00e9es toutes les trente minutes. Pour plus d\u2019informations, contacter par courriel\u00a0: com.direction.dts@vnf.fr<\/p>\n<p><strong>Le foie gras d\u2019Alsace.<\/strong> Des producteurs de foie gras du Bas-Rhin ouvrent leurs portes au public, \u00e0 l\u2019initiative du CIFOG (Comit\u00e9 interprofessionnel des palmip\u00e8des \u00e0 foie gras). Deux \u00e9levages participent ce samedi\u00a0: Lucien Doriath, \u00e0 Soultz-les-Bains, et la Ferme Lechner, \u00e0 Pfettisheim, proposeront aux visiteurs de d\u00e9couvrir leur exploitation et leur m\u00e9tier autour d\u2019animations, de visites guid\u00e9es et de d\u00e9gustations. La famille Doriath propose une visite de son domaine et de la salle d\u2019engraissement. Les visites auront lieu \u00e0 11\u00a0h et 17\u00a0h. Les visiteurs pourront prendre un repas sur place (renseignements\u00a0: <a href=\"https:\/\/patrimoine-foiegras.fr\/\" target=\"_blank\" rel=\"noopener\">https:\/\/patrimoine-foiegras.fr\/<\/a> ). Portes ouvertes \u00e9galement \u00e0 la ferme Lechner (informations\u00a0: <a href=\"https:\/\/patrimoine-foiegras.fr\/ferme-lechner-67-pfettisheim\/\" target=\"_blank\" rel=\"noopener\">https:\/\/patrimoine-foiegras.fr\/ferme-lechner-67-pfettisheim\/<\/a> ).<\/p>\n<p><strong>Dans la mine.<\/strong> Le Mus\u00e9e de la mine et de la potasse, 22 avenue Joseph-Else \u00e0 Wittelsheim, organise, en collaboration avec la Ville et sa m\u00e9diath\u00e8que, un escape game, \u201cIl faut sauver le mineur Fernand\u201d, ces samedi de 14\u00a0h\u00a030 \u00e0 17\u00a0h\u00a030 et dimanche de 10\u00a0h \u00e0 17\u00a0h. Saurez-vous retrouver ce mineur\u00a0? Visites guid\u00e9es et d\u00e9couverte de la cit\u00e9 mini\u00e8re Joseph-Else, ces samedi apr\u00e8s-midi et dimanche toute la journ\u00e9e.<\/p>\n<p><strong>Op\u00e9ra du Rhin.<\/strong> L\u2019Op\u00e9ra national du Rhin invite le public \u00e0 une journ\u00e9e exceptionnelle, ce samedi\u00a0place Broglie \u00e0 Strasbourg. Le public pourra circuler librement dans le th\u00e9\u00e2tre, admirer le savoir-faire des ateliers de coiffure et de maquillage, assister \u00e0 des r\u00e9p\u00e9titions du ballet ou encore d\u00e9couvrir les jeunes artistes de l\u2019Op\u00e9ra Studio en concert. Le parvis s\u2019animera avec une danse collective. \u00c0 10\u00a0h, ouverture des portes, d\u00e9ambulation libre dans le th\u00e9\u00e2tre\u00a0; de 11\u00a0h \u00e0 12\u00a0h\u00a030, heure lyrique (concert), avec carte blanche \u00e0 l\u2019op\u00e9ra studio\u00a0; de 12\u00a0h\u00a030 \u00e0 14\u00a0h, r\u00e9p\u00e9tition et \u00e9chauffement du ballet\u00a0; de 13\u00a0h\u00a030 \u00e0 14\u00a0h\u00a030, giga-barre de danse collective sur le parvis\u00a0; de 15\u00a0h \u00e0 16\u00a0h\u00a030, pr\u00e9sentation de la nouvelle saison par Alain Perroux et Bruno Bouch\u00e9, avec le ch\u0153ur, le Ballet du Rhin et l\u2019Op\u00e9ra Studio. Expositions, point photo, jeu-concours familles, de 10\u00a0h \u00e0 18\u00a0h. Acc\u00e8s libre dans la limite des places disponibles.<\/p>\n","protected":false},"excerpt":{"rendered":"Visiter les Soultz. Dans le Haut-Rhin, la ville de Soultz invite \u00e0 d\u00e9couvrir la richesse de son patrimoine,&hellip;\n","protected":false},"author":2,"featured_media":403865,"comment_status":"","ping_status":"","sticky":false,"template":"","format":"standard","meta":{"footnotes":""},"categories":[2820],"tags":[1111,11,2389,6211,1687,1777,674,2271,107,1011,27,775,873,12,2661,5486,25,104,3140,640,1631],"class_list":{"0":"post-403864","1":"post","2":"type-post","3":"status-publish","4":"format-standard","5":"has-post-thumbnail","7":"category-strasbourg","8":"tag-actu","9":"tag-actualites","10":"tag-alsace","11":"tag-conference","12":"tag-culture-loisirs","13":"tag-eu","14":"tag-europe","15":"tag-exposition-arts-plastiques","16":"tag-fil-info","17":"tag-fr","18":"tag-france","19":"tag-grand-est","20":"tag-musique","21":"tag-news","22":"tag-patrimoine-culturel","23":"tag-rencontre","24":"tag-republique-francaise","25":"tag-societe","26":"tag-spectacle","27":"tag-strasbourg","28":"tag-vie-associative"},"share_on_mastodon":{"url":"https:\/\/pubeurope.com\/@fr\/115234457809646291","error":""},"_links":{"self":[{"href":"https:\/\/www.europesays.com\/fr\/wp-json\/wp\/v2\/posts\/403864","targetHints":{"allow":["GET"]}}],"collection":[{"href":"https:\/\/www.europesays.com\/fr\/wp-json\/wp\/v2\/posts"}],"about":[{"href":"https:\/\/www.europesays.com\/fr\/wp-json\/wp\/v2\/types\/post"}],"author":[{"embeddable":true,"href":"https:\/\/www.europesays.com\/fr\/wp-json\/wp\/v2\/users\/2"}],"replies":[{"embeddable":true,"href":"https:\/\/www.europesays.com\/fr\/wp-json\/wp\/v2\/comments?post=403864"}],"version-history":[{"count":0,"href":"https:\/\/www.europesays.com\/fr\/wp-json\/wp\/v2\/posts\/403864\/revisions"}],"wp:featuredmedia":[{"embeddable":true,"href":"https:\/\/www.europesays.com\/fr\/wp-json\/wp\/v2\/media\/403865"}],"wp:attachment":[{"href":"https:\/\/www.europesays.com\/fr\/wp-json\/wp\/v2\/media?parent=403864"}],"wp:term":[{"taxonomy":"category","embeddable":true,"href":"https:\/\/www.europesays.com\/fr\/wp-json\/wp\/v2\/categories?post=403864"},{"taxonomy":"post_tag","embeddable":true,"href":"https:\/\/www.europesays.com\/fr\/wp-json\/wp\/v2\/tags?post=403864"}],"curies":[{"name":"wp","href":"https:\/\/api.w.org\/{rel}","templated":true}]}}