{"id":403866,"date":"2025-09-20T03:17:16","date_gmt":"2025-09-20T03:17:16","guid":{"rendered":"https:\/\/www.europesays.com\/fr\/403866\/"},"modified":"2025-09-20T03:17:16","modified_gmt":"2025-09-20T03:17:16","slug":"strasbourg-comment-marc-keller-est-en-train-de-detruire-son-propre-heritage","status":"publish","type":"post","link":"https:\/\/www.europesays.com\/fr\/403866\/","title":{"rendered":"Strasbourg : Comment Marc Keller est en train de d\u00e9truire son propre h\u00e9ritage"},"content":{"rendered":"<p>Il fut l&rsquo;homme de la r\u00e9surrection, le pr\u00e9sident b\u00e2tisseur qui a repris un <a href=\"https:\/\/www.dna.fr\/sports\/2013\/06\/17\/il-se-passe-quelque-chose\" target=\"_self\" rel=\"noopener\">RC Strasbourg moribond en quatri\u00e8me division en 2011 pour le ramener,\u00a0<\/a>\u00e0 force de travail et de vision, au premier plan du football fran\u00e7ais et aussi en Europe (qualification en C4 acquise). Marc Keller incarnait l&rsquo;union sacr\u00e9e, la r\u00e9ussite d&rsquo;un projet local et identitaire. Mais depuis la prise de contr\u00f4le du club par le consortium am\u00e9ricain BlueCo \u00e0 l&rsquo;\u00e9t\u00e9 2023, cette image de h\u00e9ros s&rsquo;est fissur\u00e9e, laissant place \u00e0 celle, beaucoup moins flatteuse, d&rsquo;un \u00ab\u00a0communicant charg\u00e9 de d\u00e9fendre la politique de BlueCo\u00a0\u00bb.<a href=\"https:\/\/www.dna.fr\/sport\/2025\/09\/18\/pedagogie-et-fermete-le-message-de-marc-keller-aux-supporters\" target=\"_self\" rel=\"noopener\">Une transformation qui le voit aujourd&rsquo;hui s&rsquo;opposer frontalement aux supporters<\/a> qui l&rsquo;ont tant adul\u00e9, au risque de d\u00e9truire son propre h\u00e9ritage.<\/p>\n","protected":false},"excerpt":{"rendered":"Il fut l&rsquo;homme de la r\u00e9surrection, le pr\u00e9sident b\u00e2tisseur qui a repris un RC Strasbourg moribond en quatri\u00e8me&hellip;\n","protected":false},"author":2,"featured_media":403867,"comment_status":"","ping_status":"","sticky":false,"template":"","format":"standard","meta":{"footnotes":""},"categories":[2820],"tags":[1111,11,1777,674,1011,27,775,66,12,445,53525,25,640],"class_list":{"0":"post-403866","1":"post","2":"type-post","3":"status-publish","4":"format-standard","5":"has-post-thumbnail","7":"category-strasbourg","8":"tag-actu","9":"tag-actualites","10":"tag-eu","11":"tag-europe","12":"tag-fr","13":"tag-france","14":"tag-grand-est","15":"tag-ligue-1","16":"tag-news","17":"tag-paris-fc","18":"tag-paris-fc-vs-strasbourg","19":"tag-republique-francaise","20":"tag-strasbourg"},"share_on_mastodon":{"url":"https:\/\/pubeurope.com\/@fr\/115234461711835735","error":""},"_links":{"self":[{"href":"https:\/\/www.europesays.com\/fr\/wp-json\/wp\/v2\/posts\/403866","targetHints":{"allow":["GET"]}}],"collection":[{"href":"https:\/\/www.europesays.com\/fr\/wp-json\/wp\/v2\/posts"}],"about":[{"href":"https:\/\/www.europesays.com\/fr\/wp-json\/wp\/v2\/types\/post"}],"author":[{"embeddable":true,"href":"https:\/\/www.europesays.com\/fr\/wp-json\/wp\/v2\/users\/2"}],"replies":[{"embeddable":true,"href":"https:\/\/www.europesays.com\/fr\/wp-json\/wp\/v2\/comments?post=403866"}],"version-history":[{"count":0,"href":"https:\/\/www.europesays.com\/fr\/wp-json\/wp\/v2\/posts\/403866\/revisions"}],"wp:featuredmedia":[{"embeddable":true,"href":"https:\/\/www.europesays.com\/fr\/wp-json\/wp\/v2\/media\/403867"}],"wp:attachment":[{"href":"https:\/\/www.europesays.com\/fr\/wp-json\/wp\/v2\/media?parent=403866"}],"wp:term":[{"taxonomy":"category","embeddable":true,"href":"https:\/\/www.europesays.com\/fr\/wp-json\/wp\/v2\/categories?post=403866"},{"taxonomy":"post_tag","embeddable":true,"href":"https:\/\/www.europesays.com\/fr\/wp-json\/wp\/v2\/tags?post=403866"}],"curies":[{"name":"wp","href":"https:\/\/api.w.org\/{rel}","templated":true}]}}