{"id":403878,"date":"2025-09-20T03:23:20","date_gmt":"2025-09-20T03:23:20","guid":{"rendered":"https:\/\/www.europesays.com\/fr\/403878\/"},"modified":"2025-09-20T03:23:20","modified_gmt":"2025-09-20T03:23:20","slug":"la-compo-face-a-montauban-actualites-union-bordeaux-begles-ubb-rugby","status":"publish","type":"post","link":"https:\/\/www.europesays.com\/fr\/403878\/","title":{"rendered":"La compo face \u00e0 Montauban &#8211; Actualit\u00e9s &#8211; Union Bordeaux B\u00e8gles (UBB Rugby)"},"content":{"rendered":"<p>                    Ce week-end notre \u00e9quipe re\u00e7oit les montalbanais demain \u00e0 18h30 pour la 3e journ\u00e9e de TOP 14. D\u00e9couvrez la compo de nos girondins !<\/p>\n<p>Pour rappel\u00a0<a class=\"link-btn link-btn-arrow\" href=\"https:\/\/www.ubbrugby.com\/actualites\/9900-nouvel-horaire-pour-ubb-montauban-qui-se-jouera-a-18h30.html\" target=\"_blank\" rel=\"noopener\">ce match aura lieu \u00e0 18h30 !<\/a><\/p>\n<p><strong>8\u00a0changements<\/strong> dans le XV de d\u00e9part !<br \/><strong>Matis Perchaud<\/strong> d\u00e9butera aux c\u00f4t\u00e9s de <strong>Connor Sa et Carl\u00fc Sadie<\/strong>.<br \/>En seconde ligne, <strong>Boris Palu sera associ\u00e9 \u00e0 Jonny Gray<\/strong>. <strong>Tiaan Jacobs et Bastien Vergnes-Taillefer (capitaine)<\/strong> int\u00e8grent \u00e9galement le pack titulaire.<\/p>\n<p>C\u00f4t\u00e9 arri\u00e8res, <strong>Matthieu Jalibert<\/strong> retrouve la charni\u00e8re, tandis que <strong>Rohan Janse van Rensburg<\/strong> fait son retour sur le pr\u00e9.<\/p>\n<p><strong>\u00c0 noter :<\/strong> premi\u00e8re feuille de match pour notre Espoir <strong>Joseph Laharrague<\/strong>, qui prendra place sur le banc !<\/p>\n<p>Retrouvez toutes les infos pratiques\u00a0<a class=\"link-btn link-btn-arrow\" href=\"https:\/\/www.ubbrugby.com\/actualites\/9913-toutes-les-infos-sur-ubb-montauban.html\" target=\"_blank\" rel=\"noopener\">pour le match par ici.<\/a><\/p>\n<p><img loading=\"lazy\" decoding=\"async\" src=\"https:\/\/www.europesays.com\/fr\/wp-content\/uploads\/2025\/09\/16_9.png\" alt=\"\" width=\"1200\" height=\"1200\"\/><\/p>\n","protected":false},"excerpt":{"rendered":"Ce week-end notre \u00e9quipe re\u00e7oit les montalbanais demain \u00e0 18h30 pour la 3e journ\u00e9e de TOP 14. D\u00e9couvrez&hellip;\n","protected":false},"author":2,"featured_media":403879,"comment_status":"","ping_status":"","sticky":false,"template":"","format":"standard","meta":{"footnotes":""},"categories":[2817],"tags":[1111,47,11,4402,1997,4404,4401,4356,4400,4357,1983,1777,674,1011,27,1987,1114,2947,955,12,2219,4048,25,479,517,2858,478,4364,4403,1264],"class_list":{"0":"post-403878","1":"post","2":"type-post","3":"status-publish","4":"format-standard","5":"has-post-thumbnail","7":"category-bordeaux","8":"tag-actu","9":"tag-actualite","10":"tag-actualites","11":"tag-begles","12":"tag-bordeaux","13":"tag-chaban","14":"tag-challenge-cup","15":"tag-coronavirus","16":"tag-covid","17":"tag-covid-19","18":"tag-essai","19":"tag-eu","20":"tag-europe","21":"tag-fr","22":"tag-france","23":"tag-girondins","24":"tag-infos","25":"tag-lnr","26":"tag-match","27":"tag-news","28":"tag-nouvelle-aquitaine","29":"tag-presse","30":"tag-republique-francaise","31":"tag-rugby","32":"tag-sport","33":"tag-stade","34":"tag-top-14","35":"tag-ubb","36":"tag-union","37":"tag-victoire"},"share_on_mastodon":{"url":"https:\/\/pubeurope.com\/@fr\/115234485304586860","error":""},"_links":{"self":[{"href":"https:\/\/www.europesays.com\/fr\/wp-json\/wp\/v2\/posts\/403878","targetHints":{"allow":["GET"]}}],"collection":[{"href":"https:\/\/www.europesays.com\/fr\/wp-json\/wp\/v2\/posts"}],"about":[{"href":"https:\/\/www.europesays.com\/fr\/wp-json\/wp\/v2\/types\/post"}],"author":[{"embeddable":true,"href":"https:\/\/www.europesays.com\/fr\/wp-json\/wp\/v2\/users\/2"}],"replies":[{"embeddable":true,"href":"https:\/\/www.europesays.com\/fr\/wp-json\/wp\/v2\/comments?post=403878"}],"version-history":[{"count":0,"href":"https:\/\/www.europesays.com\/fr\/wp-json\/wp\/v2\/posts\/403878\/revisions"}],"wp:featuredmedia":[{"embeddable":true,"href":"https:\/\/www.europesays.com\/fr\/wp-json\/wp\/v2\/media\/403879"}],"wp:attachment":[{"href":"https:\/\/www.europesays.com\/fr\/wp-json\/wp\/v2\/media?parent=403878"}],"wp:term":[{"taxonomy":"category","embeddable":true,"href":"https:\/\/www.europesays.com\/fr\/wp-json\/wp\/v2\/categories?post=403878"},{"taxonomy":"post_tag","embeddable":true,"href":"https:\/\/www.europesays.com\/fr\/wp-json\/wp\/v2\/tags?post=403878"}],"curies":[{"name":"wp","href":"https:\/\/api.w.org\/{rel}","templated":true}]}}