{"id":40390,"date":"2025-04-21T02:21:10","date_gmt":"2025-04-21T02:21:10","guid":{"rendered":"https:\/\/www.europesays.com\/fr\/40390\/"},"modified":"2025-04-21T02:21:10","modified_gmt":"2025-04-21T02:21:10","slug":"avec-ses-photos-diris-il-propose-des-cliches-eblouissants","status":"publish","type":"post","link":"https:\/\/www.europesays.com\/fr\/40390\/","title":{"rendered":"avec ses photos d&rsquo;iris, il propose des clich\u00e9s \u00e9blouissants"},"content":{"rendered":"<p>            Par<br \/>\n        <strong><br \/>\n            <a href=\"https:\/\/actu.fr\/auteur\/jerome-lemonnier\" title=\"Consulter tous les articles de J\u00e9r\u00f4me Lemonnier\" rel=\"nofollow noopener\" target=\"_blank\">J\u00e9r\u00f4me Lemonnier<\/a><br \/>\n        <\/strong><\/p>\n<p>        Publi\u00e9 le<\/p>\n<p>            20 avr. 2025 \u00e0 6h20        <\/p>\n<p>\u00ab C\u2019est la passion qui a fini par prendre le dessus \u00bb. La phrase est sign\u00e9e <b>Gilles Dervillez<\/b>. Originaire des <a href=\"https:\/\/actu.fr\/ile-de-france\/les-chapelles-bourbon_77091\" rel=\"nofollow noopener\" target=\"_blank\">Chapelles-Bourbon<\/a> (<b>Seine-et-Marne<\/b>), l\u2019homme de 55 ans a ouvert il y a quelques mois un studio photo \u00e0 son domicile. \u00ab C\u2019est une <b><a href=\"https:\/\/actu.fr\/tag\/reconversion\" rel=\"nofollow noopener\" target=\"_blank\">reconversion<\/a> professionnelle<\/b>, note-t-il. Auparavant, j\u2019\u00e9tais contr\u00f4leur de gestion dans le financement immobilier. Mais apr\u00e8s m\u00fbre r\u00e9flexion, j\u2019ai d\u00e9cid\u00e9 de tout arr\u00eater pour faire de ma passion pour la photographie, mon nouveau m\u00e9tier \u00bb.<\/p>\n<p>Automobiles, faune et flore<\/p>\n<p class=\" wall-content\">Et il faut dire que sa passion pour la photographie remonte \u00e0 un temps que les moins de vingt ans ne peuvent pas conna\u00eetre. \u00ab Je me souviens que j\u2019ai re\u00e7u mon <b>premier appareil photo \u00e0 l\u2019\u00e2ge de huit ans<\/b>. J\u2019ai tout de suite ador\u00e9 m\u2019en servir. Par la suite, je faisais des photos de famille et de vacances. Puis, j\u2019ai laiss\u00e9 \u00e7a de c\u00f4t\u00e9 \u00bb. Apr\u00e8s avoir pos\u00e9 l\u2019appareil au placard pendant quelques ann\u00e9es, l\u2019envie est peu \u00e0 peu revenue. \u00ab J\u2019ai eu l\u2019opportunit\u00e9 de suivre les <b>24\u00a0heures du\u00a0Mans<\/b>. Je me suis vraiment fait de nouveau plaisir derri\u00e8re l\u2019appareil \u00bb, certifie Gilles Dervillez.<\/p>\n<p class=\" wall-content\">Du sport automobile, il s\u2019est ensuite d\u00e9port\u00e9 vers la photo animali\u00e8re. Lions, tigres, l\u00e9opards ou encore servals sont pass\u00e9s devant son objectif au cours de voyages au Kenya durant lesquels il a fait notamment deux safaris dans la <b>r\u00e9serve nationale du Masai Mara<\/b>. Des clich\u00e9s qui lui permettront de participer \u00e0 diff\u00e9rentes expositions dans la r\u00e9gion.<\/p>\n<p class=\" wall-content\">Pass\u00e9 la cinquantaine, ce dernier a souhait\u00e9 se r\u00e9orienter professionnellement parlant. \u00ab J\u2019ai senti que c\u2019\u00e9tait le moment. Je voulais vraiment faire quelque chose qui me plaisait encore plus pour les derni\u00e8res ann\u00e9es de ma carri\u00e8re. C\u2019est pourquoi je me suis inscrit dans une \u00e9cole \u00e0 <b>Ivry-sur-Seine<\/b> pour valider mes acquis et apprendre de nouvelles choses \u00bb, r\u00e9capitule celui qui s\u2019\u00e9tait lanc\u00e9 dans la photo de fa\u00e7on totalement autodidacte \u00e0 ses d\u00e9buts.<\/p>\n<p>L\u2019iris, sujet de photo<\/p>\n<p class=\" wall-content\">Depuis 18\u00a0mois, l\u2019homme poss\u00e8de donc son studio photo qu\u2019il a am\u00e9nag\u00e9 \u00e0 son domicile, <b>aux Chapelles-Bourbon<\/b>. Sur site, il r\u00e9alise diff\u00e9rentes prestations comme des shootings, des photos pour des pi\u00e8ces d\u2019identit\u00e9, des mariages, des bapt\u00eames. R\u00e9cemment, il s\u2019est m\u00eame lanc\u00e9 dans une prestation peu commune : la prise de vue d\u2019iris. \u00ab J<b>e prends l\u2019\u0153il de la personne en photo<\/b>, puis je traite le fichier en ne gardant que l\u2019iris sur un fond compl\u00e8tement noir. <b>J\u2019accentue quelque peu la couleur<\/b>, et selon les demandes des clients, je rajoute quelques effets \u00bb, \u00e9num\u00e8re-t-il. Et les r\u00e9sultats sont \u00e9poustouflants ! Le rendu peut \u00eatre reproduit sur diff\u00e9rents supports : sur papier, toile ou encore verre acrylique de tailles diverses. Une occasion pour vous de surprendre vos proches avec une photo des plus \u00e9tonnantes. De quoi changer des photos de famille classiques\u2026<\/p>\n<p>Vid\u00e9os : en ce moment sur ActuRenseignements Pour contacter Gilles Dervillez, composez le 06 13 91 02 35 et visitez son site Internet <a href=\"https:\/\/gilles-dervillez-photographie.com\/\" rel=\"nofollow noopener\" target=\"_blank\">www.gilles-dervillez-photographie.com<\/a>. Le studio aux Chapelles-Bourbon est ouvert du lundi au samedi de 9h \u00e0 18h.<\/p>\n<p class=\" wall-content\">Suivez toute l\u2019actualit\u00e9 de vos villes et m\u00e9dias favoris en vous inscrivant \u00e0 <a href=\"https:\/\/moncompte.actu.fr\" title=\"D\u00e9couvez Mon Actu\" rel=\"nofollow noopener\" data-trk=\"{&quot;cta&quot;:{&quot;action&quot;:&quot;https:\\\/\\\/moncompte.actu.fr&quot;,&quot;category&quot;:&quot;mon compte&quot;,&quot;from&quot;:&quot;article footer&quot;,&quot;name&quot;:&quot;Mon actu&quot;,&quot;type&quot;:&quot;cta&quot;}}\" target=\"_blank\">Mon Actu<\/a>.<\/p>\n","protected":false},"excerpt":{"rendered":"Par J\u00e9r\u00f4me Lemonnier Publi\u00e9 le 20 avr. 2025 \u00e0 6h20 \u00ab C\u2019est la passion qui a fini par&hellip;\n","protected":false},"author":2,"featured_media":40391,"comment_status":"","ping_status":"","sticky":false,"template":"","format":"standard","meta":{"footnotes":""},"categories":[1358],"tags":[1348,1384,1385,1386,58,59,1011,27,6046,104],"class_list":{"0":"post-40390","1":"post","2":"type-post","3":"status-publish","4":"format-standard","5":"has-post-thumbnail","7":"category-arts-et-design","8":"tag-arts","9":"tag-arts-and-design","10":"tag-arts-et-design","11":"tag-design","12":"tag-divertissement","13":"tag-entertainment","14":"tag-fr","15":"tag-france","16":"tag-reconversion","17":"tag-societe"},"share_on_mastodon":{"url":"https:\/\/pubeurope.com\/@fr\/114373570316647656","error":""},"_links":{"self":[{"href":"https:\/\/www.europesays.com\/fr\/wp-json\/wp\/v2\/posts\/40390","targetHints":{"allow":["GET"]}}],"collection":[{"href":"https:\/\/www.europesays.com\/fr\/wp-json\/wp\/v2\/posts"}],"about":[{"href":"https:\/\/www.europesays.com\/fr\/wp-json\/wp\/v2\/types\/post"}],"author":[{"embeddable":true,"href":"https:\/\/www.europesays.com\/fr\/wp-json\/wp\/v2\/users\/2"}],"replies":[{"embeddable":true,"href":"https:\/\/www.europesays.com\/fr\/wp-json\/wp\/v2\/comments?post=40390"}],"version-history":[{"count":0,"href":"https:\/\/www.europesays.com\/fr\/wp-json\/wp\/v2\/posts\/40390\/revisions"}],"wp:featuredmedia":[{"embeddable":true,"href":"https:\/\/www.europesays.com\/fr\/wp-json\/wp\/v2\/media\/40391"}],"wp:attachment":[{"href":"https:\/\/www.europesays.com\/fr\/wp-json\/wp\/v2\/media?parent=40390"}],"wp:term":[{"taxonomy":"category","embeddable":true,"href":"https:\/\/www.europesays.com\/fr\/wp-json\/wp\/v2\/categories?post=40390"},{"taxonomy":"post_tag","embeddable":true,"href":"https:\/\/www.europesays.com\/fr\/wp-json\/wp\/v2\/tags?post=40390"}],"curies":[{"name":"wp","href":"https:\/\/api.w.org\/{rel}","templated":true}]}}