{"id":403911,"date":"2025-09-20T03:44:11","date_gmt":"2025-09-20T03:44:11","guid":{"rendered":"https:\/\/www.europesays.com\/fr\/403911\/"},"modified":"2025-09-20T03:44:11","modified_gmt":"2025-09-20T03:44:11","slug":"pourquoi-certains-pays-europeens-renouent-discretement-contact-avec-les-talibans","status":"publish","type":"post","link":"https:\/\/www.europesays.com\/fr\/403911\/","title":{"rendered":"Pourquoi certains pays europ\u00e9ens renouent discr\u00e8tement contact avec les talibans"},"content":{"rendered":"<p class=\"mb-4 text-lg md:leading-8 break-words\">Pour r\u00e9pondre \u00e0 la question migratoire et \u00abrenvoyer\u00bb dans leur pays des Afghans en situation irr\u00e9guli\u00e8re sur leur sol, plusieurs pays europ\u00e9ens rouvrent discr\u00e8tement des canaux diplomatiques avec le r\u00e9gime taliban \u2013une pirouette g\u00e9opolitique qui bouscule dix ans de d\u00e9clarations morales et d&rsquo;isolement international, <a href=\"https:\/\/www.ft.com\/content\/2e746d46-51aa-475c-a659-1c7bed820a0e\" rel=\"nofollow noopener\" target=\"_blank\" data-ylk=\"slk:rappelle un article du Financial Times;elm:context_link;itc:0;sec:content-canvas\" class=\"link \">rappelle un article du Financial Times<\/a>.<\/p>\n<p class=\"mb-4 text-lg md:leading-8 break-words\">Des d\u00e9l\u00e9gations allemandes, suisses et autrichiennes ont multipli\u00e9 les allers-retours \u00e0 Kaboul depuis le d\u00e9but de l&rsquo;ann\u00e9e, motiv\u00e9es non par l&rsquo;envie de serrer la main des mollahs, mais par la complexit\u00e9 des expulsions: comment renvoyer des citoyens afghans si le seul interlocuteur capable de leur d\u00e9livrer des papiers s&rsquo;appelle d\u00e9sormais \u00abl&rsquo;\u00c9tat islamique d&rsquo;Afghanistan\u00bb? M\u00eame le Royaume-Uni serait int\u00e9ress\u00e9 par d&rsquo;\u00e9ventuels \u00abaccords de retour\u00bb.<\/p>\n<p class=\"mb-4 text-lg md:leading-8 break-words\">Ce virage marque la fin du grand boycott, amorc\u00e9 en 2021 apr\u00e8s le retour des <a href=\"https:\/\/fr.news.yahoo.com\/s%C3%A9isme-afghanistan-secouristes-aid%C3%A9-hommes-100000098.html\" data-ylk=\"slk:talibans;elm:context_link;itc:0;sec:content-canvas;outcm:mb_qualified_link;_E:mb_qualified_link;ct:story;\" class=\"link  yahoo-link\" target=\"_blank\" rel=\"noopener\">talibans<\/a> au pouvoir. L&rsquo;Europe, qui condamnait leurs politiques envers les femmes et les minorit\u00e9s, doit composer avec eux par r\u00e9signation, pragmatisme ou l\u00e2chet\u00e9\u2026 histoire de point de vue. Car pour rapatrier, il faut coop\u00e9rer et face \u00e0 ce qui est pr\u00e9sent\u00e9 par beaucoup comme une situation d&rsquo;urgence migratoire, la fr\u00e9quentabilit\u00e9 du r\u00e9gime semble \u00eatre une variable d&rsquo;ajustement.<\/p>\n<p class=\"mb-4 text-lg md:leading-8 break-words\">Le contexte afghan joue en faveur des talibans: asphyxi\u00e9 \u00e9conomiquement par la coupure de l&rsquo;aide occidentale, en butte \u00e0 des catastrophes naturelles et \u00e0 une pauvret\u00e9 chronique, <a href=\"https:\/\/fr.news.yahoo.com\/m%C3%A9tier-%C3%A9tait-passion-d%C3%A9sormais-cest-045502096.html\" data-ylk=\"slk:Kaboul;elm:context_link;itc:0;sec:content-canvas;outcm:mb_qualified_link;_E:mb_qualified_link;ct:story;\" class=\"link  yahoo-link\" target=\"_blank\" rel=\"noopener\">Kaboul<\/a> tire profit de la volont\u00e9 occidentale de g\u00e9rer l&rsquo;exil afghan. Quatre millions de personnes ont d\u00e9j\u00e0 \u00e9t\u00e9 rapatri\u00e9es ou expuls\u00e9es depuis le Pakistan ou l&rsquo;Iran en moins de deux ans. Chaque contact officiel avec l&rsquo;Europe sonne comme une reconnaissance partielle et est une victoire pour les strat\u00e8ges islamistes.<\/p>\n<p>\u00abCollaboration technique\u00bb seulement?<\/p>\n<p class=\"mb-4 text-lg md:leading-8 break-words\">Le malaise n&rsquo;est pas que moral. \u00c0 <a href=\"https:\/\/fr.news.yahoo.com\/%C3%A0-berlin-fraude-transports-nom-045500071.html\" data-ylk=\"slk:Berlin;elm:context_link;itc:0;sec:content-canvas;outcm:mb_qualified_link;_E:mb_qualified_link;ct:story;\" class=\"link  yahoo-link\" target=\"_blank\" rel=\"noopener\">Berlin<\/a>, l&rsquo;accr\u00e9ditation de deux officiels talibans pour traiter les questions migratoires a suscit\u00e9 des protestations. Certains d\u00e9noncent une \u00abnormalisation d&rsquo;un r\u00e9gime terroriste\u00bb. Mais impossible de contourner la nouvelle r\u00e9alit\u00e9: besoins logistiques, gestion des expuls\u00e9s, documentation administrative, etc. Tout passe par Kaboul.<\/p>\n<p class=\"mb-4 text-lg md:leading-8 break-words\">La Suisse a rouvert un bureau humanitaire et emploie d\u00e9sormais les services des talibans pour identifier ses ressortissants \u00e0 expulser, tout en maintenant un discours technique \u2013pas <a href=\"https:\/\/www.slate.fr\/societe\/lexplication\/immunite-diplomatique-impunite-condamnation-affaires-etrangeres-convention-vienne\" rel=\"nofollow noopener\" target=\"_blank\" data-ylk=\"slk:diplomatique;elm:context_link;itc:0;sec:content-canvas\" class=\"link \">diplomatique<\/a>, promet-on. L&rsquo;Autriche n\u00e9gocie en personne, avec visites officielles \u00e0 Kaboul et rencontres \u00e0 Vienne pour r\u00e9gler les d\u00e9tails op\u00e9rationnels des retours.<\/p>\n<p class=\"mb-4 text-lg md:leading-8 break-words\">En coulisses, les talibans n\u00e9gocient avec les \u00c9tats-Unis, la Chine et le Royaume-Uni pour montrer leur volont\u00e9 \u2013toute relative\u2013 de jouer le jeu de la lutte antiterroriste. Leurs contacts avec <a href=\"https:\/\/fr.news.yahoo.com\/chute-historique-revenus-p%C3%A9tro-gaziers-055501304.html\" data-ylk=\"slk:Moscou;elm:context_link;itc:0;sec:content-canvas;outcm:mb_qualified_link;_E:mb_qualified_link;ct:story;\" class=\"link  yahoo-link\" target=\"_blank\" rel=\"noopener\">Moscou<\/a>, P\u00e9kin et Islamabad leur donnent des marges de man\u0153uvre: ils offrent une \u00abcollaboration technique\u00bb contre <a href=\"https:\/\/fr.wikipedia.org\/wiki\/%C3%89tat_islamique_au_Khorassan\" rel=\"nofollow noopener\" target=\"_blank\" data-ylk=\"slk:l&#039;\u00c9tat islamique au Khorassan;elm:context_link;itc:0;sec:content-canvas\" class=\"link \">l&rsquo;\u00c9tat islamique au Khorassan<\/a>, tr\u00e8s actif dans la r\u00e9gion, et esp\u00e8rent obtenir en retour des bribes de l\u00e9gitimit\u00e9 diplomatique.<\/p>\n<p class=\"mb-4 text-lg md:leading-8 break-words\">La question fracture <a href=\"https:\/\/fr.news.yahoo.com\/paneurope-%C3%A0-lunion-europ%C3%A9enne-aurait-070003811.html\" data-ylk=\"slk:l&#039;Europe;elm:context_link;itc:0;sec:content-canvas;outcm:mb_qualified_link;_E:mb_qualified_link;ct:story;\" class=\"link  yahoo-link\" target=\"_blank\" rel=\"noopener\">l&rsquo;Europe<\/a>: faut-il traiter avec un r\u00e9gime qui bannit <a href=\"https:\/\/www.slate.fr\/grand-format\/afghanistan-pays-femmes-filles-invisibilisees-droits-talibans-kaboul-reportage-photo-no-womans-land-kiana-hayeri-melissa-cornet-prix-carmignac\" rel=\"nofollow noopener\" target=\"_blank\" data-ylk=\"slk:les filles;elm:context_link;itc:0;sec:content-canvas\" class=\"link \">les filles<\/a> des \u00e9coles et r\u00e9prime ses opposants? La r\u00e9ponse, pour l&rsquo;instant, est pragmatique: \u00abgestion des flux migratoires\u00bb avant tout et droits humains rel\u00e9gu\u00e9s au second plan. Mais au fil des accords sur les expulsions, le r\u00e9gime de Kaboul engrange ce qu&rsquo;il cherchait: une normalisation lente, par la force des choses, au c\u0153ur du jeu diplomatique international.<\/p>\n","protected":false},"excerpt":{"rendered":"Pour r\u00e9pondre \u00e0 la question migratoire et \u00abrenvoyer\u00bb dans leur pays des Afghans en situation irr\u00e9guli\u00e8re sur leur&hellip;\n","protected":false},"author":2,"featured_media":403912,"comment_status":"","ping_status":"","sticky":false,"template":"","format":"standard","meta":{"footnotes":""},"categories":[1586],"tags":[11,1777,674,1011,27,596,12,28449,25,473],"class_list":{"0":"post-403911","1":"post","2":"type-post","3":"status-publish","4":"format-standard","5":"has-post-thumbnail","7":"category-europe","8":"tag-actualites","9":"tag-eu","10":"tag-europe","11":"tag-fr","12":"tag-france","13":"tag-kaboul","14":"tag-news","15":"tag-pays-europeens","16":"tag-republique-francaise","17":"tag-royaume-uni"},"share_on_mastodon":{"url":"https:\/\/pubeurope.com\/@fr\/115234567910994814","error":""},"_links":{"self":[{"href":"https:\/\/www.europesays.com\/fr\/wp-json\/wp\/v2\/posts\/403911","targetHints":{"allow":["GET"]}}],"collection":[{"href":"https:\/\/www.europesays.com\/fr\/wp-json\/wp\/v2\/posts"}],"about":[{"href":"https:\/\/www.europesays.com\/fr\/wp-json\/wp\/v2\/types\/post"}],"author":[{"embeddable":true,"href":"https:\/\/www.europesays.com\/fr\/wp-json\/wp\/v2\/users\/2"}],"replies":[{"embeddable":true,"href":"https:\/\/www.europesays.com\/fr\/wp-json\/wp\/v2\/comments?post=403911"}],"version-history":[{"count":0,"href":"https:\/\/www.europesays.com\/fr\/wp-json\/wp\/v2\/posts\/403911\/revisions"}],"wp:featuredmedia":[{"embeddable":true,"href":"https:\/\/www.europesays.com\/fr\/wp-json\/wp\/v2\/media\/403912"}],"wp:attachment":[{"href":"https:\/\/www.europesays.com\/fr\/wp-json\/wp\/v2\/media?parent=403911"}],"wp:term":[{"taxonomy":"category","embeddable":true,"href":"https:\/\/www.europesays.com\/fr\/wp-json\/wp\/v2\/categories?post=403911"},{"taxonomy":"post_tag","embeddable":true,"href":"https:\/\/www.europesays.com\/fr\/wp-json\/wp\/v2\/tags?post=403911"}],"curies":[{"name":"wp","href":"https:\/\/api.w.org\/{rel}","templated":true}]}}