{"id":403913,"date":"2025-09-20T03:45:15","date_gmt":"2025-09-20T03:45:15","guid":{"rendered":"https:\/\/www.europesays.com\/fr\/403913\/"},"modified":"2025-09-20T03:45:15","modified_gmt":"2025-09-20T03:45:15","slug":"andreas-kunne-linterprete-de-bruxelles-a-berne","status":"publish","type":"post","link":"https:\/\/www.europesays.com\/fr\/403913\/","title":{"rendered":"Andreas K\u00fcnne, l\u2019interpr\u00e8te de Bruxelles \u00e0 Berne"},"content":{"rendered":"<p>    R\u00e9sum\u00e9 en 20 secondes<\/p>\n<p>        En savoir plus sur ce type de contenu<\/p>\n<p>Ce r\u00e9sum\u00e9 peut avoir \u00e9t\u00e9 \u00e9crit avec l&rsquo;assistance d\u2019une IA g\u00e9n\u00e9rative. <a href=\"https:\/\/www.letemps.ch\/cyber\/l-usage-de-l-ia-generative-par-les-journalistes-du-temps\" target=\"_blank\" rel=\"noopener\">En savoir plus<\/a><\/p>\n<p class=\"article__abstract-call-to-action\" data-ariato=\"TrackableElement\" data-trackable-element-type=\"article_abstract_cta\" data-trackable-element-location=\"article_header\" data-trackable-element-id=\"506439\">\n        <a data-event=\"click-&gt;clicked\" href=\"https:\/\/www.letemps.ch\/abonnements\" target=\"_blank\" rel=\"noopener\">Abonnez-vous<\/a> pour acc\u00e9der au r\u00e9sum\u00e9 en 20 secondes.\n      <\/p>\n<p>La d\u00e9l\u00e9gation de l\u2019Union europ\u00e9enne (UE) en Suisse est \u00e0 un jet de pierre du D\u00e9partement f\u00e9d\u00e9ral des affaires \u00e9trang\u00e8res, et \u00e0 moins de 500 m\u00e8tres du parlement. Jeudi matin, Andreas K\u00fcnne \u00e9tait re\u00e7u par la pr\u00e9sidente de la Conf\u00e9d\u00e9ration, Karin Keller-Sutter, pour pr\u00e9senter ses lettres de cr\u00e9ance comme le veut le protocole pour tout renouvellement d\u2019ambassadeur. S\u2019en est suivie une courte conversation, qualifi\u00e9e d\u2019\u00abamicale\u00bb et \u00abconstructive\u00bb par celui qui a d\u00e9pos\u00e9 ses valises dans la capitale le jour de son 59e anniversaire, le 1er\u00a0septembre.<\/p>\n<p>\u00abLa Suisse et l\u2019UE ont des valeurs et des int\u00e9r\u00eats communs, explique cet Allemand parfaitement francophone. Les deux parties veulent construire de nouvelles bases pour une relation qui est devenue beaucoup plus importante qu\u2019il y a 10\u00a0ans.\u00bb Pourquoi? \u00abLa situation g\u00e9opolitique l\u2019exige. C\u2019est plus compliqu\u00e9 pour les deux parties, il y a une n\u00e9cessit\u00e9 r\u00e9ciproque de stabiliser et d\u00e9velopper la relation.\u00bb Andreas K\u00fcnne a grandi non loin de la fronti\u00e8re avec l\u2019Allemagne de l\u2019Est. Adolescent, en se promenant le long de la fronti\u00e8re, il pouvait observer les soldats est-allemands et russes. \u00abC\u2019est ce qui explique mon int\u00e9r\u00eat pour la g\u00e9opolitique.\u00bb En 1989, il \u00e9tait \u00e0 Hambourg. Personne n\u2019arrivait \u00e0 croire que le r\u00e9gime communiste s\u2019\u00e9tait effondr\u00e9 en quelques semaines, se souvient-il.<\/p>\n","protected":false},"excerpt":{"rendered":"R\u00e9sum\u00e9 en 20 secondes En savoir plus sur ce type de contenu Ce r\u00e9sum\u00e9 peut avoir \u00e9t\u00e9 \u00e9crit&hellip;\n","protected":false},"author":2,"featured_media":403914,"comment_status":"","ping_status":"","sticky":false,"template":"","format":"standard","meta":{"footnotes":""},"categories":[1586],"tags":[11,1777,674,1779,1011,27,12,301,25,2582,1778,364],"class_list":{"0":"post-403913","1":"post","2":"type-post","3":"status-publish","4":"format-standard","5":"has-post-thumbnail","7":"category-europe","8":"tag-actualites","9":"tag-eu","10":"tag-europe","11":"tag-european-union","12":"tag-fr","13":"tag-france","14":"tag-news","15":"tag-premium","16":"tag-republique-francaise","17":"tag-suisse-ue","18":"tag-ue","19":"tag-union-europeenne"},"share_on_mastodon":{"url":"https:\/\/pubeurope.com\/@fr\/115234571791536470","error":""},"_links":{"self":[{"href":"https:\/\/www.europesays.com\/fr\/wp-json\/wp\/v2\/posts\/403913","targetHints":{"allow":["GET"]}}],"collection":[{"href":"https:\/\/www.europesays.com\/fr\/wp-json\/wp\/v2\/posts"}],"about":[{"href":"https:\/\/www.europesays.com\/fr\/wp-json\/wp\/v2\/types\/post"}],"author":[{"embeddable":true,"href":"https:\/\/www.europesays.com\/fr\/wp-json\/wp\/v2\/users\/2"}],"replies":[{"embeddable":true,"href":"https:\/\/www.europesays.com\/fr\/wp-json\/wp\/v2\/comments?post=403913"}],"version-history":[{"count":0,"href":"https:\/\/www.europesays.com\/fr\/wp-json\/wp\/v2\/posts\/403913\/revisions"}],"wp:featuredmedia":[{"embeddable":true,"href":"https:\/\/www.europesays.com\/fr\/wp-json\/wp\/v2\/media\/403914"}],"wp:attachment":[{"href":"https:\/\/www.europesays.com\/fr\/wp-json\/wp\/v2\/media?parent=403913"}],"wp:term":[{"taxonomy":"category","embeddable":true,"href":"https:\/\/www.europesays.com\/fr\/wp-json\/wp\/v2\/categories?post=403913"},{"taxonomy":"post_tag","embeddable":true,"href":"https:\/\/www.europesays.com\/fr\/wp-json\/wp\/v2\/tags?post=403913"}],"curies":[{"name":"wp","href":"https:\/\/api.w.org\/{rel}","templated":true}]}}