{"id":403919,"date":"2025-09-20T03:48:15","date_gmt":"2025-09-20T03:48:15","guid":{"rendered":"https:\/\/www.europesays.com\/fr\/403919\/"},"modified":"2025-09-20T03:48:15","modified_gmt":"2025-09-20T03:48:15","slug":"de-lete-a-lautomne-en-quelques-heures-seulement-la-meteo-de-ce-week-end-en-france","status":"publish","type":"post","link":"https:\/\/www.europesays.com\/fr\/403919\/","title":{"rendered":"De l\u2019\u00e9t\u00e9 \u00e0 l\u2019automne en quelques heures seulement\u00a0: la m\u00e9t\u00e9o de ce week-end en France"},"content":{"rendered":"<p class=\"paragraph text_align_left lp-f-body-02\">Plein soleil et temp\u00e9ratures sup\u00e9rieures \u00e0 30\u00b0C ; arriv\u00e9e de la pluie, des orages et baisse du thermom\u00e8tre d\u2019une quinzaine de degr\u00e9s. Telle est la pr\u00e9sentation synth\u00e9tique du week-end m\u00e9t\u00e9o. Mais cela correspond bien \u00e0 la tendance g\u00e9n\u00e9rale pour samedi et dimanche, selon les pr\u00e9visions de <a href=\"https:\/\/meteofrance.com\/\" target=\"_blank\" rel=\"noreferrer nofollow noopener\">M\u00e9t\u00e9o France<\/a>.<\/p>\n<p class=\"paragraph text_align_left lp-f-body-02\">Le pays conna\u00eet <a href=\"https:\/\/www.leparisien.fr\/meteo\/30-c-a-paris-et-35-c-dans-le-sud-ouest-un-nouvel-episode-remarquable-de-chaleur-en-approche-16-09-2025-ZQ6ZIXOJUJAJZEKPV4E55S7LWQ.php\" target=\"_blank\" rel=\"noreferrer nofollow noopener\">une situation tr\u00e8s estivale<\/a> depuis mercredi et elle s\u2019accentue encore ce vendredi. Le soleil domine largement et les temp\u00e9ratures approchent les 30\u00b0C dans plusieurs r\u00e9gions, se situant la plupart du temps une dizaine de degr\u00e9s au-dessus des <a href=\"https:\/\/meteofrance.com\/climat\/normales\/france\/nouvelle-aquitaine\" target=\"_blank\" rel=\"noreferrer nofollow noopener\">moyennes de saison<\/a>. Le Sud-Ouest est m\u00eame concern\u00e9 par des maximales proches de 35\u00b0C, soit le seuil de tr\u00e8s forte chaleur.<\/p>\n<p class=\"paragraph text_align_left lp-f-body-02\">Mais la bascule vers l\u2019automne va se faire au cours du week-end. Une masse d\u2019air en provenance du nord de l\u2019Atlantique va prendre le relais de celle en provenance de la p\u00e9ninsule ib\u00e9rique et de l\u2019Afrique. Cette opposition entre niveaux tr\u00e8s diff\u00e9rents de temp\u00e9ratures va provoquer des <a href=\"https:\/\/www.leparisien.fr\/meteo\/orages-tout-savoir-sur-ce-phenomene-meteorologique-15-02-2024-SD2OPBTS5RGFPEKGDK2743323U.php\" target=\"_blank\" rel=\"noreferrer nofollow noopener\">orages<\/a>, parfois forts, de la pluie et surtout une baisse du thermom\u00e8tre pouvant atteindre une quinzaine de degr\u00e9s d\u2019un jour \u00e0 l\u2019autre.<\/p>\n<p>Samedi : encore de la chaleur et deux salves d\u2019orages<\/p>\n<p class=\"paragraph text_align_left lp-f-body-02\">Dans la matin\u00e9e, une zone orageuse concerne le Nord et le Nord-Ouest. Les Hauts-de-France, l\u2019\u00cele-de-France, la Normandie, le Centre-Val de Loire et les Pays de la Loire sont touch\u00e9s. Ailleurs, le soleil domine, malgr\u00e9 quelques nuages, sauf sur la pointe bretonne, o\u00f9 la pluie l\u2019emporte. Dans l\u2019apr\u00e8s-midi, les orages perdent du terrain, mais une nouvelle vague prend forme dans le Sud-Ouest.<\/p>\n<p><img decoding=\"async\" class=\"image \" loading=\"lazy\" src=\"https:\/\/www.europesays.com\/fr\/wp-content\/uploads\/2025\/09\/RTQTM7WBHZAZ3G2QFS6THEGNTQ.png\" alt=\"\/M\u00e9t\u00e9o France\" align=\"\" data-rubrique-principale=\"\" data-article-type=\"\" fetchpriority=\"auto\"\/>\/M\u00e9t\u00e9o France<\/p>\n<p class=\"paragraph text_align_left lp-f-body-02\">Sous un soleil parfois franc, les temp\u00e9ratures continuent d\u2019approcher les 30\u00b0C dans un vaste quart sud-est du pays. Au nord de la Loire, elles continuent g\u00e9n\u00e9ralement de d\u00e9passer les 25\u00b0C, m\u00eame si la baisse peut atteindre 5\u00b0C par rapport \u00e0 vendredi. Dans le Sud-Ouest, avec des maximales entre 20\u00b0C et 25\u00b0C, le thermom\u00e8tre peut descendre de 10\u00b0C comparativement \u00e0 la veille.<\/p>\n<p><img decoding=\"async\" class=\"image \" loading=\"lazy\" src=\"https:\/\/www.europesays.com\/fr\/wp-content\/uploads\/2025\/09\/FRJCOTKAWRBUPLZD6V3VF7MW6I.png\" alt=\"\/M\u00e9t\u00e9o France\" align=\"\" data-rubrique-principale=\"\" data-article-type=\"\" fetchpriority=\"auto\"\/>\/M\u00e9t\u00e9o France<\/p>\n<p class=\"paragraph text_align_left lp-f-body-02\">Dans la soir\u00e9e et pendant la nuit, les orages qui ont pris forme dans le Sud-Ouest se diffusent rapidement sur une vaste bande allant des Pyr\u00e9n\u00e9es-Atlantiques jusqu\u2019aux fronti\u00e8res du nord-est du pays. La prudence doit \u00eatre de mise car ils peuvent \u00eatre localement forts.<\/p>\n<p>Dimanche : une France coup\u00e9e en deux<\/p>\n<p class=\"paragraph text_align_left lp-f-body-02\">Le pays devrait \u00eatre partag\u00e9 entre deux types de situation. \u00c0 l\u2019ouest d\u2019une ligne allant du Pays basque aux Ardennes, \u00e9claircies et soleil seront largement dominants. C\u00f4t\u00e9 est, la pluie et les orages seront pr\u00e9sents toute la journ\u00e9e, exceptions faites des Alpes-Maritimes, o\u00f9 les intemp\u00e9ries devraient arriver en fin de journ\u00e9e, et de la Corse.<\/p>\n<p class=\"paragraph text_align_left lp-f-body-02\">Les temp\u00e9ratures maximales iront d\u2019un peu moins de 15\u00b0C jusqu\u2019\u00e0 17\u00b0C-18\u00b0C au nord de la France, soit une baisse pouvant atteindre 7\u00b0C, voire 8\u00b0C, par rapport \u00e0 samedi. Au sud du pays, il fera une quinzaine de degr\u00e9s seulement dans le Sud-Ouest, entre 20\u00b0C et 25\u00b0C dans le Sud-Est. La baisse pourra donc atteindre une dizaine de degr\u00e9s, voire une quinzaine, en Occitanie par rapport \u00e0 la veille.<\/p>\n<p><img decoding=\"async\" class=\"image \" loading=\"lazy\" src=\"https:\/\/www.europesays.com\/fr\/wp-content\/uploads\/2025\/09\/WMOT4FJNGVG7DGYKM4TCETKL6U.png\" alt=\"\/M\u00e9t\u00e9o France\" align=\"\" data-rubrique-principale=\"\" data-article-type=\"\" fetchpriority=\"auto\"\/>\/M\u00e9t\u00e9o France<\/p>\n<p class=\"paragraph text_align_left lp-f-body-02\">Proches des normales dans le Sud-Est, ces valeurs se situeront une dizaine de degr\u00e9s sous les standards dans le Sud-Ouest, 3\u00b0C-4\u00b0C sous les moyennes dans le nord du pays.<\/p>\n<p>D\u00e9but de semaine prochaine : pluie et temp\u00e9ratures encore en baisse<\/p>\n<p class=\"paragraph text_align_left lp-f-body-02\">Les premiers jours de l\u2019automne devraient \u00eatre marqu\u00e9s par de la pluie et des temp\u00e9ratures encore en baisse. Lundi, la zone la plus arros\u00e9e devrait continuer de se situer sur un axe Sud-Ouest\/Nord-Ouest. Mardi, elles devraient gagner du terrain, mais \u00eatre plus rares dans l\u2019ouest du pays et pr\u00e8s de la M\u00e9diterran\u00e9e. Les temp\u00e9ratures maximales diminueront encore un peu. Elles perdront g\u00e9n\u00e9ralement 2\u00b0C \u00e0 3\u00b0C par rapport \u00e0 la fin du week-end. Du Massif central au Grand Est, la baisse sera encore plus marqu\u00e9e et il ne devrait faire qu\u2019entre 10\u00b0C et 12\u00b0C dans l\u2019apr\u00e8s-midi, soit une dizaine de degr\u00e9s de moins que la normale.<\/p>\n","protected":false},"excerpt":{"rendered":"Plein soleil et temp\u00e9ratures sup\u00e9rieures \u00e0 30\u00b0C ; arriv\u00e9e de la pluie, des orages et baisse du thermom\u00e8tre&hellip;\n","protected":false},"author":2,"featured_media":403920,"comment_status":"","ping_status":"","sticky":false,"template":"","format":"standard","meta":{"footnotes":""},"categories":[4],"tags":[11,1011,27,2487,12,25],"class_list":{"0":"post-403919","1":"post","2":"type-post","3":"status-publish","4":"format-standard","5":"has-post-thumbnail","7":"category-france","8":"tag-actualites","9":"tag-fr","10":"tag-france","11":"tag-meteo","12":"tag-news","13":"tag-republique-francaise"},"share_on_mastodon":{"url":"https:\/\/pubeurope.com\/@fr\/115234584166782740","error":""},"_links":{"self":[{"href":"https:\/\/www.europesays.com\/fr\/wp-json\/wp\/v2\/posts\/403919","targetHints":{"allow":["GET"]}}],"collection":[{"href":"https:\/\/www.europesays.com\/fr\/wp-json\/wp\/v2\/posts"}],"about":[{"href":"https:\/\/www.europesays.com\/fr\/wp-json\/wp\/v2\/types\/post"}],"author":[{"embeddable":true,"href":"https:\/\/www.europesays.com\/fr\/wp-json\/wp\/v2\/users\/2"}],"replies":[{"embeddable":true,"href":"https:\/\/www.europesays.com\/fr\/wp-json\/wp\/v2\/comments?post=403919"}],"version-history":[{"count":0,"href":"https:\/\/www.europesays.com\/fr\/wp-json\/wp\/v2\/posts\/403919\/revisions"}],"wp:featuredmedia":[{"embeddable":true,"href":"https:\/\/www.europesays.com\/fr\/wp-json\/wp\/v2\/media\/403920"}],"wp:attachment":[{"href":"https:\/\/www.europesays.com\/fr\/wp-json\/wp\/v2\/media?parent=403919"}],"wp:term":[{"taxonomy":"category","embeddable":true,"href":"https:\/\/www.europesays.com\/fr\/wp-json\/wp\/v2\/categories?post=403919"},{"taxonomy":"post_tag","embeddable":true,"href":"https:\/\/www.europesays.com\/fr\/wp-json\/wp\/v2\/tags?post=403919"}],"curies":[{"name":"wp","href":"https:\/\/api.w.org\/{rel}","templated":true}]}}