{"id":403921,"date":"2025-09-20T03:52:12","date_gmt":"2025-09-20T03:52:12","guid":{"rendered":"https:\/\/www.europesays.com\/fr\/403921\/"},"modified":"2025-09-20T03:52:12","modified_gmt":"2025-09-20T03:52:12","slug":"laver-cup-le-message-particulier-de-nadal-a-la-team-europe-noubliez-pas-ca","status":"publish","type":"post","link":"https:\/\/www.europesays.com\/fr\/403921\/","title":{"rendered":"Laver Cup > Le message particulier de Nadal \u00e0 la Team Europe : \u00ab\u00a0N&rsquo;oubliez pas \u00e7a !\u00a0\u00bb"},"content":{"rendered":"<p>Avant le d\u00e9but de la 9e \u00e9dition de la Laver Cup \u00e0 San Francisco ce week\u2010end (19 au 21 octobre), Rafael Nadal a adress\u00e9 un message de soutien \u00e0 son ancienne \u00e9quipe, la Team Europe.\u00a0<\/p>\n<p><strong>\u00ab\u202fBonne chance \u00e0 la Team Europe. Et n\u2019ou\u00adbliez pas\u00a0: \u2018Any finger, you cross !\u2019 (\u2018n\u2019im\u00adporte quel doigt, tu croises !)\u2019\u202f\u202f\u00bb<\/strong>, a \u00e9crit l\u2019Espagnol, en r\u00e9f\u00e9\u00adrence \u00e0 un moment culte en double avec Tsitsipas, qu\u2019il a partag\u00e9 sur\u00a0X\u00a0:\u00a0<\/p>\n<blockquote class=\"twitter-tweet\">\n<p lang=\"en\" dir=\"ltr\">Good luck Team Europe \ud83d\udd35! And don\u2019t forget\u00a0: \u201c\ud835\ude3c\ud835\ude63\ud835\ude6e \ud835\ude5b\ud835\ude5e\ud835\ude63\ud835\ude5c\ud835\ude5a\ud835\ude67, \ud835\ude6e\ud835\ude64\ud835\ude6a \ud835\ude58\ud835\ude67\ud835\ude64\ud835\ude68\ud835\ude68.\u201d! \ud83d\ude02\ud83d\ude02<\/p>\n<p>\ud83d\udcaa\ud83c\udffc <a href=\"https:\/\/twitter.com\/LaverCup?ref_src=twsrc%5Etfw\" data-wpel-link=\"external\" target=\"_blank\" rel=\"nofollow external noopener\">@LaverCup<\/a> \ud83d\udcaa\ud83c\udffc<\/p>\n<p><a href=\"https:\/\/t.co\/3czDASRZVk\" data-wpel-link=\"external\" target=\"_blank\" rel=\"nofollow external noopener\">pic.twitter.com\/3czDASRZVk<\/a><\/p>\n<p>\u2014 Rafa Nadal (@RafaelNadal) <a href=\"https:\/\/twitter.com\/RafaelNadal\/status\/1968998437841477833?ref_src=twsrc%5Etfw\" data-wpel-link=\"external\" target=\"_blank\" rel=\"nofollow external noopener\">September 19,\u00a02025<\/a><\/p><\/blockquote>\n<p>Nadal avait bien du mal \u00e0 comprendre les signes de la main de Tsitsipas\u202f!<\/p>\n<p class=\"post-published-date\" style=\"color: silver; font-size: 75%; text-align: left;\">Publi\u00e9 le vendredi 19 septembre 2025 \u00e0 14:23<\/p>\n<p><script async src=\"https:\/\/platform.twitter.com\/widgets.js\" charset=\"utf-8\"><\/script><\/p>\n","protected":false},"excerpt":{"rendered":"Avant le d\u00e9but de la 9e \u00e9dition de la Laver Cup \u00e0 San Francisco ce week\u2010end (19 au&hellip;\n","protected":false},"author":2,"featured_media":254015,"comment_status":"","ping_status":"","sticky":false,"template":"","format":"standard","meta":{"footnotes":""},"categories":[1415],"tags":[1011,27,1960,60,1467,5443],"class_list":{"0":"post-403921","1":"post","2":"type-post","3":"status-publish","4":"format-standard","5":"has-post-thumbnail","7":"category-tennis","8":"tag-fr","9":"tag-france","10":"tag-nadal","11":"tag-sports","12":"tag-tennis","13":"tag-tsitsipas"},"share_on_mastodon":{"url":"https:\/\/pubeurope.com\/@fr\/115234599269710226","error":""},"_links":{"self":[{"href":"https:\/\/www.europesays.com\/fr\/wp-json\/wp\/v2\/posts\/403921","targetHints":{"allow":["GET"]}}],"collection":[{"href":"https:\/\/www.europesays.com\/fr\/wp-json\/wp\/v2\/posts"}],"about":[{"href":"https:\/\/www.europesays.com\/fr\/wp-json\/wp\/v2\/types\/post"}],"author":[{"embeddable":true,"href":"https:\/\/www.europesays.com\/fr\/wp-json\/wp\/v2\/users\/2"}],"replies":[{"embeddable":true,"href":"https:\/\/www.europesays.com\/fr\/wp-json\/wp\/v2\/comments?post=403921"}],"version-history":[{"count":0,"href":"https:\/\/www.europesays.com\/fr\/wp-json\/wp\/v2\/posts\/403921\/revisions"}],"wp:featuredmedia":[{"embeddable":true,"href":"https:\/\/www.europesays.com\/fr\/wp-json\/wp\/v2\/media\/254015"}],"wp:attachment":[{"href":"https:\/\/www.europesays.com\/fr\/wp-json\/wp\/v2\/media?parent=403921"}],"wp:term":[{"taxonomy":"category","embeddable":true,"href":"https:\/\/www.europesays.com\/fr\/wp-json\/wp\/v2\/categories?post=403921"},{"taxonomy":"post_tag","embeddable":true,"href":"https:\/\/www.europesays.com\/fr\/wp-json\/wp\/v2\/tags?post=403921"}],"curies":[{"name":"wp","href":"https:\/\/api.w.org\/{rel}","templated":true}]}}