{"id":403924,"date":"2025-09-20T03:55:25","date_gmt":"2025-09-20T03:55:25","guid":{"rendered":"https:\/\/www.europesays.com\/fr\/403924\/"},"modified":"2025-09-20T03:55:25","modified_gmt":"2025-09-20T03:55:25","slug":"piastri-sous-enquete-a-bakou-le-verdict-des-commissaires","status":"publish","type":"post","link":"https:\/\/www.europesays.com\/fr\/403924\/","title":{"rendered":"Piastri sous enqu\u00eate \u00e0 Bakou\u00a0: le verdict des commissaires"},"content":{"rendered":"<p>Au sortir des Essais Libres 2 du GP d&rsquo;Azerba\u00efdjan 2025 de F1, le leader du championnat du monde <a href=\"https:\/\/fr.motorsport.com\/driver\/oscar-piastri\/835356\/\" target=\"_blank\" rel=\"noopener\">Oscar Piastri<\/a> \u00e9tait sous enqu\u00eate des commissaires pour une potentielle infraction sous drapeau jaune. L&rsquo;incident, not\u00e9 pendant la s\u00e9ance, a entra\u00een\u00e9 une convocation de l&rsquo;Australien dans le bureau des officiels \u00e0 15h40, heure fran\u00e7aise.<\/p>\n<p>Plus pr\u00e9cis\u00e9ment, il \u00e9tait reproch\u00e9 \u00e0 Piastri de ne pas avoir suffisamment ralenti sous drapeau jaune lors de cette seconde s\u00e9ance de l&rsquo;\u00e9preuve, \u00e0 14h33 pr\u00e9cis\u00e9ment, alors qu&rsquo;il passait dans le premier virage et qu&rsquo;une voiture venait de tirer tout droit dans l&rsquo;\u00e9chappatoire. Il s&rsquo;agissait d&rsquo;une pr\u00e9somption d&rsquo;infraction \u00e0 l&rsquo;article 2.5.5 b du Code Sportif International de la FIA.\u00a0<\/p>\n<p>Les commissaires ont bien sanctionn\u00e9 le pr\u00e9tendant au titre mais d&rsquo;une r\u00e9primande seulement, sa premi\u00e8re de la saison, constatant qu&rsquo;il y avait bien eu infraction, mais que celle-ci se logeait en r\u00e9alit\u00e9 dans un timing qui rendait quasi impossible pour Piastri d&rsquo;y r\u00e9agir correctement. Il n&rsquo;a par ailleurs pas re\u00e7u de point de p\u00e9nalit\u00e9 sur sa licence.<\/p>\n<p>Voici comment la d\u00e9cision a \u00e9t\u00e9 justifi\u00e9e : \u00ab\u00a0Un drapeau jaune a \u00e9t\u00e9 d\u00e9ploy\u00e9 au poste de contr\u00f4le 1.2 et une lumi\u00e8re verte a \u00e9t\u00e9 allum\u00e9e au panneau lumineux 3. Les pilotes avaient re\u00e7u pour instruction de respecter les consignes applicables en cas de drapeau jaune d\u00e8s qu&rsquo;ils voyaient une lumi\u00e8re verte, m\u00eame s&rsquo;ils n&rsquo;avaient pas vu le drapeau jaune [qui la justifiait].\u00a0\u00bb<\/p>\n<p>   <img decoding=\"async\" draggable=\"false\" src=\"https:\/\/www.europesays.com\/fr\/wp-content\/uploads\/2025\/09\/1758340525_722_oscar-piastri-mclaren.jpg\" alt=\"Oscar Piastri (McLaren)\" width=\"1200\" height=\"800\" loading=\"lazy\"\/> <\/p>\n<p class=\"title\">Oscar Piastri (McLaren)<\/p>\n<p class=\"photographer\">Photo de: Mark Thompson &#8211; Getty Images<\/p>\n<p>\u00ab\u00a0Dans le cas pr\u00e9sent, le pilote avait d\u00e9pass\u00e9 le poste de commissaire 1.2 lorsque le drapeau jaune a \u00e9t\u00e9 brandi pour la premi\u00e8re fois, mais il a pu voir la lumi\u00e8re verte au panneau lumineux 3. Le drapeau jaune a \u00e9t\u00e9 retir\u00e9 moins d&rsquo;une seconde apr\u00e8s que le feu vert soit devenu visible pour le pilote.\u00a0\u00bb<\/p>\n<p>\u00ab\u00a0Par cons\u00e9quent, techniquement, il y a eu violation du r\u00e8glement, mais en raison des circonstances att\u00e9nuantes susmentionn\u00e9es, la sanction inflig\u00e9e est r\u00e9duite \u00e0 une r\u00e9primande. Cette d\u00e9cision est conforme \u00e0 celle prise lors d&rsquo;incidents similaires ant\u00e9rieurs.\u00a0\u00bb<\/p>\n<p>Pour rappel, selon <a href=\"https:\/\/fr.motorsport.com\/f1\/news\/fia-rend-publics-documents-commissaires\/10736147\/\" target=\"_self\" rel=\"noopener\">l&rsquo;un des deux documents publi\u00e9s plus t\u00f4t dans l&rsquo;ann\u00e9e par la FIA<\/a> pour des questions de transparence du travail des commissaires, un ralentissement jug\u00e9 insuffisant sous simple drapeau jaune, m\u00eame lors des s\u00e9ances d&rsquo;essais libres, peut entra\u00eener cinq places de recul sur la grille et deux points de p\u00e9nalit\u00e9 sur la Super Licence, cette sanction de base pouvant ensuite \u00eatre minor\u00e9e ou major\u00e9e en fonction de circonstances att\u00e9nuantes ou aggravantes.<\/p>\n<p>Lire aussi :<\/p>\n","protected":false},"excerpt":{"rendered":"Au sortir des Essais Libres 2 du GP d&rsquo;Azerba\u00efdjan 2025 de F1, le leader du championnat du monde&hellip;\n","protected":false},"author":2,"featured_media":403925,"comment_status":"","ping_status":"","sticky":false,"template":"","format":"standard","meta":{"footnotes":""},"categories":[1412],"tags":[52446,1451,1452,1453,1454,1455,1011,27,52445,4475,2241,53532,60],"class_list":{"0":"post-403924","1":"post","2":"type-post","3":"status-publish","4":"format-standard","5":"has-post-thumbnail","7":"category-f1","8":"tag-baku-city-circuit","9":"tag-f1","10":"tag-formula-1","11":"tag-formula1","12":"tag-formule-1","13":"tag-formule1","14":"tag-fr","15":"tag-france","16":"tag-gp-dazerbau00efdjan","17":"tag-mclaren","18":"tag-oscar-piastri","19":"tag-piastri-sous-enquu00eate-u00e0-bakouu00a0-le-verdict-des-commissaires","20":"tag-sports"},"share_on_mastodon":{"url":"https:\/\/pubeurope.com\/@fr\/115234611420870186","error":""},"_links":{"self":[{"href":"https:\/\/www.europesays.com\/fr\/wp-json\/wp\/v2\/posts\/403924","targetHints":{"allow":["GET"]}}],"collection":[{"href":"https:\/\/www.europesays.com\/fr\/wp-json\/wp\/v2\/posts"}],"about":[{"href":"https:\/\/www.europesays.com\/fr\/wp-json\/wp\/v2\/types\/post"}],"author":[{"embeddable":true,"href":"https:\/\/www.europesays.com\/fr\/wp-json\/wp\/v2\/users\/2"}],"replies":[{"embeddable":true,"href":"https:\/\/www.europesays.com\/fr\/wp-json\/wp\/v2\/comments?post=403924"}],"version-history":[{"count":0,"href":"https:\/\/www.europesays.com\/fr\/wp-json\/wp\/v2\/posts\/403924\/revisions"}],"wp:featuredmedia":[{"embeddable":true,"href":"https:\/\/www.europesays.com\/fr\/wp-json\/wp\/v2\/media\/403925"}],"wp:attachment":[{"href":"https:\/\/www.europesays.com\/fr\/wp-json\/wp\/v2\/media?parent=403924"}],"wp:term":[{"taxonomy":"category","embeddable":true,"href":"https:\/\/www.europesays.com\/fr\/wp-json\/wp\/v2\/categories?post=403924"},{"taxonomy":"post_tag","embeddable":true,"href":"https:\/\/www.europesays.com\/fr\/wp-json\/wp\/v2\/tags?post=403924"}],"curies":[{"name":"wp","href":"https:\/\/api.w.org\/{rel}","templated":true}]}}