{"id":403936,"date":"2025-09-20T04:01:12","date_gmt":"2025-09-20T04:01:12","guid":{"rendered":"https:\/\/www.europesays.com\/fr\/403936\/"},"modified":"2025-09-20T04:01:12","modified_gmt":"2025-09-20T04:01:12","slug":"elle-vous-laisse-le-manche-gad-elmaleh-pas-convaincu-de-voir-mohamed-bouhafsi-a-la-place-danne-elisabeth-lemoine","status":"publish","type":"post","link":"https:\/\/www.europesays.com\/fr\/403936\/","title":{"rendered":"\u2018\u2018Elle vous laisse le manche\u201d : Gad Elmaleh pas convaincu de voir Mohamed Bouhafsi \u00e0 la place d\u2019Anne-\u00c9lisabeth Lemoine"},"content":{"rendered":"<p>Depuis la rentr\u00e9e de septembre 2025, <a href=\"https:\/\/www.closermag.fr\/people\/patrick-cohen-se-defend-dans-c-a-vous-et-ca-fait-hurler-un-homme-politique-tout-benef-3580190\" target=\"_blank\" rel=\"noopener\"><br \/>\nC \u00e0 vous<\/a> sur France 5<br \/>\na op\u00e9r\u00e9 un bouleversement : <a href=\"https:\/\/www.closermag.fr\/people\/si-vous-voulez-bien-le-laisser-finir-ses-phrases-echange-tendu-dans-c-a-vous-anne-elisabeth-lemoine-sevit-3533632\" target=\"_blank\" rel=\"noopener\"><br \/>\nAnne-Elisabeth Lemoine<\/a>, animatrice embl\u00e9matique de l\u2019\u00e9mission,<br \/>\na c\u00e9d\u00e9 les r\u00eanes du vendredi et du samedi \u00e0 <strong data-start=\"509\" data-end=\"529\">Mohamed Bouhafsi<\/strong>, jusqu\u2019alors<br \/>\nchroniqueur. Ce dernier, <strong>d\u00e9sormais aux commandes du<br \/>\ntalk-show pour la version week-end<\/strong>, se d\u00e9ploie pleinement<br \/>\ndans ce nouveau r\u00f4le.<\/p>\n<p>Invit\u00e9 dans l&rsquo;\u00e9mission le 19 septembre, <a href=\"https:\/\/www.closermag.fr\/people\/gad-elmaleh-ces-deux-evenements-familiaux-quil-a-loupes-car-il-etait-sur-scene-3565538\" target=\"_blank\" rel=\"noopener\"><br \/>\nGad Elmaleh<\/a> n&rsquo;a pas h\u00e9sit\u00e9 \u00e0 commenter ce changement.<br \/>\n<strong>\u00ab\u00a0C&rsquo;est une autre version d&rsquo;\u00e9mission mais c&rsquo;est m\u00eame<br \/>\n\u00e9mission !\u00a0\u00bb<\/strong>, a-t-il remarqu\u00e9 en feignant la<br \/>\nperplexit\u00e9, \u00e0 son arriv\u00e9e en plateau. \u00ab\u00a0C&rsquo;est \u00e7a, c&rsquo;est la m\u00eame<br \/>\n\u00e9mission le vendredi et le samedi\u00a0\u00bb, a confirm\u00e9 le<br \/>\npr\u00e9sentateur. Face \u00e0 lui, <strong>son invit\u00e9 restait debout, droit<br \/>\ncomme un piquet.<\/strong> \u00ab\u00a0Vous avez le droit de vous asseoir,<br \/>\nGad !\u00a0\u00bb a alors lanc\u00e9 Mohamed Bouhafsi.<\/p>\n<p>Gad Elmaleh choqu\u00e9 par l&rsquo;absence d&rsquo;Anne-\u00c9lisabeth Lemoine dans<br \/>\nC \u00e0 vous<\/p>\n<p>Tr\u00e8s taquin, l&rsquo;humoriste et acteur de 54 ans a continu\u00e9 sur sa<br \/>\nlanc\u00e9e. Mettant r\u00e9solument un <strong>long moment \u00e0<br \/>\ns&rsquo;asseoir,<\/strong> il a insist\u00e9 : \u00ab\u00a0On a des nouvelles<br \/>\nd&rsquo;Anne-\u00c9lisabeth ?\u00a0\u00bb \u00ab\u00a0Elle va tr\u00e8s tr\u00e8s bien, on s&rsquo;est vu cet<br \/>\napr\u00e8s-midi, <strong>elle est en pleine forme comme<br \/>\nd&rsquo;habitude<\/strong>, hein, Anne-\u00c9lisabeth. Et on la retrouvera<br \/>\nlundi avec toute l&rsquo;\u00e9quipe, avec le sourire comme d&rsquo;habitude<br \/>\nGad\u00a0\u00bb, a alors r\u00e9pondu son semi rempla\u00e7ant, l\u00e9g\u00e8rement<br \/>\ng\u00ean\u00e9.<\/p>\n<p>\u00ab\u00a0Et elle vous laisse le manche&#8230;\u00a0\u00bb a poursuivi Gad<br \/>\nElmaleh. Face \u00e0 lui, le <a href=\"https:\/\/www.closermag.fr\/tv_tele_realite\/mohamed-bouhafsi-cet-acteur-francais-detestable-dont-il-ne-garde-pas-un-bon-souvenir-dans-c-a-vous-3574437\" target=\"_blank\" rel=\"noopener\"><br \/>\njournaliste de 33 ans<\/a> commen\u00e7ait \u00e0 manquer d&rsquo;air. Il s&rsquo;est<br \/>\njustifi\u00e9 une derni\u00e8re fois : \u00ab\u00a0J&rsquo;esp\u00e8re, <strong>j&rsquo;esp\u00e8re en<br \/>\ntout cas qu&rsquo;elle est tr\u00e8s heureuse.<\/strong> Moi, en tout cas, je<br \/>\nsuis tr\u00e8s heureux !\u00a0\u00bb Puis, enfin, Gad a cess\u00e9 ses taquineries.<br \/>\nEt l&rsquo;\u00e9mission a pu (re) prendre. Sans <a href=\"https:\/\/www.closermag.fr\/tv_tele_realite\/pierre-lescure-fond-en-larmes-dans-c-a-vous-un-ptain-dexemple-pour-anne-elisabeth-lemoine-3560426\" target=\"_blank\" rel=\"noopener\"><br \/>\nBabeth<\/a>, donc.<\/p>\n<p>Une \u00ab\u00a0tension\u00a0\u00bb entre Babeth et son<br \/>\nsuccesseur ?<\/p>\n<p>Ce n&rsquo;est pas la premi\u00e8re fois qu&rsquo;un invit\u00e9 commente ce<br \/>\nbouleversement t\u00e9l\u00e9visuel. Lors de l\u2019\u00e9mission du 17 septembre,<br \/>\n<a href=\"https:\/\/www.closermag.fr\/people\/oui-tout-de-suite-malgre-le-sujet-ultra-corrosif-christian-clavier-fait-un-aveu-sans-tabou-3580508\" target=\"_blank\" rel=\"noopener\"><br \/>\nChristian Clavier<\/a> avait fait une entr\u00e9e remarqu\u00e9e en taquinant<br \/>\nouvertement Anne-Elisabeth Lemoine au sujet de <a href=\"https:\/\/www.closermag.fr\/people\/mohamed-bouhafsi-cette-confidence-tres-surprenante-de-kendji-girac-en-coulisses-3579628\" target=\"_blank\" rel=\"noopener\"><br \/>\nMohamed Bouhafsi<\/a>. Faisant <strong>r\u00e9f\u00e9rence aux \u00ab\u00a0tensions\u00a0\u00bb au<br \/>\nsein de l\u2019\u00e9quipe<\/strong>, il avait plaisant\u00e9 : <strong>\u00ab\u00a0J\u2019ai<br \/>\nsenti une sorte de tension entre vous\u00a0\u00bb<\/strong>. La<br \/>\npr\u00e9sentatrice star en avait profit\u00e9 pour clarifier la situation.<br \/>\n\u00ab\u00a0Il n\u2019a pas pris ma place\u00a0\u00bb, avait-elle lanc\u00e9, d\u00e9mentant<br \/>\nainsi les rumeurs de discorde d&rsquo;avec son poulain.<\/p>\n","protected":false},"excerpt":{"rendered":"Depuis la rentr\u00e9e de septembre 2025, C \u00e0 vous sur France 5 a op\u00e9r\u00e9 un bouleversement : Anne-Elisabeth&hellip;\n","protected":false},"author":2,"featured_media":403937,"comment_status":"","ping_status":"","sticky":false,"template":"","format":"standard","meta":{"footnotes":""},"categories":[1356],"tags":[5631,548,58,59,1011,27,252,1364],"class_list":{"0":"post-403936","1":"post","2":"type-post","3":"status-publish","4":"format-standard","5":"has-post-thumbnail","7":"category-television","8":"tag-anne-elisabeth-lemoine","9":"tag-article-simple","10":"tag-divertissement","11":"tag-entertainment","12":"tag-fr","13":"tag-france","14":"tag-television","15":"tag-tv"},"share_on_mastodon":{"url":"https:\/\/pubeurope.com\/@fr\/115234634722897431","error":""},"_links":{"self":[{"href":"https:\/\/www.europesays.com\/fr\/wp-json\/wp\/v2\/posts\/403936","targetHints":{"allow":["GET"]}}],"collection":[{"href":"https:\/\/www.europesays.com\/fr\/wp-json\/wp\/v2\/posts"}],"about":[{"href":"https:\/\/www.europesays.com\/fr\/wp-json\/wp\/v2\/types\/post"}],"author":[{"embeddable":true,"href":"https:\/\/www.europesays.com\/fr\/wp-json\/wp\/v2\/users\/2"}],"replies":[{"embeddable":true,"href":"https:\/\/www.europesays.com\/fr\/wp-json\/wp\/v2\/comments?post=403936"}],"version-history":[{"count":0,"href":"https:\/\/www.europesays.com\/fr\/wp-json\/wp\/v2\/posts\/403936\/revisions"}],"wp:featuredmedia":[{"embeddable":true,"href":"https:\/\/www.europesays.com\/fr\/wp-json\/wp\/v2\/media\/403937"}],"wp:attachment":[{"href":"https:\/\/www.europesays.com\/fr\/wp-json\/wp\/v2\/media?parent=403936"}],"wp:term":[{"taxonomy":"category","embeddable":true,"href":"https:\/\/www.europesays.com\/fr\/wp-json\/wp\/v2\/categories?post=403936"},{"taxonomy":"post_tag","embeddable":true,"href":"https:\/\/www.europesays.com\/fr\/wp-json\/wp\/v2\/tags?post=403936"}],"curies":[{"name":"wp","href":"https:\/\/api.w.org\/{rel}","templated":true}]}}