{"id":403945,"date":"2025-09-20T04:07:12","date_gmt":"2025-09-20T04:07:12","guid":{"rendered":"https:\/\/www.europesays.com\/fr\/403945\/"},"modified":"2025-09-20T04:07:12","modified_gmt":"2025-09-20T04:07:12","slug":"linfluenceur-jeremstar-place-en-garde-a-vue-apres-avoir-interrompu-la-corrida-carmen-de-la-feria-des-vendanges-a-nimes","status":"publish","type":"post","link":"https:\/\/www.europesays.com\/fr\/403945\/","title":{"rendered":"L\u2019influenceur Jeremstar plac\u00e9 en garde \u00e0 vue apr\u00e8s avoir interrompu la corrida Carmen de la Feria des Vendanges \u00e0 N\u00eemes"},"content":{"rendered":"<p>La corrida d\u2019ouverture de la<a href=\"https:\/\/www.laprovence.com\/article\/sortie-loisirs\/3471260586972514\/feria-de-nimes-le-roi-andres-roca-rey-signe-son-retour-dans-les-arenes-de-nimes-ce-samedi-20-septembre\" target=\"_blank\" rel=\"nofollow noopener\"> Feria des Vendanges \u00e0 N\u00eeme<\/a>s a \u00e9t\u00e9 marqu\u00e9e par une irruption inattendue\u00a0: deux manifestants anti-corrida se sont manifest\u00e9s ce vendredi 19\u00a0septembre 2025.<\/p>\n<p>Casquette et lunettes de soleil sur le nez, le youtubeur Jeremstar -suivi par 2,4\u00a0millions d\u2019abonn\u00e9s sur Instagram- a saut\u00e9 en piste en brandissant un foulard blanc o\u00f9 il \u00e9tait inscrit \u00ab\u00a0Fuck la corrida\u00a0\u00bb, au moment m\u00eame o\u00f9 le torero Tomas Rufo recevait la premi\u00e8re oreille de l\u2019apr\u00e8s-midi.<\/p>\n<p>\u00ab\u00a0Il y a des choses que je n\u2019accepte pas\u00a0\u00bb<\/p>\n<p>L\u2019influenceur avait annonc\u00e9 son action quelques heures plus t\u00f4t via une story sur ses r\u00e9seaux sociaux\u00a0: \u00ab\u00a0Il y a des choses que je n\u2019accepte pas. Je vais donc agir \u00e0 ma fa\u00e7on, peu importent les cons\u00e9quences\u00a0\u00bb.<\/p>\n<p>Il a rapidement \u00e9t\u00e9 neutralis\u00e9 par les agents de s\u00e9curit\u00e9. Selon nos confr\u00e8res de Midi Libre, il a \u00e9t\u00e9 plac\u00e9 en garde \u00e0 vue o\u00f9 il se trouve encore ce soir, \u00e0 21h30.<\/p>\n<p>Sur Instagram, il a ensuite justifi\u00e9 son geste\u00a0: \u00ab\u00a0Je d\u00e9teste la corrida. Ce n\u2019est pas de l\u2019art mais de la torture animale. Cette tradition ignoble doit \u00eatre abolie. Je ne comprends pas comment ce spectacle honteux est encore possible en\u00a02025\u00a0\u00bb.<\/p>\n<p>Avant son intrusion, un premier manifestant avait d\u00e9j\u00e0 \u00e9t\u00e9 intercept\u00e9 dans le callej\u00f3n, apr\u00e8s avoir d\u00e9val\u00e9 les gradins. Ils agissaient au nom de PETA (People for the Ethical of Animals), une association qui milite pour la protection de tous les animaux.<\/p>\n","protected":false},"excerpt":{"rendered":"La corrida d\u2019ouverture de la Feria des Vendanges \u00e0 N\u00eemes a \u00e9t\u00e9 marqu\u00e9e par une irruption inattendue\u00a0: deux&hellip;\n","protected":false},"author":2,"featured_media":403946,"comment_status":"","ping_status":"","sticky":false,"template":"","format":"standard","meta":{"footnotes":""},"categories":[8],"tags":[17,150,6661,1102,58,59,1011,27,8712,16492,53534,5536,16,13373],"class_list":{"0":"post-403945","1":"post","2":"type-post","3":"status-publish","4":"format-standard","5":"has-post-thumbnail","7":"category-divertissement","8":"tag-17","9":"tag-apres","10":"tag-avoir","11":"tag-breakingnews","12":"tag-divertissement","13":"tag-entertainment","14":"tag-fr","15":"tag-france","16":"tag-garde","17":"tag-jeremstar","18":"tag-linfluenceur","19":"tag-place","20":"tag-region","21":"tag-vue"},"share_on_mastodon":{"url":"https:\/\/pubeurope.com\/@fr\/115234658469878064","error":""},"_links":{"self":[{"href":"https:\/\/www.europesays.com\/fr\/wp-json\/wp\/v2\/posts\/403945","targetHints":{"allow":["GET"]}}],"collection":[{"href":"https:\/\/www.europesays.com\/fr\/wp-json\/wp\/v2\/posts"}],"about":[{"href":"https:\/\/www.europesays.com\/fr\/wp-json\/wp\/v2\/types\/post"}],"author":[{"embeddable":true,"href":"https:\/\/www.europesays.com\/fr\/wp-json\/wp\/v2\/users\/2"}],"replies":[{"embeddable":true,"href":"https:\/\/www.europesays.com\/fr\/wp-json\/wp\/v2\/comments?post=403945"}],"version-history":[{"count":0,"href":"https:\/\/www.europesays.com\/fr\/wp-json\/wp\/v2\/posts\/403945\/revisions"}],"wp:featuredmedia":[{"embeddable":true,"href":"https:\/\/www.europesays.com\/fr\/wp-json\/wp\/v2\/media\/403946"}],"wp:attachment":[{"href":"https:\/\/www.europesays.com\/fr\/wp-json\/wp\/v2\/media?parent=403945"}],"wp:term":[{"taxonomy":"category","embeddable":true,"href":"https:\/\/www.europesays.com\/fr\/wp-json\/wp\/v2\/categories?post=403945"},{"taxonomy":"post_tag","embeddable":true,"href":"https:\/\/www.europesays.com\/fr\/wp-json\/wp\/v2\/tags?post=403945"}],"curies":[{"name":"wp","href":"https:\/\/api.w.org\/{rel}","templated":true}]}}