{"id":403947,"date":"2025-09-20T04:08:17","date_gmt":"2025-09-20T04:08:17","guid":{"rendered":"https:\/\/www.europesays.com\/fr\/403947\/"},"modified":"2025-09-20T04:08:17","modified_gmt":"2025-09-20T04:08:17","slug":"des-iphone-17-pro-et-pro-max-en-stock","status":"publish","type":"post","link":"https:\/\/www.europesays.com\/fr\/403947\/","title":{"rendered":"Des iPhone 17 Pro et Pro Max en stock"},"content":{"rendered":"<p><strong>A chaque lancement, c&rsquo;est la m\u00eame histoire. L&rsquo;iPhone 17 Pro Max est de loin le mod\u00e8le le plus recherch\u00e9.<\/strong> Si tel est votre cas, d\u00e9p\u00eachez-vous, Amazon a plusieurs r\u00e9f\u00e9rences en stock et promet une livraison pour lundi. C&rsquo;est d&rsquo;autant plus surprenant que ces nouveaux iPhone arborent un nouveau design, mais Apple g\u00e8re la logistique diff\u00e9remment depuis quelques temps. Ceci explique cela.<\/p>\n<p>&#13;<br \/>\n<img decoding=\"async\" loading=\"lazy\" src=\"https:\/\/www.europesays.com\/fr\/wp-content\/uploads\/2025\/09\/mg-335962de-w4032-w828-w2600-w1300.jpg\"   data-jslghtbx=\"https:\/\/cdn.mgig.fr\/2025\/09\/mg-335962de-w4032.jpg\"\/>&#13;<br \/>\nIl y a \u00e9galement du monde en Apple\u00a0Store. Merci Axel pour l&rsquo;image\u00a0!&#13;<\/p>\n<p>iPhone 17 Pro Max<\/p>\n<p>Avec son grand \u00e9cran OLED de 6,9 pouces, sa puce A19 Pro pens\u00e9e pour l\u2019IA, son nouveau t\u00e9l\u00e9objectif p\u00e9riscopique 6x et une autonomie en forte hausse, l\u2019iPhone 17 Pro Max concentre toutes les nouveaut\u00e9s majeures de la gamme. C&rsquo;est tout simplement le top du top<\/p>\n<p><strong>Les mod\u00e8les en stock :<\/strong><\/p>\n<p>La Fnac a \u00e9galement <a rel=\"nofollow noopener\" href=\"https:\/\/www.awin1.com\/cread.php?awinmid=12665&amp;awinaffid=291513&amp;ued=https%3A%2F%2Fwww.fnac.com%2FApple-iPhone-17-Pro-Max-6-9-5G-Double-SIM-2-To-Orange-cosmique%2Fa21960833%2Fw-4\" title=\"Apple iPhone 17 Pro Max 6,9\" target=\"_blank\">des stocks d&rsquo;iPhone 17 Pro Max en 2 To<\/a>.<\/p>\n<p>&#13;<br \/>\n<img decoding=\"async\" loading=\"lazy\" src=\"https:\/\/www.europesays.com\/fr\/wp-content\/uploads\/2025\/09\/mg-d57c7312-w2880-w828-w2600-w1300.jpg\"   data-jslghtbx=\"https:\/\/cdn.mgig.fr\/2025\/09\/mg-d57c7312-w2880.jpg\"\/>&#13;<br \/>\n&#13;<\/p>\n<p>Ne tardez pas, dans certains cas, les quantit\u00e9s disponibles sont tr\u00e8s limit\u00e9s\u00a0!<\/p>\n<p><a href=\"https:\/\/www.igen.fr\/iphone\/2025\/09\/revue-de-test-des-iphone-17-pro-des-telephones-qui-chauffent-moins-mais-qui-ne-reinventent-pas-la-roue-152249\" class=\"related-article igen\" target=\"_blank\" rel=\"noopener\"> <img decoding=\"async\" src=\"https:\/\/www.europesays.com\/fr\/wp-content\/uploads\/2025\/09\/mga-93882720-w375-w1500-w750_accroche.jpg\" alt=\"Revue des tests des iPhone 17 Pro : ils chauffent moins, mais ne r\u00e9inventent pas la roue\"\/> <\/p>\n<p class=\"\">Revue des tests des iPhone 17 Pro : ils chauffent moins, mais ne r\u00e9inventent pas la roue<\/p>\n<p><\/a><\/p>\n<p>iPhone 17 Pro<\/p>\n<p>Avec son \u00e9cran OLED de 6,3 pouces, l\u2019iPhone 17 Pro adopte la puce A19 Pro, un tout nouveau design et un nouveau syst\u00e8me de refroidissement<\/p>\n<p><strong>Les mod\u00e8les en stock :<\/strong><\/p>\n<p>&#13;<br \/>\n<img decoding=\"async\" loading=\"lazy\" src=\"https:\/\/www.europesays.com\/fr\/wp-content\/uploads\/2025\/09\/mg-c8efd1ec-w828-w1260.jpg\"  \/>&#13;<br \/>\n&#13;<\/p>\n<p>La Fnac a \u00e9galement des stocks d&rsquo;iPhone 17 Pro <a rel=\"nofollow noopener\" href=\"https:\/\/www.awin1.com\/cread.php?awinmid=12665&amp;awinaffid=291513&amp;ued=https%3A%2F%2Fwww.fnac.com%2FApple-iPhone-17-Pro-6-3-5G-Double-SIM-256-Go-Bleu-intense%2Fa21960843%2Fw-4\" title=\"Apple iPhone 17 Pro 6,3\" target=\"_blank\">en 256 Go<\/a>, <a rel=\"nofollow noopener\" href=\"https:\/\/www.awin1.com\/cread.php?awinmid=12665&amp;awinaffid=291513&amp;ued=https%3A%2F%2Fwww.fnac.com%2FApple-iPhone-17-Pro-6-3-5G-Double-SIM-512-Go-Bleu-intense%2Fa21960744%2Fw-4\" title=\"Apple iPhone 17 Pro 6,3\" target=\"_blank\">en 512 Go<\/a> et en <a rel=\"nofollow noopener\" href=\"https:\/\/www.awin1.com\/cread.php?awinmid=12665&amp;awinaffid=291513&amp;ued=https%3A%2F%2Fwww.fnac.com%2FApple-iPhone-17-Pro-6-3-5G-Double-SIM-1-To-Bleu-intense%2Fa21960884%2Fw-4\" title=\"Apple iPhone 17 Pro 6,3\" target=\"_blank\">1 To<\/a>.<\/p>\n<p>C&rsquo;est une surprise de voir tant de r\u00e9f\u00e9rences en stock le jour du lancement. Ne tardez pas\u00a0! Enfin, si vous souhaitez doter votre nouvel iPhone d&rsquo;une coque Apple, Amazon offre une ristourne de 10\u00a0\u20ac quel que soit le mod\u00e8le, aussi bien pour <a rel=\"nofollow noopener\" href=\"https:\/\/www.amazon.fr\/dp\/B0FQG1K79L?th=1&amp;tag=macgeneration\" target=\"_blank\">l&rsquo;iPhone 17 Pro<\/a> que <a rel=\"nofollow noopener\" href=\"https:\/\/www.amazon.fr\/dp\/B0FQFZDCP9?tag=macgeneration\" target=\"_blank\">l&rsquo;iPhone 17 Pro Max<\/a>. Par contre, concernant la bandouli\u00e8re, il faut payer plein pot \u00e0 savoir <a rel=\"nofollow noopener\" href=\"https:\/\/www.amazon.fr\/dp\/B0FQFQPKXR?th=1&amp;tag=macgeneration\" target=\"_blank\">69\u00a0\u20ac<\/a>.<\/p>\n<p><a href=\"https:\/\/www.igen.fr\/accessoires\/2025\/09\/iphone-17-pro-verres-trempes-coques-et-chargeurs-deja-en-promo-des-10-eu-152141\" class=\"related-article igen\" target=\"_blank\" rel=\"noopener\"> <img decoding=\"async\" src=\"https:\/\/www.europesays.com\/fr\/wp-content\/uploads\/2025\/09\/mga-0a90ba63-w375-w1500-w750_accroche.jpg\" alt=\"iPhone 17 (Pro) : verres tremp\u00e9s, coques et chargeurs d\u00e9j\u00e0 en promo d\u00e8s 10\u00a0\u20ac\"\/> <\/p>\n<p class=\"\">iPhone 17 (Pro) : verres tremp\u00e9s, coques et chargeurs d\u00e9j\u00e0 en promo d\u00e8s 10\u00a0\u20ac<\/p>\n<p><\/a><\/p>\n","protected":false},"excerpt":{"rendered":"A chaque lancement, c&rsquo;est la m\u00eame histoire. L&rsquo;iPhone 17 Pro Max est de loin le mod\u00e8le le plus&hellip;\n","protected":false},"author":2,"featured_media":403948,"comment_status":"","ping_status":"","sticky":false,"template":"","format":"standard","meta":{"footnotes":""},"categories":[7],"tags":[1011,27,51899,53535,43,40,41,39,42,44],"class_list":{"0":"post-403947","1":"post","2":"type-post","3":"status-publish","4":"format-standard","5":"has-post-thumbnail","7":"category-sciences-et-technologies","8":"tag-fr","9":"tag-france","10":"tag-iphone-17-pro","11":"tag-iphone-17-pro-max","12":"tag-science","13":"tag-science-and-technology","14":"tag-sciences","15":"tag-sciences-et-technologies","16":"tag-technologies","17":"tag-technology"},"share_on_mastodon":{"url":"https:\/\/pubeurope.com\/@fr\/115234662437945993","error":""},"_links":{"self":[{"href":"https:\/\/www.europesays.com\/fr\/wp-json\/wp\/v2\/posts\/403947","targetHints":{"allow":["GET"]}}],"collection":[{"href":"https:\/\/www.europesays.com\/fr\/wp-json\/wp\/v2\/posts"}],"about":[{"href":"https:\/\/www.europesays.com\/fr\/wp-json\/wp\/v2\/types\/post"}],"author":[{"embeddable":true,"href":"https:\/\/www.europesays.com\/fr\/wp-json\/wp\/v2\/users\/2"}],"replies":[{"embeddable":true,"href":"https:\/\/www.europesays.com\/fr\/wp-json\/wp\/v2\/comments?post=403947"}],"version-history":[{"count":0,"href":"https:\/\/www.europesays.com\/fr\/wp-json\/wp\/v2\/posts\/403947\/revisions"}],"wp:featuredmedia":[{"embeddable":true,"href":"https:\/\/www.europesays.com\/fr\/wp-json\/wp\/v2\/media\/403948"}],"wp:attachment":[{"href":"https:\/\/www.europesays.com\/fr\/wp-json\/wp\/v2\/media?parent=403947"}],"wp:term":[{"taxonomy":"category","embeddable":true,"href":"https:\/\/www.europesays.com\/fr\/wp-json\/wp\/v2\/categories?post=403947"},{"taxonomy":"post_tag","embeddable":true,"href":"https:\/\/www.europesays.com\/fr\/wp-json\/wp\/v2\/tags?post=403947"}],"curies":[{"name":"wp","href":"https:\/\/api.w.org\/{rel}","templated":true}]}}