{"id":403951,"date":"2025-09-20T04:10:14","date_gmt":"2025-09-20T04:10:14","guid":{"rendered":"https:\/\/www.europesays.com\/fr\/403951\/"},"modified":"2025-09-20T04:10:14","modified_gmt":"2025-09-20T04:10:14","slug":"un-juge-federal-rejette-en-letat-la-plainte-de-trump-contre-le-new-york-times-liberation","status":"publish","type":"post","link":"https:\/\/www.europesays.com\/fr\/403951\/","title":{"rendered":"Un juge f\u00e9d\u00e9ral rejette en l\u2019\u00e9tat la plainte de Trump contre le \u00abNew York Times\u00bb \u2013 Lib\u00e9ration"},"content":{"rendered":"<p class=\"sc-cPiKLX AiZTS text-element\">Nouvelle d\u00e9b\u00e2cle judiciaire pour Trump. Un juge f\u00e9d\u00e9ral am\u00e9ricain a rejet\u00e9 ce vendredi 19 septembre, en l\u2019\u00e9tat, la <a href=\"https:\/\/www.liberation.fr\/international\/amerique\/donald-trump-annonce-une-poursuite-en-diffamation-de-15-milliards-de-dollars-contre-le-new-york-times-20250916_4ZXJGZUW5RBZ3HWF6VREBQWFUE\/?redirected=1\" target=\"_blank\" rel=\"noreferrer noopener\" title=\"https:\/\/www.liberation.fr\/international\/amerique\/donald-trump-annonce-une-poursuite-en-diffamation-de-15-milliards-de-dollars-contre-le-new-york-times-20250916_4ZXJGZUW5RBZ3HWF6VREBQWFUE\/?redirected=1\">plainte en diffamation<\/a> du pr\u00e9sident am\u00e9ricain contre le New York Times, la d\u00e9clarant \u00abirrecevable\u00bb et lui accordant quatre semaines pour la reformuler. <\/p>\n<p class=\"sc-cPiKLX AiZTS text-element\">La plainte de 85 pages d\u00e9pos\u00e9e le 15 septembre contre le quotidien am\u00e9ricain, auquel il r\u00e9clame la somme astronomique de 15 milliards de dollars, contrevient aux r\u00e8gles de proc\u00e9dure, affirme le juge Steven Merryday, la consid\u00e9rant comme \u00abinappropri\u00e9e et irrecevable\u00bb. Elle est en cons\u00e9quence \u00abrejet\u00e9e avec permission de l\u2019amender dans les 28 jours\u00bb, selon le texte de la d\u00e9cision. <\/p>\n<p class=\"sc-cPiKLX AiZTS text-element\">Le juge d\u00e9plore une litanie d\u2019allusions ou d\u2019all\u00e9gations non \u00e9tay\u00e9es, sans que le plaignant expose clairement ses griefs, selon lui. Dans la plainte visant le quotidien et quatre de ses journalistes, ainsi qu\u2019une maison d\u2019\u00e9dition qui a publi\u00e9 deux d\u2019entre eux, Donald Trump attaque un \u00ablivre d\u00e9sobligeant\u00bb sur l\u2019origine de sa fortune et \u00abtrois articles faux, malveillants, diffamatoires et d\u00e9sobligeants\u00bb. <\/p>\n<p class=\"sc-cPiKLX AiZTS text-element\">\u00abCette action en justice est d\u00e9nu\u00e9e de fondement\u00bb, avait r\u00e9agi le plus c\u00e9l\u00e8bre des quotidiens am\u00e9ricains. \u00abElle ne repose sur aucune revendication juridique l\u00e9gitime et vise uniquement \u00e0 museler et \u00e0 d\u00e9courager le journalisme ind\u00e9pendant.\u00bb <\/p>\n<p class=\"sc-cPiKLX AiZTS text-element\">Cette plainte a \u00e9t\u00e9 d\u00e9pos\u00e9e quelques jours apr\u00e8s que Donald Trump avait menac\u00e9 de poursuites le New York Times apr\u00e8s la publication d\u2019articles consacr\u00e9s \u00e0 une lettre d\u2019anniversaire, \u00e0 la tonalit\u00e9 salace, qui lui est attribu\u00e9e et adress\u00e9e en 2003 \u00e0 l\u2019homme d\u2019affaires <a href=\"https:\/\/www.liberation.fr\/checknews\/que-revele-le-contenu-du-birthday-book-auquel-des-proches-depstein-dont-trump-avaient-contribue-20250916_XXHSL33UVBBEBD7BEP2VQDWDBM\/\" target=\"_blank\" rel=\"noreferrer noopener\" title=\"https:\/\/www.liberation.fr\/checknews\/que-revele-le-contenu-du-birthday-book-auquel-des-proches-depstein-dont-trump-avaient-contribue-20250916_XXHSL33UVBBEBD7BEP2VQDWDBM\/\">Jeffrey Epstein<\/a>. Ce dernier a \u00e9t\u00e9 retrouv\u00e9 mort en 2019 dans sa cellule avant son proc\u00e8s pour exploitation sexuelle.  <\/p>\n<p class=\"sc-cPiKLX AiZTS text-element\"><b>Mis \u00e0 jour<\/b> \u00e0 19h25 avec davantage de contexte. <\/p>\n","protected":false},"excerpt":{"rendered":"Nouvelle d\u00e9b\u00e2cle judiciaire pour Trump. Un juge f\u00e9d\u00e9ral am\u00e9ricain a rejet\u00e9 ce vendredi 19 septembre, en l\u2019\u00e9tat, la&hellip;\n","protected":false},"author":2,"featured_media":403952,"comment_status":"","ping_status":"","sticky":false,"template":"","format":"standard","meta":{"footnotes":""},"categories":[5],"tags":[11,75,73,1011,27,14,415,12,28],"class_list":{"0":"post-403951","1":"post","2":"type-post","3":"status-publish","4":"format-standard","5":"has-post-thumbnail","7":"category-international","8":"tag-actualites","9":"tag-donald-trump","10":"tag-etats-unis","11":"tag-fr","12":"tag-france","13":"tag-international","14":"tag-new-york","15":"tag-news","16":"tag-world"},"share_on_mastodon":{"url":"https:\/\/pubeurope.com\/@fr\/115234670093992919","error":""},"_links":{"self":[{"href":"https:\/\/www.europesays.com\/fr\/wp-json\/wp\/v2\/posts\/403951","targetHints":{"allow":["GET"]}}],"collection":[{"href":"https:\/\/www.europesays.com\/fr\/wp-json\/wp\/v2\/posts"}],"about":[{"href":"https:\/\/www.europesays.com\/fr\/wp-json\/wp\/v2\/types\/post"}],"author":[{"embeddable":true,"href":"https:\/\/www.europesays.com\/fr\/wp-json\/wp\/v2\/users\/2"}],"replies":[{"embeddable":true,"href":"https:\/\/www.europesays.com\/fr\/wp-json\/wp\/v2\/comments?post=403951"}],"version-history":[{"count":0,"href":"https:\/\/www.europesays.com\/fr\/wp-json\/wp\/v2\/posts\/403951\/revisions"}],"wp:featuredmedia":[{"embeddable":true,"href":"https:\/\/www.europesays.com\/fr\/wp-json\/wp\/v2\/media\/403952"}],"wp:attachment":[{"href":"https:\/\/www.europesays.com\/fr\/wp-json\/wp\/v2\/media?parent=403951"}],"wp:term":[{"taxonomy":"category","embeddable":true,"href":"https:\/\/www.europesays.com\/fr\/wp-json\/wp\/v2\/categories?post=403951"},{"taxonomy":"post_tag","embeddable":true,"href":"https:\/\/www.europesays.com\/fr\/wp-json\/wp\/v2\/tags?post=403951"}],"curies":[{"name":"wp","href":"https:\/\/api.w.org\/{rel}","templated":true}]}}