{"id":403959,"date":"2025-09-20T04:14:15","date_gmt":"2025-09-20T04:14:15","guid":{"rendered":"https:\/\/www.europesays.com\/fr\/403959\/"},"modified":"2025-09-20T04:14:15","modified_gmt":"2025-09-20T04:14:15","slug":"prevu-trois-jours-apres-le-proces-le-conseil-municipal-est-reporte","status":"publish","type":"post","link":"https:\/\/www.europesays.com\/fr\/403959\/","title":{"rendered":"pr\u00e9vu trois jours apr\u00e8s le proc\u00e8s, le conseil municipal est report\u00e9"},"content":{"rendered":"<p>\u00ab\u00a0On se demandait tous si ce n\u2019\u00e9tait pas un peu juste\u00a0\u00bb, ironise l\u2019\u00c9cologiste Olivier Longeon. Pr\u00e9vu de longue date, le prochain conseil municipal de Saint-\u00c9tienne devait avoir lieu le lundi 29\u00a0septembre. Trois mois apr\u00e8s le pr\u00e9c\u00e9dent mais, surtout, trois jours apr\u00e8s le proc\u00e8s du maire.<\/p>\n<p>La semaine derni\u00e8re, les \u00e9lus st\u00e9phanois s\u2019attendaient donc \u00e0 recevoir les dossiers concernant la s\u00e9ance de septembre. Mais, \u00e0 la place, c\u2019est un courrier de la mairie qui leur est parvenu, les informant que le rendez-vous \u00e9tait finalement repouss\u00e9 au 13\u00a0octobre.<\/p>\n<p>\u00ab\u00a0Des d\u00e9lib\u00e9rations importantes n\u00e9cessitant des \u00e9l\u00e9ments ne d\u00e9pendant pas de la Ville\u00a0\u00bb<\/p>\n<p>Un changement de derni\u00e8re minute qui co\u00efncide avec les bruits insistants qui courent \u00e0&#8230;<\/p>\n","protected":false},"excerpt":{"rendered":"\u00ab\u00a0On se demandait tous si ce n\u2019\u00e9tait pas un peu juste\u00a0\u00bb, ironise l\u2019\u00c9cologiste Olivier Longeon. Pr\u00e9vu de longue&hellip;\n","protected":false},"author":2,"featured_media":403960,"comment_status":"","ping_status":"","sticky":false,"template":"","format":"standard","meta":{"footnotes":""},"categories":[9653],"tags":[1111,11,42797,2430,1984,7539,1777,674,1011,27,3367,12,316,25,4001,7538],"class_list":{"0":"post-403959","1":"post","2":"type-post","3":"status-publish","4":"format-standard","5":"has-post-thumbnail","7":"category-saint-etienne","8":"tag-actu","9":"tag-actualites","10":"tag-affaire-perdriau","11":"tag-auvergne-rhone-alpes","12":"tag-conseil-municipal","13":"tag-edition-loire-sud","14":"tag-eu","15":"tag-europe","16":"tag-fr","17":"tag-france","18":"tag-loire","19":"tag-news","20":"tag-politique","21":"tag-republique-francaise","22":"tag-saint-etienne","23":"tag-saint-etienne-ville"},"share_on_mastodon":{"url":"https:\/\/pubeurope.com\/@fr\/115234685972778584","error":""},"_links":{"self":[{"href":"https:\/\/www.europesays.com\/fr\/wp-json\/wp\/v2\/posts\/403959","targetHints":{"allow":["GET"]}}],"collection":[{"href":"https:\/\/www.europesays.com\/fr\/wp-json\/wp\/v2\/posts"}],"about":[{"href":"https:\/\/www.europesays.com\/fr\/wp-json\/wp\/v2\/types\/post"}],"author":[{"embeddable":true,"href":"https:\/\/www.europesays.com\/fr\/wp-json\/wp\/v2\/users\/2"}],"replies":[{"embeddable":true,"href":"https:\/\/www.europesays.com\/fr\/wp-json\/wp\/v2\/comments?post=403959"}],"version-history":[{"count":0,"href":"https:\/\/www.europesays.com\/fr\/wp-json\/wp\/v2\/posts\/403959\/revisions"}],"wp:featuredmedia":[{"embeddable":true,"href":"https:\/\/www.europesays.com\/fr\/wp-json\/wp\/v2\/media\/403960"}],"wp:attachment":[{"href":"https:\/\/www.europesays.com\/fr\/wp-json\/wp\/v2\/media?parent=403959"}],"wp:term":[{"taxonomy":"category","embeddable":true,"href":"https:\/\/www.europesays.com\/fr\/wp-json\/wp\/v2\/categories?post=403959"},{"taxonomy":"post_tag","embeddable":true,"href":"https:\/\/www.europesays.com\/fr\/wp-json\/wp\/v2\/tags?post=403959"}],"curies":[{"name":"wp","href":"https:\/\/api.w.org\/{rel}","templated":true}]}}