{"id":403961,"date":"2025-09-20T04:15:15","date_gmt":"2025-09-20T04:15:15","guid":{"rendered":"https:\/\/www.europesays.com\/fr\/403961\/"},"modified":"2025-09-20T04:15:15","modified_gmt":"2025-09-20T04:15:15","slug":"les-guirlandes-de-noel-sont-deja-dans-les-bacs","status":"publish","type":"post","link":"https:\/\/www.europesays.com\/fr\/403961\/","title":{"rendered":"les guirlandes de No\u00ebl sont\u00a0d\u00e9j\u00e0\u00a0dans les bacs"},"content":{"rendered":"<p>L\u2019\u00e9t\u00e9 joue les prolongations avec, ce vendredi, un mercure affichant \u00e0 28 degr\u00e9s. Shorts et tee-shirts ne sont pas tout \u00e0 fait remis\u00e9s qu\u2019il est \u00e0 paradoxalement possible de \u201ccraquer\u201d sur les premi\u00e8res d\u00e9corations de No\u00ebl affich\u00e9es en rayon. \u00c0 peine la rentr\u00e9e scolaire effectu\u00e9e, avec Halloween en ligne mire et ses citrouilles et accessoires emprunt\u00e9s \u00e0 l\u2019univers de Tim Burton que les guirlandes s\u2019invitent sur les pr\u00e9sentoirs.<\/p>\n<p>Si le secteur maille l\u2019ann\u00e9e de rendez-vous structurants, cette tectonique calendaire ne d\u00e9boussole en rien Pascale et Patrice, venus du sud Toulois. Au magasin Action du centre commercial la Cascade de Laxou, le couple fait ses emplettes dans le rayon d\u00e9di\u00e9 et install\u00e9 depuis une semaine, \u00e0 quelques encablures des sapins synth\u00e9tiques pos\u00e9s \u00e0 l\u2019entr\u00e9e.<\/p>\n<p>Avec int\u00e9rieur et ext\u00e9rieur de leur maison \u00e0 parer pour cette fin d\u2019ann\u00e9e, l\u2019affaire est s\u00e9rieuse\u00a0: \u00ab\u00a0On ne fait jamais les m\u00eames d\u00e9corations d\u2019une ann\u00e9e sur l\u2019autre. Du moins, on met toujours des petites nouveaut\u00e9s et on commence nos achats d\u00e8s maintenant pour \u00eatre s\u00fbr de trouver la d\u00e9coration qui ne se retrouvera pas ailleurs et tant mieux si c\u2019est une bonne affaire\u00a0\u00bb, pr\u00e9cise Pascale avant d\u2019encha\u00eener sur d\u2019autres magasins discounters. Une poign\u00e9e de P\u00e8re No\u00ebl tr\u00f4nant sur une chaussette rouge a eu ses faveurs.<\/p>\n<p>Kledja arrive \u00e0 son tour dans le rayon\u00a0: \u00ab\u00a0Je ne suis pas venue pour \u00e7a, mais du coup, je regarde juste par curiosit\u00e9. Je sais que d\u2019ici quelques semaines, ce sont ici au moins trois rayons qui seront d\u00e9di\u00e9s aux d\u00e9corations.\u00a0\u00bb Pour l\u2019heure, le site national de l\u2019enseigne annonce tout de m\u00eame 197 r\u00e9f\u00e9rences distribu\u00e9es en magasin depuis\u2026 le 1er\u00a0 septembre.<\/p>\n<p>  La Ville a d\u00e9j\u00e0 d\u00e9marr\u00e9 les installations des illuminations<\/p>\n<p>D\u00e9marche de positionnement mais aussi du principe de la bonne affaire \u00e9ph\u00e9m\u00e8re, Action se hisse donc dans le wagon de t\u00eate des premiers \u00e0 d\u00e9gainer No\u00ebl. Chez les voisins, que ce soit Gifi, Stokomani, R\u00e9jan, embl\u00e9matique magasin droguerie du centre-ville de Nancy, tous s\u2019habillent actuellement de l\u2019orange d\u2019Halloween. Une petite exception faite chez Flying Tiger Copenhague, rue Notre-Dame\u00a0: \u00ab\u00a0On a d\u00e9j\u00e0 des mugs de No\u00ebl mais on sera vraisemblablement dans la d\u00e9coration de No\u00ebl d\u2019ici une bonne quinzaine de jours\u00a0\u00bb, assure la vendeuse.<\/p>\n<p>C\u2019est que la fin d\u2019ann\u00e9e est aussi d\u2019actualit\u00e9 pour les services de la Ville. \u00c0 Nancy, la course a ainsi d\u00e9marr\u00e9 le 15\u00a0septembre. \u00c0 raison de quelques heures par nuit afin d\u2019\u00e9viter toutes g\u00eanes dans le trafic, <a href=\"https:\/\/www.estrepublicain.fr\/culture-loisirs\/2024\/11\/23\/la-feerie-de-saint-nicolas-prend-possession-de-la-ville\" target=\"_blank\" rel=\"noopener\">les illuminations<\/a> se mettent doucement en place dans les art\u00e8res nanc\u00e9iennes. Le <a href=\"https:\/\/www.estrepublicain.fr\/culture-loisirs\/2024\/11\/21\/fetes-de-la-saint-nicolas-top-depart-ce-vendredi-avec-parcours-inaugural-son-et-lumiere-et-illumination-du-sapin-place-stan\" target=\"_blank\" rel=\"noopener\">coup d\u2019envoi<\/a> sera donn\u00e9 le <a href=\"https:\/\/www.estrepublicain.fr\/culture-loisirs\/2024\/11\/24\/fetes-de-la-saint-nicolas-une-aubaine-economique\" target=\"_blank\" rel=\"noopener\">21\u00a0novembre<\/a> en m\u00eame temps que l\u2019inauguration du village Saint-Nicolas et du <a href=\"https:\/\/www.estrepublicain.fr\/culture-loisirs\/2024\/11\/25\/nancy-un-sapin-de-noel-place-stanislas-ca-a-quelle-tete-depuis-10-ans\" target=\"_blank\" rel=\"noopener\">sapin<\/a> <a href=\"https:\/\/www.estrepublicain.fr\/p\/place-stanislas\" target=\"_blank\" rel=\"noopener\">place Stanislas<\/a>.<\/p>\n","protected":false},"excerpt":{"rendered":"L\u2019\u00e9t\u00e9 joue les prolongations avec, ce vendredi, un mercure affichant \u00e0 28 degr\u00e9s. Shorts et tee-shirts ne sont&hellip;\n","protected":false},"author":2,"featured_media":403962,"comment_status":"","ping_status":"","sticky":false,"template":"","format":"standard","meta":{"footnotes":""},"categories":[9635],"tags":[1111,11,4406,1687,33,1704,1706,1777,674,3326,1011,27,775,1702,1703,12,25],"class_list":{"0":"post-403961","1":"post","2":"type-post","3":"status-publish","4":"format-standard","5":"has-post-thumbnail","7":"category-nancy","8":"tag-actu","9":"tag-actualites","10":"tag-commerce-et-services","11":"tag-culture-loisirs","12":"tag-economie","13":"tag-edition-nancy-et-agglomeration","14":"tag-edition-pont-a-mousson","15":"tag-eu","16":"tag-europe","17":"tag-fete-locale","18":"tag-fr","19":"tag-france","20":"tag-grand-est","21":"tag-nancy","22":"tag-nancy-ville-54b","23":"tag-news","24":"tag-republique-francaise"},"share_on_mastodon":{"url":"https:\/\/pubeurope.com\/@fr\/115234690039005206","error":""},"_links":{"self":[{"href":"https:\/\/www.europesays.com\/fr\/wp-json\/wp\/v2\/posts\/403961","targetHints":{"allow":["GET"]}}],"collection":[{"href":"https:\/\/www.europesays.com\/fr\/wp-json\/wp\/v2\/posts"}],"about":[{"href":"https:\/\/www.europesays.com\/fr\/wp-json\/wp\/v2\/types\/post"}],"author":[{"embeddable":true,"href":"https:\/\/www.europesays.com\/fr\/wp-json\/wp\/v2\/users\/2"}],"replies":[{"embeddable":true,"href":"https:\/\/www.europesays.com\/fr\/wp-json\/wp\/v2\/comments?post=403961"}],"version-history":[{"count":0,"href":"https:\/\/www.europesays.com\/fr\/wp-json\/wp\/v2\/posts\/403961\/revisions"}],"wp:featuredmedia":[{"embeddable":true,"href":"https:\/\/www.europesays.com\/fr\/wp-json\/wp\/v2\/media\/403962"}],"wp:attachment":[{"href":"https:\/\/www.europesays.com\/fr\/wp-json\/wp\/v2\/media?parent=403961"}],"wp:term":[{"taxonomy":"category","embeddable":true,"href":"https:\/\/www.europesays.com\/fr\/wp-json\/wp\/v2\/categories?post=403961"},{"taxonomy":"post_tag","embeddable":true,"href":"https:\/\/www.europesays.com\/fr\/wp-json\/wp\/v2\/tags?post=403961"}],"curies":[{"name":"wp","href":"https:\/\/api.w.org\/{rel}","templated":true}]}}