{"id":403965,"date":"2025-09-20T04:17:11","date_gmt":"2025-09-20T04:17:11","guid":{"rendered":"https:\/\/www.europesays.com\/fr\/403965\/"},"modified":"2025-09-20T04:17:11","modified_gmt":"2025-09-20T04:17:11","slug":"securite-confort-verdure-6-millions-deuros-de-travaux-pour-la-cite-du-guynemer-a-toulon","status":"publish","type":"post","link":"https:\/\/www.europesays.com\/fr\/403965\/","title":{"rendered":"S\u00e9curit\u00e9, confort, verdure: 6 millions d\u2019euros de travaux pour la cit\u00e9 du Guynemer \u00e0 Toulon"},"content":{"rendered":"<p>Les travaux \u00e9taient attendus. Avec impatience. Il faut dire que l\u2019ensemble du <strong>Guynemer date de 1975<\/strong>. Pas de premi\u00e8re jeunesse donc et surtout pas franchement en tr\u00e8s bon \u00e9tat. Une premi\u00e8re r\u00e9habilitation a \u00e9t\u00e9 diligent\u00e9e en 2001. Une seconde est programm\u00e9e d\u2019ici quelques semaines afin \u00ab\u00a0d\u2019am\u00e9liorer la vie des habitants\u00a0\u00bb.<\/p>\n<p>C\u2019est en tout cas ce que soutient Var Habitat, le bailleur social qui en a la gestion. Les premiers coups de pioche d\u2019un vaste programme de travaux seront donn\u00e9s en d\u00e9cembre prochain. Objectif affich\u00e9 par le bailleur: la <strong>remise \u00e0 neuf<\/strong> et la <strong>s\u00e9curisation<\/strong> des espaces. Et c\u2019est Bouygues B\u00e2timent Sud Est qui va s\u2019en charger.<\/p>\n<p><strong>Un an de chantier<\/strong><\/p>\n<p>L\u2019entreprise planche d\u00e9j\u00e0 sur le projet depuis six mois. C\u00f4t\u00e9 ext\u00e9rieur, elle pr\u00e9voit sur deux b\u00e2timents la <strong>requalification des fa\u00e7ades<\/strong>. \u00ab\u00a0Les toitures seront \u00e9galement isol\u00e9es\u00a0\u00bb, compl\u00e8te Var Habitat. Par ailleurs, 30% du site va \u00eatre d\u00e9simperm\u00e9abilis\u00e9. Un \u00ab\u00a0\u00eelot de fra\u00eecheur v\u00e9g\u00e9talis\u00e9\u00a0\u00bb a \u00e9t\u00e9 programm\u00e9 avec notamment la<strong> cr\u00e9ation d\u2019un jardin potager<\/strong> partag\u00e9.<\/p>\n<p>C\u00f4t\u00e9 int\u00e9rieur, les <strong>halls d\u2019entr\u00e9e seront refaits<\/strong>. Dans un des immeubles, il y en aura m\u00eame un qui va \u00eatre cr\u00e9\u00e9. L\u2019\u00e9clairage sera renforc\u00e9. Autre gros plus pour les habitants: <strong>l\u2019ajout d\u2019ascenseurs suppl\u00e9mentaires<\/strong>. \u00ab\u00a0Il y en aura deux dans le b\u00e2timent C et les existants seront remplac\u00e9s dans le b\u00e2timent A, assurant ainsi l\u2019accessibilit\u00e9 \u00e0 tous les \u00e9tages\u00a0\u00bb.<\/p>\n<p>Certains des 122 logements de la r\u00e9sidence vont aussi b\u00e9n\u00e9ficier d\u2019un coup de neuf. Il s\u2019agira ici de <strong>travaux cibl\u00e9s<\/strong>, notamment dans des pi\u00e8ces qui souffrent particuli\u00e8rement de l\u2019humidit\u00e9. \u00ab\u00a0\u00c0 noter aussi que nous allons cr\u00e9er vingt salles de bains accessibles aux personnes \u00e0 mobilit\u00e9 r\u00e9duite\u00a0\u00bb, ajoute le bailleur. Pour plus de confort \u00e9galement, un second local de gestion des d\u00e9chets sera cr\u00e9\u00e9.<\/p>\n<p><strong>Priorit\u00e9 s\u00e9curit\u00e9 et vivre-ensemble<\/strong><\/p>\n<p>Au Guynemer, il y a une zone cul-de-sac. Une configuration qui joue sur <strong>la s\u00e9curit\u00e9 et les incivilit\u00e9s<\/strong>. Ce ne sera qu\u2019un lointain souvenir \u00e0 la fin des travaux. Bouygues B\u00e2timent Sud Est va d\u00e9molir un escalier et r\u00e9am\u00e9nager la zone. Les flux de circulation seront ainsi repens\u00e9s pour une meilleure accessibilit\u00e9.<\/p>\n<p>Par ailleurs, Var Habitat cherche \u00e0 \u00ab\u00a0renforcer la vie de quartier\u00a0\u00bb. Cela prendra la forme de plusieurs ateliers participatifs avec des th\u00e9matiques aussi vari\u00e9es que le tri des d\u00e9chets, la lutte contre les nuisibles, le fonctionnement de l\u2019\u00eelot de fra\u00eecheur ou encore le d\u00e9veloppement du jardin partag\u00e9.<\/p>\n<p>Les entreprises Bouygues et ses sous-traitants auront l\u2019obligation de <strong>recruter des habitants du quartier<\/strong> par le biais d\u2019heures d\u2019insertion, afin d\u2019inclure, au mieux, les riverains dans les diff\u00e9rentes d\u00e9marches.<\/p>\n<p>\u00ab\u00a0Il s\u2019agit d\u2019un projet ambitieux, dot\u00e9 d\u2019un budget de six millions d\u2019euros. Cela constitue l\u2019une de nos principales op\u00e9rations pour l\u2019ann\u00e9e 2026\u00a0\u00bb. La fin des travaux est pr\u00e9vue pour le premier trimestre 2027.<\/p>\n<p>              <img ci-src=\"https:\/\/www.varmatin.com\/urbanisme\/protec\/DATA_ART_16270436-YRDCYv3n.jpg?vh=626f6d&amp;ci_seal=7a4078c58e\" alt=\"\"\/><br \/>\n        Var Habitat a organis\u00e9 une r\u00e9union avec les habitants pour pr\u00e9senter le projet de r\u00e9habilitation. Photo DR <\/p>\n","protected":false},"excerpt":{"rendered":"Les travaux \u00e9taient attendus. Avec impatience. Il faut dire que l\u2019ensemble du Guynemer date de 1975. Pas de&hellip;\n","protected":false},"author":2,"featured_media":403966,"comment_status":"","ping_status":"","sticky":false,"template":"","format":"standard","meta":{"footnotes":""},"categories":[9619],"tags":[1111,11,1777,674,1011,27,12,882,25,2310,1352,3366],"class_list":{"0":"post-403965","1":"post","2":"type-post","3":"status-publish","4":"format-standard","5":"has-post-thumbnail","7":"category-toulon","8":"tag-actu","9":"tag-actualites","10":"tag-eu","11":"tag-europe","12":"tag-fr","13":"tag-france","14":"tag-news","15":"tag-provence-alpes-cote-dazur","16":"tag-republique-francaise","17":"tag-toulon","18":"tag-urbanisme","19":"tag-vie-locale"},"share_on_mastodon":{"url":"https:\/\/pubeurope.com\/@fr\/115234697645377316","error":""},"_links":{"self":[{"href":"https:\/\/www.europesays.com\/fr\/wp-json\/wp\/v2\/posts\/403965","targetHints":{"allow":["GET"]}}],"collection":[{"href":"https:\/\/www.europesays.com\/fr\/wp-json\/wp\/v2\/posts"}],"about":[{"href":"https:\/\/www.europesays.com\/fr\/wp-json\/wp\/v2\/types\/post"}],"author":[{"embeddable":true,"href":"https:\/\/www.europesays.com\/fr\/wp-json\/wp\/v2\/users\/2"}],"replies":[{"embeddable":true,"href":"https:\/\/www.europesays.com\/fr\/wp-json\/wp\/v2\/comments?post=403965"}],"version-history":[{"count":0,"href":"https:\/\/www.europesays.com\/fr\/wp-json\/wp\/v2\/posts\/403965\/revisions"}],"wp:featuredmedia":[{"embeddable":true,"href":"https:\/\/www.europesays.com\/fr\/wp-json\/wp\/v2\/media\/403966"}],"wp:attachment":[{"href":"https:\/\/www.europesays.com\/fr\/wp-json\/wp\/v2\/media?parent=403965"}],"wp:term":[{"taxonomy":"category","embeddable":true,"href":"https:\/\/www.europesays.com\/fr\/wp-json\/wp\/v2\/categories?post=403965"},{"taxonomy":"post_tag","embeddable":true,"href":"https:\/\/www.europesays.com\/fr\/wp-json\/wp\/v2\/tags?post=403965"}],"curies":[{"name":"wp","href":"https:\/\/api.w.org\/{rel}","templated":true}]}}