{"id":403975,"date":"2025-09-20T04:22:33","date_gmt":"2025-09-20T04:22:33","guid":{"rendered":"https:\/\/www.europesays.com\/fr\/403975\/"},"modified":"2025-09-20T04:22:33","modified_gmt":"2025-09-20T04:22:33","slug":"le-prometteur-ivann-ravaleu-rejoint-le-vc-rouen-en-n1","status":"publish","type":"post","link":"https:\/\/www.europesays.com\/fr\/403975\/","title":{"rendered":"Le prometteur Ivann Ravaleu rejoint le VC Rouen en N1"},"content":{"rendered":"<p>Le Costarmoricain Ivann Ravaleu (18 ans) s\u2019appr\u00eate \u00e0 quitter la Bretagne. Apr\u00e8s deux saisons juniors au <a href=\"https:\/\/www.letelegramme.fr\/sports\/cyclisme\/trois-departs-actes-au-sein-de-la-n1-du-vcp-loudeac-6891791.php\" target=\"_blank\" rel=\"noopener\">VCP Loud\u00e9ac<\/a> et une ann\u00e9e au sein de la N1 loud\u00e9acienne, le jeune Breton s\u2019est engag\u00e9 en faveur du VC Rouen pour 2026.<\/p>\n<p>Coureur prometteur, Ivann Ravaleu s\u2019est class\u00e9 4e d\u2019une \u00e9tape du dernier Tour de la Manche. L\u2019an dernier, il avait notamment gagn\u00e9 une \u00e9tape de la Sportbreizh juniors.<\/p>\n","protected":false},"excerpt":{"rendered":"Le Costarmoricain Ivann Ravaleu (18 ans) s\u2019appr\u00eate \u00e0 quitter la Bretagne. Apr\u00e8s deux saisons juniors au VCP Loud\u00e9ac&hellip;\n","protected":false},"author":2,"featured_media":403976,"comment_status":"","ping_status":"","sticky":false,"template":"","format":"standard","meta":{"footnotes":""},"categories":[9587],"tags":[1111,11,207,6159,3166,1777,674,1011,27,2885,12,5161,25,9590,60],"class_list":{"0":"post-403975","1":"post","2":"type-post","3":"status-publish","4":"format-standard","5":"has-post-thumbnail","7":"category-rouen","8":"tag-actu","9":"tag-actualites","10":"tag-cyclisme","11":"tag-cyclisme-amateurs","12":"tag-en-continu-sports","13":"tag-eu","14":"tag-europe","15":"tag-fr","16":"tag-france","17":"tag-loudeac","18":"tag-news","19":"tag-normandie","20":"tag-republique-francaise","21":"tag-rouen","22":"tag-sports"},"share_on_mastodon":{"url":"https:\/\/pubeurope.com\/@fr\/115234717241078157","error":""},"_links":{"self":[{"href":"https:\/\/www.europesays.com\/fr\/wp-json\/wp\/v2\/posts\/403975","targetHints":{"allow":["GET"]}}],"collection":[{"href":"https:\/\/www.europesays.com\/fr\/wp-json\/wp\/v2\/posts"}],"about":[{"href":"https:\/\/www.europesays.com\/fr\/wp-json\/wp\/v2\/types\/post"}],"author":[{"embeddable":true,"href":"https:\/\/www.europesays.com\/fr\/wp-json\/wp\/v2\/users\/2"}],"replies":[{"embeddable":true,"href":"https:\/\/www.europesays.com\/fr\/wp-json\/wp\/v2\/comments?post=403975"}],"version-history":[{"count":0,"href":"https:\/\/www.europesays.com\/fr\/wp-json\/wp\/v2\/posts\/403975\/revisions"}],"wp:featuredmedia":[{"embeddable":true,"href":"https:\/\/www.europesays.com\/fr\/wp-json\/wp\/v2\/media\/403976"}],"wp:attachment":[{"href":"https:\/\/www.europesays.com\/fr\/wp-json\/wp\/v2\/media?parent=403975"}],"wp:term":[{"taxonomy":"category","embeddable":true,"href":"https:\/\/www.europesays.com\/fr\/wp-json\/wp\/v2\/categories?post=403975"},{"taxonomy":"post_tag","embeddable":true,"href":"https:\/\/www.europesays.com\/fr\/wp-json\/wp\/v2\/tags?post=403975"}],"curies":[{"name":"wp","href":"https:\/\/api.w.org\/{rel}","templated":true}]}}