{"id":403977,"date":"2025-09-20T04:24:16","date_gmt":"2025-09-20T04:24:16","guid":{"rendered":"https:\/\/www.europesays.com\/fr\/403977\/"},"modified":"2025-09-20T04:24:16","modified_gmt":"2025-09-20T04:24:16","slug":"a-grenoble-piolle-fait-derailler-les-verts","status":"publish","type":"post","link":"https:\/\/www.europesays.com\/fr\/403977\/","title":{"rendered":"\u00c0 GRENOBLE, PIOLLE FAIT D\u00c9RAILLER LES VERTS"},"content":{"rendered":"<p>Posted On 20 septembre 2025 <\/p>\n<p style=\"text-align: justify;\">Ca va de pire en pire pour les Verts. Suspendu de son poste de porte-parole du parti cette semaine, Eric Piolle poursuit ce que <a target=\"_blank\" href=\"https:\/\/c.ledauphine.com\/elections\/2025\/09\/19\/isere-grenoble-pour-piolle-tondelier-jette-le-discredit-depuis-paris-sur-les-municipales-de-grenoble\" rel=\"noopener\">la journaliste du Dauphin\u00e9 Eve Moulinier<\/a> qualifie de \u00ab\u00a0gu\u00e9guerre entre la cheffe nationale du parti et le maire de Grenoble\u00a0\u00bb.<\/p>\n<p>LA SUSPENSION DE PIOLLE CR\u00c9\u00c9 UNE NOUVELLE ONDE DE CHOC<\/p>\n<p style=\"text-align: justify;\"><a href=\"https:\/\/grenoble-le-changement.fr\/2025\/09\/18\/eric-piolle-soupconne-dun-montage-financier-suspendu-de-ses-fonctions-chez-les-verts\/\" target=\"_blank\" rel=\"noopener\">Motif de la suspension de Piolle<\/a> : le fait qu&rsquo;il soit vis\u00e9 par des accusations de montage financier pour garantir \u00e0 sa 1\u00e8re adjointe de l&rsquo;\u00e9poque, Elisa Martin (LFI), des versement d&rsquo;argent public au black. Entendu par les instances internes de son parti, il a refus\u00e9 de s&rsquo;exprimer et le conseil de discipline a tranch\u00e9 en cons\u00e9quence en le suspendant de son porte-parolat. Les Verts l&rsquo;ont annonc\u00e9 cette semaine d\u00e9clenchant une nouvelle onde de choc locale.\u00a0<\/p>\n<p><a href=\"https:\/\/grenoble-le-changement.fr\/wp-content\/uploads\/2025\/09\/Capture-de\u0301cran-2025-09-18-a\u0300-13.56.22-1.png\" rel=\"lightbox[84804] noopener\" target=\"_blank\"><img loading=\"lazy\" decoding=\"async\" class=\" wp-image-84790 jetpack-lazy-image\" src=\"https:\/\/grenoble-le-changement.fr\/wp-content\/uploads\/2025\/09\/Capture-de\u0301cran-2025-09-18-a\u0300-13.56.22-1-300x202.png\" alt=\"\" width=\"601\" height=\"405\" data-lazy-src=\"https:\/\/www.europesays.com\/fr\/wp-content\/uploads\/2025\/09\/Capture-de\u0301cran-2025-09-18-a\u0300-13.56.22-1-300x202.png\" \/><\/a>Les affaires des Verts\/LFI s&rsquo;invitent dans la campagne municipale<br \/>\nTONDELIER : PIOLLE ENTACHE \u00ab\u00a0L&rsquo;IMAGE DU PARTI\u00a0\u00bb&#8230;<\/p>\n<p style=\"text-align: justify;\">Interrog\u00e9e sur France Inter jeudi, la patronne des Verts Marine Tondelier <a target=\"_blank\" href=\"https:\/\/c.ledauphine.com\/politique\/2025\/09\/18\/il-ne-veut-pas-nous-donner-des-reponses-marine-tondelier-revient-sur-la-suspension-d-eric-piolle-au-poste-de-porte-parole-des-ecologistes\" rel=\"noopener\">en a remis une couche<\/a> en expliquant que \u00ab\u00a0on ne peut pas \u00eatre porte-parole d\u2019un parti et mis en cause dans une affaire parce que cela devient l\u2019image du parti qui est entach\u00e9e et plus juste la sienne\u00a0\u00bb. En creux elle pose la question de son maintien dans la fonction de Maire de Grenoble, elle aussi entach\u00e9e par la mise en cause de Piolle. La majorit\u00e9 municipale, t\u00e9tanis\u00e9e et l\u00e2che comme \u00e0 son habitude, ne s&rsquo;est toujours pas exprim\u00e9 \u00e0 ce sujet.<\/p>\n<p>&#8230; MAIS IL REFUSE TOUJOURS DE S&rsquo;EXPLIQUER<\/p>\n<p style=\"text-align: justify;\">Elle confirme qu&rsquo;Eric Piolle \u00ab\u00a0refuse de prendre la parole et de nous expliquer ce qu&rsquo;il en est\u00a0\u00bb. Pas s\u00fbr que la strat\u00e9gie du mutisme soit la meilleure. Ils ne font que renforcer les soup\u00e7ons qui p\u00e8sent autour du Maire de Grenoble et d&rsquo;Elisa Martin, alors qu&rsquo;une <a target=\"_blank\" href=\"https:\/\/www.change.org\/p\/affaire-verts-lfi-la-ville-attend-le-jugement?redirect_reason=guest_user\" rel=\"noopener\">p\u00e9tition citoyenne r\u00e9clamant que la v\u00e9rit\u00e9 soit faite avec un traitement du dossier par la justice avant les \u00e9lections municipales<\/a> a d\u00e9j\u00e0 atteint les 500 signatures en quelques jours.\u00a0<\/p>\n<p><a href=\"https:\/\/grenoble-le-changement.fr\/wp-content\/uploads\/2025\/09\/ecolos-machine-a-perdre.png\" rel=\"lightbox[84804] noopener\" target=\"_blank\"><img loading=\"lazy\" decoding=\"async\" class=\" wp-image-84775 jetpack-lazy-image\" src=\"https:\/\/grenoble-le-changement.fr\/wp-content\/uploads\/2025\/09\/ecolos-machine-a-perdre-300x67.png\" alt=\"\" width=\"699\" height=\"156\" data-lazy-src=\"https:\/\/www.europesays.com\/fr\/wp-content\/uploads\/2025\/09\/ecolos-machine-a-perdre-300x67.png\" \/><\/a>Pour T\u00e9l\u00e9Grenoble, les verts ont allum\u00e9 la machine \u00e0 perdre<br \/>\nPIOLLE NE VEUT VOIR QU&rsquo;UN R\u00c8GLEMENT DE COMPTE POLITIQUE<\/p>\n<p style=\"text-align: justify;\">Dans une <a target=\"_blank\" href=\"https:\/\/c.ledauphine.com\/elections\/2025\/09\/19\/isere-grenoble-pour-piolle-tondelier-jette-le-discredit-depuis-paris-sur-les-municipales-de-grenoble\" rel=\"noopener\">lettre adress\u00e9e au bureau politique des Verts<\/a>, dont se fait l&rsquo;\u00e9cho le Dauphin\u00e9, il est toujours en roue libre et d\u00e9cid\u00e9ment bien loin de prendre la mesure de ce qui lui est reproch\u00e9, rejouant la th\u00e8se du r\u00e8glement de compte politique par Marine Tondelier avec qui il est en froid, en d\u00e9cortiquant le calendrier de parution d&rsquo;articles \u00e0 propos des faits qui lui sont reproch\u00e9s. Le probl\u00e8me \u00e0 ses yeux est qu&rsquo;on parle du dossier, pas le fond du dossier lui-m\u00eame.<\/p>\n<p>LA CAMPAGNE SABORD\u00c9E PAR LES VERTS EUX-M\u00caME<\/p>\n<p style=\"text-align: justify;\">Dans son courrier, il se questionne sur \u00ab\u00a0le but recherch\u00e9 au travers de cette sanction\u00a0\u00bb. Et consid\u00e8re que \u00ab\u00a0disqualifier le premier maire \u00e9colo d\u2019une pr\u00e9fecture, et le seul \u00e0 ce jour \u00e0 avoir \u00e9t\u00e9 r\u00e9\u00e9lu\u00a0\u00bb (toujours cette humilit\u00e9 qui le caract\u00e9rise tant), \u00ab\u00a0signifier par cette sanction que je suis un pestif\u00e9r\u00e9 pour la direction du parti\u00a0\u00bb n&rsquo;aide pas la campagne municipale. ? Sur ce point on lui donne raison : les Verts sont en train de saborder seuls comme des grands la campagne des Verts. Les affaires qui rattrapent Piolle font de lui le fossoyeur du parti \u00e0 Grenoble.<\/p>\n<p>UN \u00ab\u00a0PILIER\u00a0\u00bb DE LA CAMPAGNE MUNICIPALE<\/p>\n<p style=\"text-align: justify;\">\u00ab\u00a0Discr\u00e9diter depuis Paris un pilier de la campagne \u00e0 venir est une strat\u00e9gie pour le moins d\u00e9routante\u00a0\u00bb conclut-il. Ce faisant il confirme bien qu&rsquo;il se consid\u00e8re toujours comme un \u00ab\u00a0pilier\u00a0\u00bb et que les accusations de son adjointe Lucille Lheureux fustigeant son immixtion dans la campagne pour d\u00e9signer la candidate verte sont bien fond\u00e9es. Sa candidate Laurence Ruffin sera bel et bien marqu\u00e9e du sceau Piolle, faisant d&rsquo;elle la r\u00e9cipiendaire du bilan honni.<\/p>\n<p>LE DIVORCE DOULOUREUX DU DUO PIOLLE\/LHEUREUX<\/p>\n<p style=\"text-align: justify;\">Cette charge de Lucille Lheureux avait port\u00e9 un s\u00e9v\u00e8re coup aux Verts la semaine derni\u00e8re. L&rsquo;adjointe historique, qui avait jusque-l\u00e0 suivi son Maire le doigt sur la couture depuis 12 ans, <a href=\"https:\/\/grenoble-le-changement.fr\/2025\/09\/06\/la-candidature-de-laurence-ruffin-empechee-par-lucille-lheureux-et-les-verts\/\" target=\"_blank\" rel=\"noopener\">\u00e9trillait la \u00ab\u00a0pression\u00a0\u00bb et \u00ab\u00a0l&rsquo;intimidation\u00a0\u00bb<\/a> \u00e0 son encontre pour imposer sa candidate Laurence Ruffin pour les \u00e9lections municipales. Auparavant omnipr\u00e9sente, Lucille Lheureux a d\u00e9sormais disparu de l&rsquo;h\u00f4tel de ville, o\u00f9 elle n&rsquo;a pas particip\u00e9 aux commissions cette semaine en se mettant en arr\u00eat maladie. Le titanic se vide.<\/p>\n<p><a href=\"https:\/\/grenoble-le-changement.fr\/wp-content\/uploads\/2025\/07\/Piolle-Lheureux-Pre\u0301vost.webp\" target=\"_blank\" rel=\"noopener\"><img loading=\"lazy\" decoding=\"async\" class=\" wp-image-83380 jetpack-lazy-image\" src=\"https:\/\/grenoble-le-changement.fr\/wp-content\/uploads\/2025\/07\/Piolle-Lheureux-Pre\u0301vost-138x300.webp\" alt=\"\" width=\"509\" height=\"1106\" data-lazy-src=\"https:\/\/www.europesays.com\/fr\/wp-content\/uploads\/2025\/09\/Piolle-Lheureux-Pre\u0301vost-138x300.webp\" \/><\/a>Eric Piolle, Lucille Lheureux, Hugo Prevost tout sourire l&rsquo;an dernier. Le premier est d\u00e9sormais suspendu de son parti car mis en cause par des accusations de montage financier, la deuxi\u00e8me en guerre froid avec lui car refusant de se plier \u00e0 ses pressions, le troisi\u00e8me a d\u00e9missionn\u00e9 de son poste de D\u00e9put\u00e9 car accus\u00e9 de violences sexistes et sexuelles.<br \/>\nUN ARTICLE EXPLOSIF DE MEDIAPART : \u00ab\u00a0LA SUCCESSION VIRE AU FIASCO\u00a0\u00bb<\/p>\n<p style=\"text-align: justify;\">De quoi faire dire \u00e0 M\u00e9diapart, pourtant marqu\u00e9 tr\u00e8s \u00e0 gauche et ouvertement proche des Verts\/LFI, que \u00ab\u00a0la succession de Piolle vire au fiasco\u00a0\u00bb. <a target=\"_blank\" href=\"https:\/\/www.mediapart.fr\/journal\/france\/190925\/pressions-rumeurs-et-desistements-grenoble-la-succession-de-piolle-vire-au-fiasco?utm_source=global&amp;utm_medium=social&amp;utm_campaign=SharingApp&amp;xtor=CS3-5\" rel=\"noopener\">Dans un article paru hier<\/a>, le m\u00e9dia d&rsquo;investigation livre des t\u00e9moignages de proches et de nouveaux \u00e9l\u00e9ments particuli\u00e8rement accablants sur les m\u00e9thodes du syst\u00e8me Piolliste, sur lesquels nous aurons longuement l&rsquo;occasion de revenir dans les tous prochains jours tant ils sont explosifs.<\/p>\n<p><a href=\"https:\/\/grenoble-le-changement.fr\/wp-content\/uploads\/2025\/09\/mediapart-piolle-fiasco.png\" rel=\"lightbox[84804] noopener\" target=\"_blank\"><img loading=\"lazy\" decoding=\"async\" class=\"wp-image-84819 aligncenter jetpack-lazy-image\" src=\"https:\/\/grenoble-le-changement.fr\/wp-content\/uploads\/2025\/09\/mediapart-piolle-fiasco-300x148.png\" alt=\"\" width=\"762\" height=\"376\" data-lazy-src=\"https:\/\/grenoble-le-changement.fr\/wp-content\/uploads\/2025\/09\/mediapart-piolle-fiasco-300x148.png?is-pending-load=1\" \/><\/a><\/p>\n<p>1500 GRENOBLOIS POUR LE CHANGEMENT HIER AUTOUR D&rsquo;ALAIN CARIGNON<\/p>\n<p style=\"text-align: justify;\">Ce spectacle des Verts qui pataugent dans la fange est saisissant de contraste quand on le compare \u00e0 l&rsquo;immense succ\u00e8s du coup d&rsquo;envoi du changement donn\u00e9 hier soir <a href=\"https:\/\/grenoble-le-changement.fr\/2025\/06\/06\/alain-carignon-candidat-aux-municipales-a-grenoble\/\" target=\"_blank\" rel=\"noopener\">par Alain Carignon et le collectif \u00ab\u00a0R\u00e9concilier Grenoble\u00a0\u00bb<\/a>, qui a r\u00e9uni 1500 personnes pour inaugurer la \u00ab\u00a0Factory du Changement\u00a0\u00bb avenue Alsace-Lorraine. Depuis sa d\u00e9claration de candidature avant l&rsquo;\u00e9t\u00e9, la dynamique ne faisait que se renforcer. La mobilisation des Grenoblois hier soir le confirme et marque un nouveau tournant dans la campagne.\u00a0<\/p>\n<p>\u00ab\u00a0IL N&rsquo;Y A JAMAIS EU DE CHANGEMENT DE MAIRE SANS ALTERNANCE\u00a0\u00bb<\/p>\n<p style=\"text-align: justify;\">\u00ab\u00a0\u00c0 Grenoble, il n\u2019y a jamais eu de changement de maire sans alternance politique\u00a0\u00bb rappelle Eric Piolle dans son courrier. Constat lucide de sa part et cruel pr\u00e9sage pour Laurence Ruffin, qui devrait \u00eatre d\u00e9sign\u00e9e demain pour \u00eatre candidate \u00e0 la t\u00eate d&rsquo;un champ de ruine, d&rsquo;une majorit\u00e9 en lambeaux. En mars, il y aura changement de maire puisque Piolle ne se repr\u00e9sente pas. Et le tour de force d&rsquo;Alain Carignon et de \u00ab\u00a0R\u00e9concilier Grenoble\u00a0\u00bb hier soir d\u00e9montre que <a href=\"https:\/\/grenoble-le-changement.fr\/2025\/05\/24\/sondage-carignon-en-tete-de-lopposition-les-grenoblois-veulent-le-changement\/\" target=\"_blank\" rel=\"noopener\">l&rsquo;alternance est plus proche que jamais<\/a>.<\/p>\n<p style=\"text-align: justify;\">\u00c0 tous ceux qui souhaitent le changement d&rsquo;en tirer les enseignements et de faire preuve de responsabilit\u00e9. Et aux Grenoblois de se mobiliser pour achever de la r\u00e9aliser.\u00a0<\/p>\n","protected":false},"excerpt":{"rendered":"Posted On 20 septembre 2025 Ca va de pire en pire pour les Verts. Suspendu de son poste&hellip;\n","protected":false},"author":2,"featured_media":403978,"comment_status":"","ping_status":"","sticky":false,"template":"","format":"standard","meta":{"footnotes":""},"categories":[9566],"tags":[1111,11,9601,2430,9607,1777,674,10608,1011,27,2731,20952,10136,10612,12,25],"class_list":{"0":"post-403977","1":"post","2":"type-post","3":"status-publish","4":"format-standard","5":"has-post-thumbnail","7":"category-grenoble","8":"tag-actu","9":"tag-actualites","10":"tag-alain-carignon","11":"tag-auvergne-rhone-alpes","12":"tag-eric-piolle","13":"tag-eu","14":"tag-europe","15":"tag-eve-moulinier","16":"tag-fr","17":"tag-france","18":"tag-grenoble","19":"tag-hugo-prevost","20":"tag-laurence-ruffin","21":"tag-lucille-lheureux","22":"tag-news","23":"tag-republique-francaise"},"share_on_mastodon":{"url":"https:\/\/pubeurope.com\/@fr\/115234725440369373","error":""},"_links":{"self":[{"href":"https:\/\/www.europesays.com\/fr\/wp-json\/wp\/v2\/posts\/403977","targetHints":{"allow":["GET"]}}],"collection":[{"href":"https:\/\/www.europesays.com\/fr\/wp-json\/wp\/v2\/posts"}],"about":[{"href":"https:\/\/www.europesays.com\/fr\/wp-json\/wp\/v2\/types\/post"}],"author":[{"embeddable":true,"href":"https:\/\/www.europesays.com\/fr\/wp-json\/wp\/v2\/users\/2"}],"replies":[{"embeddable":true,"href":"https:\/\/www.europesays.com\/fr\/wp-json\/wp\/v2\/comments?post=403977"}],"version-history":[{"count":0,"href":"https:\/\/www.europesays.com\/fr\/wp-json\/wp\/v2\/posts\/403977\/revisions"}],"wp:featuredmedia":[{"embeddable":true,"href":"https:\/\/www.europesays.com\/fr\/wp-json\/wp\/v2\/media\/403978"}],"wp:attachment":[{"href":"https:\/\/www.europesays.com\/fr\/wp-json\/wp\/v2\/media?parent=403977"}],"wp:term":[{"taxonomy":"category","embeddable":true,"href":"https:\/\/www.europesays.com\/fr\/wp-json\/wp\/v2\/categories?post=403977"},{"taxonomy":"post_tag","embeddable":true,"href":"https:\/\/www.europesays.com\/fr\/wp-json\/wp\/v2\/tags?post=403977"}],"curies":[{"name":"wp","href":"https:\/\/api.w.org\/{rel}","templated":true}]}}