{"id":403981,"date":"2025-09-20T04:26:14","date_gmt":"2025-09-20T04:26:14","guid":{"rendered":"https:\/\/www.europesays.com\/fr\/403981\/"},"modified":"2025-09-20T04:26:14","modified_gmt":"2025-09-20T04:26:14","slug":"rennes-a-quelle-heure-et-sur-quelle-chaine-regarder-le-match-ce-samedi","status":"publish","type":"post","link":"https:\/\/www.europesays.com\/fr\/403981\/","title":{"rendered":"Rennes : \u00c0 quelle heure et sur quelle cha\u00eene regarder le match ce samedi ?"},"content":{"rendered":"<p>\u00c9ternels rivaux, Nantais et Rennais se d\u00e9fient samedi apr\u00e8s-midi \u00e0 La Beaujoire. Les deux voisins connaissent un d\u00e9but de championnat bien diff\u00e9rent. 14e, Nantes a du mal. Les Canaris ont entam\u00e9 leur saison par 2 d\u00e9faites de rang contre le Paris FC puis le PSG, avant de r\u00e9agir en s\u2019imposant sur sa pelouse contre le promu Auxerrois. Un sursaut qui n\u2019a toutefois pas \u00e9t\u00e9 confirm\u00e9 lors de la journ\u00e9e suivante, o\u00f9 les Nantais ont chut\u00e9 \u00e0 Nice. C\u2019est notamment le secteur offensif qui p\u00eache pour les hommes de Luis Castro. En effet, Nantes n\u2019a inscrit qu\u2019un seul but en 4 matchs. Un d\u00e9faut qu\u2019il faudra imp\u00e9rativement gommer face \u00e0 Rennes. Les Bretons restent eux sur un succ\u00e8s 3-1 contre Lyon et arrivent plus en confiance que leur adversaire. Les Rouge et Noir n\u2019ont pas encha\u00een\u00e9 2 victoires de suite depuis le d\u00e9but du championnat. Ils tenteront de briser cette s\u00e9rie samedi apr\u00e8s-midi.<\/p>\n<p>\u00c0 quelle heure et sur quelle cha\u00eene regarder en direct le match Nantes &#8211; Rennes ?<\/p>\n<p>Le match entre Nantes et Rennes est diffus\u00e9 en direct sur beIN SPORTS 1. Le coup d\u2019envoi du match est pr\u00e9vu \u00e0 17h00 le samedi 20 septembre en direct de la Beaujoire. Si vous \u00eates abonn\u00e9s \u00e0 beIN SPORTS (n\u00e9cessaire pour profiter du contenu), vous pouvez suivre la rencontre en HD sur votre t\u00e9l\u00e9viseur, smartphone, ordinateur ou tablette.<\/p>\n<p><a href=\"https:\/\/ad.doubleclick.net\/ddm\/trackclk\/N6600.143849.20MINUTES.FR\/B32944843.412602422;dc_trk_aid=604787482;dc_trk_cid=228480032;dc_lat=;dc_rdid=;tag_for_child_directed_treatment=;tfua=;gdpr=${GDPR};gdpr_consent=${GDPR_CONSENT_755};ltd=;dc_tdv=1\" rel=\"nofollow noopener\" target=\"_blank\" class=\"c-link c-btn c-btn--primary\">En savoir plus sur les nouvelles offres beIN Sports<\/a><\/p>\n<p>Les compositions probables : <\/p>\n<p>Nantes : Lopes \u2013 Amian, Awaziem, Tati, Cozza \u2013 Leroux, Mwanga, Lepenant \u2013 Benhattab, Mohamed, Abline<\/p>\n<p>Rennes : Samba \u2013 Rouault, Jacquet, Brassier \u2013 Camara, Fofana, Rongier, Blas, Merlin \u2013 Embolo, Lepaul.<\/p>\n<p>Diffusion Nantes &#8211; Rennes : ce qu\u2019il faut savoir<\/p>\n<ul>\n<li>Le match Nantes &#8211; Rennes a lieu samedi 20 septembre.<\/li>\n<li>La rencontre est diffus\u00e9e sur beIN SPORTS 1.<\/li>\n<li>Le coup d\u2019envoi de ce match est pr\u00e9vu \u00e0 17h00.<\/li>\n<\/ul>\n<p>20 Minutes Guide d&rsquo;Achat est aussi sur les r\u00e9seaux sociaux ! Suivez-nous sur <a href=\"https:\/\/www.instagram.com\/20minutes.guideachat\" target=\"_blank\" class=\"c-link c-link--is-underlined\" rel=\"noopener\">Instagram<\/a> et <a href=\"https:\/\/www.tiktok.com\/@20minutes.guideachat\" target=\"_blank\" class=\"c-link c-link--is-underlined\" rel=\"noopener\">TikTok<\/a> pour ne rien manquer de nos conseils et s\u00e9lections.<\/p>\n<p><script async src=\"\/\/www.instagram.com\/embed.js\"><\/script><script async src=\"\/\/www.tiktok.com\/embed.js\"><\/script><\/p>\n","protected":false},"excerpt":{"rendered":"\u00c9ternels rivaux, Nantais et Rennais se d\u00e9fient samedi apr\u00e8s-midi \u00e0 La Beaujoire. Les deux voisins connaissent un d\u00e9but&hellip;\n","protected":false},"author":2,"featured_media":403982,"comment_status":"","ping_status":"","sticky":false,"template":"","format":"standard","meta":{"footnotes":""},"categories":[2821],"tags":[1111,11,677,829,1777,674,462,63,1011,27,676,66,12,584,25,517,3087],"class_list":{"0":"post-403981","1":"post","2":"type-post","3":"status-publish","4":"format-standard","5":"has-post-thumbnail","7":"category-rennes","8":"tag-actu","9":"tag-actualites","10":"tag-bons-plans","11":"tag-bretagne","12":"tag-eu","13":"tag-europe","14":"tag-fc-nantes","15":"tag-football","16":"tag-fr","17":"tag-france","18":"tag-guide-dachat","19":"tag-ligue-1","20":"tag-news","21":"tag-rennes","22":"tag-republique-francaise","23":"tag-sport","24":"tag-stade-rennais"},"share_on_mastodon":{"url":"https:\/\/pubeurope.com\/@fr\/115234733107938826","error":""},"_links":{"self":[{"href":"https:\/\/www.europesays.com\/fr\/wp-json\/wp\/v2\/posts\/403981","targetHints":{"allow":["GET"]}}],"collection":[{"href":"https:\/\/www.europesays.com\/fr\/wp-json\/wp\/v2\/posts"}],"about":[{"href":"https:\/\/www.europesays.com\/fr\/wp-json\/wp\/v2\/types\/post"}],"author":[{"embeddable":true,"href":"https:\/\/www.europesays.com\/fr\/wp-json\/wp\/v2\/users\/2"}],"replies":[{"embeddable":true,"href":"https:\/\/www.europesays.com\/fr\/wp-json\/wp\/v2\/comments?post=403981"}],"version-history":[{"count":0,"href":"https:\/\/www.europesays.com\/fr\/wp-json\/wp\/v2\/posts\/403981\/revisions"}],"wp:featuredmedia":[{"embeddable":true,"href":"https:\/\/www.europesays.com\/fr\/wp-json\/wp\/v2\/media\/403982"}],"wp:attachment":[{"href":"https:\/\/www.europesays.com\/fr\/wp-json\/wp\/v2\/media?parent=403981"}],"wp:term":[{"taxonomy":"category","embeddable":true,"href":"https:\/\/www.europesays.com\/fr\/wp-json\/wp\/v2\/categories?post=403981"},{"taxonomy":"post_tag","embeddable":true,"href":"https:\/\/www.europesays.com\/fr\/wp-json\/wp\/v2\/tags?post=403981"}],"curies":[{"name":"wp","href":"https:\/\/api.w.org\/{rel}","templated":true}]}}