{"id":403987,"date":"2025-09-20T04:29:10","date_gmt":"2025-09-20T04:29:10","guid":{"rendered":"https:\/\/www.europesays.com\/fr\/403987\/"},"modified":"2025-09-20T04:29:10","modified_gmt":"2025-09-20T04:29:10","slug":"les-cinq-visites-gratuites-a-ne-pas-manquer","status":"publish","type":"post","link":"https:\/\/www.europesays.com\/fr\/403987\/","title":{"rendered":"les cinq visites gratuites \u00e0 ne pas manquer"},"content":{"rendered":"<p>            Par<br \/>\n        <strong><br \/>\n            <a href=\"https:\/\/actu.fr\/auteur\/ugo-maillard\" title=\"Consulter tous les articles de Ugo Maillard\" target=\"_blank\" rel=\"noopener\">Ugo Maillard<\/a><br \/>\n        <\/strong><\/p>\n<p>        Publi\u00e9 le<\/p>\n<p>            20 sept. 2025 \u00e0 6h14        <\/p>\n<p>Une occasion unique de (re)d\u00e9couvrir quelques-uns des tr\u00e9sors de Nice. Les vendredi 19, samedi 20 et dimanche 21 septembre 2025, les <strong>Journ\u00e9es europ\u00e9ennes du patrimoine<\/strong> se tiennent partout en France avec un m\u00eame th\u00e8me\u2009: le patrimoine architectural. Cette initiative lanc\u00e9e en 1984 permet, le temps d\u2019un week-end, de d\u00e9couvrir les richesses de sa ville. \u00c0 Nice (<a href=\"https:\/\/actu.fr\/provence-alpes-cote-d-azur\/alpes-maritimes_06\" target=\"_blank\" rel=\"noopener\">Alpes-Maritimes<\/a>), plusieurs centaines d\u2019\u00e9v\u00e8nements, de visites ou de portes ouvertes sont organis\u00e9es durant trois jours.<\/p>\n<p class=\" wall-content\">La r\u00e9daction d\u2019<a href=\"https:\/\/actu.fr\/nice\/\" target=\"_blank\" rel=\"noopener\">actu Nice<\/a> a list\u00e9 <strong>cinq activit\u00e9s gratuites<\/strong> \u00e0 ne pas manquer. Attention, la r\u00e9servation des places est parfois obligatoire.<\/p>\n<p>D\u00e9couverte des pointus de Nice<\/p>\n<p class=\" wall-content\">Samedi et dimanche, des visites libres sont organis\u00e9es de 09\u2009h\u200930 \u00e0 16\u2009h\u200930 pour d\u00e9couvrir les c\u00e9l\u00e8bres pointus de Nice.<\/p>\n<p class=\" wall-content\">Ces bateaux traditionnels de p\u00eache, visibles au port Lympia, font aujourd\u2019hui partie du patrimoine de la ville. Des ateliers et des visites seront possibles pour en savoir plus sur l\u2019histoire de ces embarcations.<\/p>\n<p>    <a href=\"https:\/\/www.google.com\/maps\/embed?pb=!1m18!1m12!1m3!1d2884.726755467792!2d7.283143676532444!3d43.69544374969713!2m3!1f0!2f0!3f0!3m2!1i1024!2i768!4f13.1!3m3!1m2!1s0x12cddabf71b04703%3A0xf7040d53ed826db6!2sQuai%20Entrecasteaux%2C%2006300%20Nice!5e0!3m2!1sfr!2sfr!4v1757925860474!5m2!1sfr!2sfr\" title=\"Ouvrie le lien\" target=\"_blank\" rel=\"noopener\">Cliquez ici pour visualiser le contenu<\/a><\/p>\n<p class=\" wall-content\">\u00c0 noter que des <strong>promenades en pointu<\/strong> seront \u00e9galement organis\u00e9es samedi et dimanche de 14h \u00e0 16h.<\/p>\n<p>Dans les coulisses de la transformation du Mus\u00e9um<\/p>\n<p class=\" wall-content\">Tout au long du week-end du 20 et 21\u00a0septembre, une dizaine de visites d\u2019environ 25\u00a0minutes sont organis\u00e9es au sein du Mus\u00e9um d\u2019Histoire Naturelle de Nice.<\/p>\n<p>Votre r\u00e9gion, votre actu !<\/p>\n<p>Recevez chaque jour les infos qui comptent pour vous.<\/p>\n<p>\t<a href=\"https:\/\/actu.fr\/newsletter\" class=\"ac-btn ac-btn--corner ac-btn--medium ac-btn--blue800\" target=\"_blank\" rel=\"noopener\">S&rsquo;incrire<\/a><\/p>\n<p>    <a href=\"https:\/\/www.google.com\/maps\/embed?pb=!1m18!1m12!1m3!1d2884.4217222692387!2d7.276976876532685!3d43.70178424928654!2m3!1f0!2f0!3f0!3m2!1i1024!2i768!4f13.1!3m3!1m2!1s0x12cddaba6f8f8ead%3A0xbb3332ac22c3ae7a!2sMus%C3%A9um%20d%27Histoire%20naturelle%20de%20Nice!5e0!3m2!1sfr!2sfr!4v1757928533407!5m2!1sfr!2sfr\" title=\"Ouvrie le lien\" target=\"_blank\" rel=\"noopener\">Cliquez ici pour visualiser le contenu<\/a><\/p>\n<p class=\" wall-content\">L\u2019objectif est de pr\u00e9senter aux Ni\u00e7ois et aux curieux l\u2019avanc\u00e9e des <strong>travaux commenc\u00e9e en mars<\/strong> et qui s\u2019ach\u00e8veront en d\u00e9cembre\u00a02025.<\/p>\n<p class=\" wall-content\">\u00ab\u2009Actuellement en r\u00e9novation, nous pousserons les portes d\u2019acc\u00e8s aux zones restreintes du Mus\u00e9um pour espionner l\u2019avanc\u00e9e des travaux et certains sp\u00e9cimens en avant-premi\u00e8re. C\u2019est toute une partie m\u00e9connue de nos activit\u00e9s que vous d\u00e9couvrirez lors de cette visite exceptionnelle\u2009\u00bb, explique la direction du Mus\u00e9um.<\/p>\n<p>La villa Thomson\u2009: le palais d\u2019un Am\u00e9ricain sur la colline des Baumettes<\/p>\n<p class=\" wall-content\">Une visite unique. Le samedi 20\u00a0septembre 2025, V\u00e9ronique Thuin-Chaudron, docteure en histoire de l\u2019art et sp\u00e9cialiste de l\u2019histoire de l\u2019architecture au XIXe\u00a0si\u00e8cle, propose de red\u00e9couvrir la villa Thomson. De 11\u2009h\u200900 \u00e0 12\u2009h\u200900, il sera possible de se balader dans cette b\u00e2tisse qui accueille le mus\u00e9e des Beaux-Arts de Nice.<\/p>\n<blockquote class=\"ac-article-quote wall-content\">\n<p>Le Mus\u00e9e des Beaux-Arts de Nice a \u00e9t\u00e9 inaugur\u00e9 en 1928 dans une magnifique demeure n\u00e9oclassique construite en 1878. \u00c0 l\u2019occasion des journ\u00e9es europ\u00e9ennes du patrimoine organis\u00e9es les 20 et 21 septembre 2025, venez en d\u00e9couvrir les secrets.<\/p>\n<p>    <strong>Mus\u00e9e des Beaux-Arts de Nice<\/strong>\n            <\/p><\/blockquote>\n<p class=\" wall-content\">Pour s\u2019inscrire, il est n\u00e9cessaire d\u2019envoyer un mail \u00e0\u2009: <a href=\"https:\/\/actu.fr\/cdn-cgi\/l\/email-protection\" class=\"__cf_email__\" data-cfemail=\"d1bca4a2b4b4ffb3b4b0a4a9fcb0a3a5a291a7b8bdbdb4fcbfb8b2b4ffb7a3\" target=\"_blank\" rel=\"noopener\">[email\u00a0protected]<\/a><\/p>\n<p>Visites comment\u00e9es de l\u2019H\u00f4tel de Ville<\/p>\n<p class=\" wall-content\">B\u00e2timent embl\u00e9matique du Vieux-Nice, l\u2019H\u00f4tel de Ville ouvrira ses portes au public lors des Journ\u00e9es du patrimoine.<\/p>\n<p class=\" wall-content\">De 10h \u00e0 12h, le samedi 20, des <strong>visites guid\u00e9es<\/strong> seront organis\u00e9es toutes les 30\u00a0minutes.<\/p>\n<p>    <img   decoding=\"async\" loading=\"lazy\" src=\"https:\/\/www.europesays.com\/fr\/wp-content\/uploads\/2025\/09\/img-7028-960x640.jpg\" alt=\"La ville de Nice (Alpes-Maritimes) a vot\u00e9 en conseil municipal le 27 mai 2021, la cr\u00e9ation d'une mutuelle communale.\" width=\"960\" height=\"640\"\/><br \/>\n    L\u2019H\u00f4tel de Ville de Nice pourra \u00eatre visit\u00e9 lors des journ\u00e9es du Patrimoine. (\u00a9MI \/ Actu Nice)<\/p>\n<p class=\" wall-content\">\u00ab\u2009D\u2019un s\u00e9minaire \u00e0 une prison puis un h\u00f4pital devenu mairie en 1868, cet \u00e9difice du XVIIIe\u00a0si\u00e8cle n\u2019a cess\u00e9 de se m\u00e9tamorphoser. Quel d\u00e9cor donne-t-il \u00e0 voir aujourd\u2019hui\u2009?\u2009\u00bb, s\u2019interroge le site des journ\u00e9es du patrimoine.<\/p>\n<p class=\" wall-content\">Pour les curieux, rendez-vous au 5 rue de l\u2019H\u00f4tel de Ville.<\/p>\n<p>Villa Mass\u00e9na<\/p>\n<p class=\" wall-content\">Durant ce week-end des Journ\u00e9es europ\u00e9ennes du patrimoine, six visites exceptionnelles se tiendront au sein de la Villa Mass\u00e9na, dans laquelle on retrouve le <strong>mus\u00e9e d\u2019art et d\u2019histoire<\/strong>. L\u2019objectif est de profiter de l\u2019exposition \u00ab\u2009du rivage \u00e0 la mer\u2009\u00bb.<\/p>\n<p class=\" wall-content\">Elle retrace \u00ab\u2009les relations que Nice a entretenues, tout au long de son histoire, avec la M\u00e9diterran\u00e9e. De la pr\u00e9histoire \u00e0 aujourd\u2019hui, de la Nikaia des Grecs \u00e0 la vill\u00e9giature d\u2019hiver de la Reine Victoria, la ville n\u2019a cess\u00e9 de r\u00e9inventer sa relation avec le rivage. Parfois, en redoutant les menaces, elle s\u2019en est d\u00e9tourn\u00e9e et prot\u00e9g\u00e9e. Souvent, elle en a fait l\u2019horizon de ses audaces et de ses r\u00eaves\u2009\u00bb, indique le site.<\/p>\n<p>Pour r\u00e9server ou consulter toutes les activit\u00e9s disponibles ce week-end, le <a href=\"https:\/\/www.nice.fr\/journees-europeennes-du-patrimoine\/#au-programme\" target=\"_blank\" rel=\"noopener\">site<\/a> des Journ\u00e9es europ\u00e9ennes du patrimoine recense tous les \u00e9v\u00e8nements.<\/p>\n<p class=\" wall-content\">Personnalisez votre actualit\u00e9 en ajoutant vos villes et m\u00e9dias en favori avec <a href=\"https:\/\/moncompte.actu.fr\" title=\"D\u00e9couvez Mon Actu\" rel=\"nofollow noopener\" data-trk=\"{&quot;cta&quot;:{&quot;action&quot;:&quot;https:\\\/\\\/moncompte.actu.fr&quot;,&quot;category&quot;:&quot;mon compte&quot;,&quot;from&quot;:&quot;article footer&quot;,&quot;name&quot;:&quot;Mon actu&quot;,&quot;type&quot;:&quot;cta&quot;}}\" target=\"_blank\">Mon Actu<\/a>.<\/p>\n","protected":false},"excerpt":{"rendered":"Par Ugo Maillard Publi\u00e9 le 20 sept. 2025 \u00e0 6h14 Une occasion unique de (re)d\u00e9couvrir quelques-uns des tr\u00e9sors&hellip;\n","protected":false},"author":2,"featured_media":313130,"comment_status":"","ping_status":"","sticky":false,"template":"","format":"standard","meta":{"footnotes":""},"categories":[2819],"tags":[1111,11,1777,674,1011,27,47275,1652,12,2401,882,25],"class_list":{"0":"post-403987","1":"post","2":"type-post","3":"status-publish","4":"format-standard","5":"has-post-thumbnail","7":"category-nice","8":"tag-actu","9":"tag-actualites","10":"tag-eu","11":"tag-europe","12":"tag-fr","13":"tag-france","14":"tag-journees-europeennes-du-patrimoine","15":"tag-loisirs-culture","16":"tag-news","17":"tag-nice","18":"tag-provence-alpes-cote-dazur","19":"tag-republique-francaise"},"share_on_mastodon":{"url":"https:\/\/pubeurope.com\/@fr\/115234744864637061","error":""},"_links":{"self":[{"href":"https:\/\/www.europesays.com\/fr\/wp-json\/wp\/v2\/posts\/403987","targetHints":{"allow":["GET"]}}],"collection":[{"href":"https:\/\/www.europesays.com\/fr\/wp-json\/wp\/v2\/posts"}],"about":[{"href":"https:\/\/www.europesays.com\/fr\/wp-json\/wp\/v2\/types\/post"}],"author":[{"embeddable":true,"href":"https:\/\/www.europesays.com\/fr\/wp-json\/wp\/v2\/users\/2"}],"replies":[{"embeddable":true,"href":"https:\/\/www.europesays.com\/fr\/wp-json\/wp\/v2\/comments?post=403987"}],"version-history":[{"count":0,"href":"https:\/\/www.europesays.com\/fr\/wp-json\/wp\/v2\/posts\/403987\/revisions"}],"wp:featuredmedia":[{"embeddable":true,"href":"https:\/\/www.europesays.com\/fr\/wp-json\/wp\/v2\/media\/313130"}],"wp:attachment":[{"href":"https:\/\/www.europesays.com\/fr\/wp-json\/wp\/v2\/media?parent=403987"}],"wp:term":[{"taxonomy":"category","embeddable":true,"href":"https:\/\/www.europesays.com\/fr\/wp-json\/wp\/v2\/categories?post=403987"},{"taxonomy":"post_tag","embeddable":true,"href":"https:\/\/www.europesays.com\/fr\/wp-json\/wp\/v2\/tags?post=403987"}],"curies":[{"name":"wp","href":"https:\/\/api.w.org\/{rel}","templated":true}]}}