{"id":403988,"date":"2025-09-20T04:30:20","date_gmt":"2025-09-20T04:30:20","guid":{"rendered":"https:\/\/www.europesays.com\/fr\/403988\/"},"modified":"2025-09-20T04:30:20","modified_gmt":"2025-09-20T04:30:20","slug":"on-veut-faire-bouger-nice-offrir-un-club-qui-rivalise-avec-londres-ou-berlin-une-nouvelle-discotheque-ouvre-ses-portes-dans-le-vieux-nice","status":"publish","type":"post","link":"https:\/\/www.europesays.com\/fr\/403988\/","title":{"rendered":"\u00ab\u00a0On veut faire bouger Nice, offrir un club qui rivalise avec Londres ou Berlin\u00a0\u00bb: une nouvelle discoth\u00e8que ouvre ses portes dans le Vieux-Nice"},"content":{"rendered":"<p>\u00ab\u00a0On en avait marre de devoir aller \u00e0 Cannes, Monaco ou Marseille pour trouver une vraie soir\u00e9e. Nice m\u00e9rite son club. Alors on a d\u00e9cid\u00e9 de le cr\u00e9er, souffle R\u00e9my, encore marqu\u00e9 par deux ans de travaux et de d\u00e9marches administratives. <strong>\u00c0 deux pas du Vieux-Nice, au 8 descente Crotti<\/strong>, la fa\u00e7ade jaune p\u00e2le encore en chantier attire d\u00e9j\u00e0 l\u2019\u0153il.<\/p>\n<p>Derri\u00e8re la porte, les ouvriers s\u2019activent: peinture, c\u00e2bles, finitions\u2026 La poussi\u00e8re flotte dans l\u2019air et les meubles sont toujours recouverts de plastique. Le coin VIP derri\u00e8re la cabine DJ ressemble \u00e0 un d\u00e9barras improvis\u00e9. Dans quelques jours pourtant, <strong>l\u2019ancien Calypso, club antillais abandonn\u00e9, se transformera en la Bibliotech<\/strong>, un nouveau lieu \u00e9lectro que ses fondateurs veulent \u00e9riger en \u00ab\u00a0the place to be\u00a0\u00bb des nuits ni\u00e7oises.<\/p>\n<p>\u00c0 l\u2019origine de cette ouverture, R\u00e9my Barbosa et ses amis du collectif Coachelito associ\u00e9 \u00e0 Christian, le patron de l\u2019Op\u00e9ra Club. \u00c0 peine 25 ans, ils ont d\u00e9cid\u00e9 de relever le d\u00e9fi ambitieux de ramener la f\u00eate \u00e0 Nice. Mais pour R\u00e9my, cette histoire ne sort pas de nulle part. Il y a quatre ans, il faisait ses premi\u00e8res armes en discoth\u00e8que\u2026 Pas derri\u00e8re les platines, mais en ramassant les verres.<\/p>\n<p>\u00ab\u00a0J\u2019ai commenc\u00e9 tout en bas de l\u2019\u00e9chelle, au sens litt\u00e9ral\u00a0\u00bb, sourit-il aujourd\u2019hui. Une exp\u00e9rience d\u00e9cisive qui lui a permis d\u2019apprendre le m\u00e9tier de l\u2019int\u00e9rieur, de comprendre comment fonctionne un club\u2026 Et de rencontrer celui qui \u00e9tait alors son patron, devenu aujourd\u2019hui son associ\u00e9. Derri\u00e8re ce projet, il y a aussi une conviction: celle de faire rayonner leur ville. \u00ab\u00a0On est des jeunes Ni\u00e7ois. On aurait pu partir \u00e0 Paris, mais on est rest\u00e9s. On veut faire bouger Nice, offrir un club qui rivalise avec Londres ou Berlin.\u00a0\u00bb<\/p>\n<p><strong>Un d\u00e9cor inspir\u00e9 d\u2019Ibiza<\/strong><\/p>\n<p>Le nom d\u00e9tonne: Bibliotech, avec \u00ab\u00a0tech\u00a0\u00bb comme techno. \u00ab\u00a0Quand tu dis \u00e0 tes potes \u201cje vais \u00e0 la BU\u00a0\u00bb, \u00e7a peut faire sourire\u2026 Mais en vrai tu viens r\u00e9viser sur le dancefloor \u00bb, s\u2019amuse le fondateur. \u00c0 l\u2019\u00e9tage, une fausse biblioth\u00e8que habill\u00e9e de livres et de vinyles prolongera ce clin d\u2019\u0153il. Le clou du spectacle se trouve au plafond: un \u00e9cran LED monumental, directement inspir\u00e9 des discoth\u00e8ques d\u2019Ibiza.<\/p>\n<p>\u00ab\u00a0L\u00e0-bas, les clubs sont des exp\u00e9riences totales jusque dans les toilettes. J\u2019ai repris un concept et je l\u2019ai pouss\u00e9. Ici, c\u2019est une version 3, programmable \u00e0 l\u2019infini. \u00c7a donne de la profondeur, \u00e7a transforme la soir\u00e9e\u00a0\u00bb, d\u00e9taille R\u00e9my. <strong>La Bibliotech accueillera environ 350 personnes.<\/strong> Un format volontairement intimiste, mais un son calibr\u00e9 digne des plus c\u00e9l\u00e8bres festivals: un syst\u00e8me Function One, r\u00e9f\u00e9rence mondiale, a \u00e9t\u00e9 install\u00e9. \u00ab\u00a0On a sur\u00e9quip\u00e9 le club. Franchement, \u00e7a va envoyer\u00a0\u00bb, promet R\u00e9my. Pour contenir cette puissance, une isolation phonique a \u00e9t\u00e9 r\u00e9alis\u00e9e de fond en comble: dalle mont\u00e9e sur ressorts, murs doubl\u00e9s, structure m\u00e9tallique sans un seul trou.<\/p>\n<p><strong>Casser les codes azur\u00e9ens<\/strong><\/p>\n<p>Au-del\u00e0 de la technique, les fondateurs veulent imposer un \u00e9tat d\u2019esprit. \u00ab\u00a0Trop souvent, les clubs ici, c\u2019est du para\u00eetre. Nous, on veut rassembler les gens pour la musique. Tu peux avoir 50 euros sur ton compte et danser \u00e0 c\u00f4t\u00e9 d\u2019un mec en Porsche. Ce qui compte, c\u2019est le son\u00a0\u00bb, insiste R\u00e9my. La bo\u00eete de nuit s\u2019appuiera sur l\u2019ADN de Coachelito et de son co-fondateur Raphael sous le nom de DJ Chaps.<\/p>\n<p>Chaque semaine, des DJs nationaux et internationaux se produiront pour une programmation \u00e9clectique allant de la house \u00e0 la techno. <strong>Tous les mois une soir\u00e9e sp\u00e9ciale techno sera pr\u00eate \u00e0 accueillir un public laiss\u00e9 \u00e0 l\u2019abandon dans les Alpes-Maritimes. L\u2019\u00e9t\u00e9, elle ouvrira sept soirs sur sept.<\/strong> L\u2019hiver, ce sera ouvert <strong>du mercredi au samedi<\/strong>, de minuit \u00e0 5 heures. Un espace merchandising est \u00e9galement pr\u00e9vu \u00e0 l\u2019entr\u00e9e. tee-shirts, casquettes et lunettes estampill\u00e9s du nom de l\u2019enseigne viendront prolonger l\u2019exp\u00e9rience. \u00ab\u00a0Comme \u00e0 Ibiza, tu repars toujours avec un souvenir. Ici aussi, je veux que les gens gardent un bout de nous avec eux.\u00a0\u00bb<\/p>\n","protected":false},"excerpt":{"rendered":"\u00ab\u00a0On en avait marre de devoir aller \u00e0 Cannes, Monaco ou Marseille pour trouver une vraie soir\u00e9e. Nice&hellip;\n","protected":false},"author":2,"featured_media":403989,"comment_status":"","ping_status":"","sticky":false,"template":"","format":"standard","meta":{"footnotes":""},"categories":[2819],"tags":[1111,11,1777,674,1011,27,12,2401,882,25,3366],"class_list":{"0":"post-403988","1":"post","2":"type-post","3":"status-publish","4":"format-standard","5":"has-post-thumbnail","7":"category-nice","8":"tag-actu","9":"tag-actualites","10":"tag-eu","11":"tag-europe","12":"tag-fr","13":"tag-france","14":"tag-news","15":"tag-nice","16":"tag-provence-alpes-cote-dazur","17":"tag-republique-francaise","18":"tag-vie-locale"},"share_on_mastodon":{"url":"https:\/\/pubeurope.com\/@fr\/115234748791154427","error":""},"_links":{"self":[{"href":"https:\/\/www.europesays.com\/fr\/wp-json\/wp\/v2\/posts\/403988","targetHints":{"allow":["GET"]}}],"collection":[{"href":"https:\/\/www.europesays.com\/fr\/wp-json\/wp\/v2\/posts"}],"about":[{"href":"https:\/\/www.europesays.com\/fr\/wp-json\/wp\/v2\/types\/post"}],"author":[{"embeddable":true,"href":"https:\/\/www.europesays.com\/fr\/wp-json\/wp\/v2\/users\/2"}],"replies":[{"embeddable":true,"href":"https:\/\/www.europesays.com\/fr\/wp-json\/wp\/v2\/comments?post=403988"}],"version-history":[{"count":0,"href":"https:\/\/www.europesays.com\/fr\/wp-json\/wp\/v2\/posts\/403988\/revisions"}],"wp:featuredmedia":[{"embeddable":true,"href":"https:\/\/www.europesays.com\/fr\/wp-json\/wp\/v2\/media\/403989"}],"wp:attachment":[{"href":"https:\/\/www.europesays.com\/fr\/wp-json\/wp\/v2\/media?parent=403988"}],"wp:term":[{"taxonomy":"category","embeddable":true,"href":"https:\/\/www.europesays.com\/fr\/wp-json\/wp\/v2\/categories?post=403988"},{"taxonomy":"post_tag","embeddable":true,"href":"https:\/\/www.europesays.com\/fr\/wp-json\/wp\/v2\/tags?post=403988"}],"curies":[{"name":"wp","href":"https:\/\/api.w.org\/{rel}","templated":true}]}}