{"id":403990,"date":"2025-09-20T04:31:19","date_gmt":"2025-09-20T04:31:19","guid":{"rendered":"https:\/\/www.europesays.com\/fr\/403990\/"},"modified":"2025-09-20T04:31:19","modified_gmt":"2025-09-20T04:31:19","slug":"a-nantes-leveche-sinstalle-rue-de-la-gourmette","status":"publish","type":"post","link":"https:\/\/www.europesays.com\/fr\/403990\/","title":{"rendered":"\u00c0 Nantes, l\u2019\u00e9v\u00each\u00e9 s\u2019installe rue de la Gourmette"},"content":{"rendered":"<p>L\u2019\u00e9v\u00each\u00e9 change d\u2019adresse. Adieu le 1, impasse Saint-Laurent, en plein centre-ville, \u00e0 deux pas de la cath\u00e9drale et de la Psalette, le manoir du XVe\u00a0si\u00e8cle.<\/p>\n<p>C\u2019est d\u00e9sormais rue de la Gourmette, dans la maison du m\u00eame nom, que l\u2019\u00e9v\u00each\u00e9 s\u2019installe. <strong>\u00ab\u00a0Le d\u00e9m\u00e9nagement est historique,<\/strong> fait remarquer Fran\u00e7oise Coquereau, la d\u00e9l\u00e9gu\u00e9e g\u00e9n\u00e9rale, <strong>car l\u2019\u00e9v\u00each\u00e9 \u00e9tait install\u00e9 impasse Saint-Laurent depuis 1907.\u00a0\u00bb<\/strong><\/p>\n<p>L\u2019\u00e9v\u00eaque n\u2019est pas le seul \u00e0 faire ses valises. Les deux vicaires g\u00e9n\u00e9raux, Lo\u00efc Lehuen et S\u00e9bastien de Groulard, ont pris le m\u00eame chemin. Eux aussi avaient leurs bureaux et appartement, impasse Saint-Laurent, mais au num\u00e9ro\u00a08.<\/p>\n<p>Imp\u00e9ratifs \u00e9conomiques<\/p>\n<p>Le d\u00e9m\u00e9nagement r\u00e9pond \u00e0 des imp\u00e9ratifs \u00e9conomiques et d\u2019organisation. <strong>\u00ab\u00a0Le dioc\u00e8se avait le souhait de rationaliser l\u2019immobilier, pour limiter un certain nombre de frais d\u2019entretien, mais ce sera aussi plus simple en termes d\u2019organisation et de fonctionnement\u00a0\u00bb,<\/strong> pr\u00e9cise Fran\u00e7oise Coquereau.<\/p>\n<p>Dans leurs nouveaux murs, <a href=\"https:\/\/nantes.maville.com\/info\/info-locale\/dans-le-saint-des-saints-des-tresors-deglises-722853\" target=\"_self\" rel=\"noopener\">o\u00f9 se trouvent \u00e9galement les archives du dioc\u00e8se,<\/a> l\u2019\u00e9v\u00eaque et son \u00e9quipe du conseil \u00e9piscopal <strong>\u00ab\u00a0se rapprochent des services g\u00e9n\u00e9raux du dioc\u00e8se, mais aussi de la Maison dioc\u00e9saine, au Petit-Port ou encore de la direction de l\u2019enseignement catholique, rue Leglas-Morice\u00a0\u00bb,<\/strong> d\u00e9taille Fran\u00e7oise Coquereau.<\/p>\n<p>L\u2019appartement et les bureaux de l\u2019\u00e9v\u00eaque, impasse Saint-Laurent, vont \u00eatre vendus, ce qui permettra de financer tout ou partie des travaux r\u00e9alis\u00e9s maison de la Gourmette (environ 1,5\u00a0million d\u2019euros). Ceux des vicaires g\u00e9n\u00e9raux seront mis en location. Le parc immobilier du dioc\u00e8se repr\u00e9sente environ 30\u00a0000\u00a0m2, <a href=\"https:\/\/nantes.maville.com\/actu\/actudet_-a-nantes-la-ville-entretient-dix-huit-lieux-de-culte-combien-ca-coute-_52716-6616382_actu.Htm\" target=\"_self\" rel=\"noopener\">hors lieux de culte.<\/a><\/p>\n<p>\u00a0<\/p>\n","protected":false},"excerpt":{"rendered":"L\u2019\u00e9v\u00each\u00e9 change d\u2019adresse. Adieu le 1, impasse Saint-Laurent, en plein centre-ville, \u00e0 deux pas de la cath\u00e9drale et&hellip;\n","protected":false},"author":2,"featured_media":403991,"comment_status":"","ping_status":"","sticky":false,"template":"","format":"standard","meta":{"footnotes":""},"categories":[2818],"tags":[1111,11,1777,674,53536,1011,27,53537,14191,766,12,2636,25,3640],"class_list":{"0":"post-403990","1":"post","2":"type-post","3":"status-publish","4":"format-standard","5":"has-post-thumbnail","7":"category-nantes","8":"tag-actu","9":"tag-actualites","10":"tag-eu","11":"tag-europe","12":"tag-eveche","13":"tag-fr","14":"tag-france","15":"tag-gourmette","16":"tag-installe","17":"tag-nantes","18":"tag-news","19":"tag-pays-de-la-loire","20":"tag-republique-francaise","21":"tag-rue"},"share_on_mastodon":{"url":"https:\/\/pubeurope.com\/@fr\/115234752747216392","error":""},"_links":{"self":[{"href":"https:\/\/www.europesays.com\/fr\/wp-json\/wp\/v2\/posts\/403990","targetHints":{"allow":["GET"]}}],"collection":[{"href":"https:\/\/www.europesays.com\/fr\/wp-json\/wp\/v2\/posts"}],"about":[{"href":"https:\/\/www.europesays.com\/fr\/wp-json\/wp\/v2\/types\/post"}],"author":[{"embeddable":true,"href":"https:\/\/www.europesays.com\/fr\/wp-json\/wp\/v2\/users\/2"}],"replies":[{"embeddable":true,"href":"https:\/\/www.europesays.com\/fr\/wp-json\/wp\/v2\/comments?post=403990"}],"version-history":[{"count":0,"href":"https:\/\/www.europesays.com\/fr\/wp-json\/wp\/v2\/posts\/403990\/revisions"}],"wp:featuredmedia":[{"embeddable":true,"href":"https:\/\/www.europesays.com\/fr\/wp-json\/wp\/v2\/media\/403991"}],"wp:attachment":[{"href":"https:\/\/www.europesays.com\/fr\/wp-json\/wp\/v2\/media?parent=403990"}],"wp:term":[{"taxonomy":"category","embeddable":true,"href":"https:\/\/www.europesays.com\/fr\/wp-json\/wp\/v2\/categories?post=403990"},{"taxonomy":"post_tag","embeddable":true,"href":"https:\/\/www.europesays.com\/fr\/wp-json\/wp\/v2\/tags?post=403990"}],"curies":[{"name":"wp","href":"https:\/\/api.w.org\/{rel}","templated":true}]}}