{"id":404000,"date":"2025-09-20T04:36:15","date_gmt":"2025-09-20T04:36:15","guid":{"rendered":"https:\/\/www.europesays.com\/fr\/404000\/"},"modified":"2025-09-20T04:36:15","modified_gmt":"2025-09-20T04:36:15","slug":"pres-de-toulouse-cette-autoroute-pour-cyclistes-doit-permettre-de-mieux-circuler-dans-une-zone-asphyxiee","status":"publish","type":"post","link":"https:\/\/www.europesays.com\/fr\/404000\/","title":{"rendered":"Pr\u00e8s de Toulouse. Cette \u00ab\u00a0autoroute pour cyclistes\u00a0\u00bb doit permettre de mieux circuler dans une zone asphyxi\u00e9e"},"content":{"rendered":"<p>            Par<br \/>\n        <strong><br \/>\n            <a href=\"https:\/\/actu.fr\/auteur\/david-saint-sernin\" title=\"Consulter tous les articles de David Saint-Sernin\" target=\"_blank\" rel=\"noopener\">David Saint-Sernin<\/a><br \/>\n        <\/strong><\/p>\n<p>        Publi\u00e9 le<\/p>\n<p>            20 sept. 2025 \u00e0 6h02        <\/p>\n<p>C\u2019est un premier pas vers la cr\u00e9ation d\u2019une nouvelle<strong> \u00ab\u2009autoroute pour cyclistes\u2009\u00bb<\/strong> <a href=\"https:\/\/actu.fr\/toulouse\/\" target=\"_blank\" rel=\"noopener\">autour de Toulouse<\/a>. Au c\u0153ur de la Ville rose, l\u2019on commence \u00e0 bien conna\u00eetre <a href=\"https:\/\/actu.fr\/occitanie\/toulouse_31555\/en-images-piste-cyclable-et-trottoirs-renoves-les-travaux-avancent-sur-ce-grand-axe-de-toulouse_63105737.html\" target=\"_blank\" rel=\"noopener\">les am\u00e9nagements li\u00e9s \u00e0 la r\u00e9alisation du r\u00e9seau express v\u00e9lo (REV).<\/a> Ce sont soit ces bandes cyclables le long de la route, soit ces pistes cyclables s\u00e9par\u00e9es des flux automobiles qui apparaissent ces derni\u00e8res ann\u00e9es le long des grandes art\u00e8res de la Ville rose, mais aussi dans certaines communes de Toulouse M\u00e9tropole. Ce que moins de gens savent \u00e0 Toulouse, c\u2019est que <a href=\"https:\/\/actu.fr\/occitanie\/toulouse_31555\/toulouse-ce-reseau-en-pieuvre-va-etendre-ses-tentacules-dans-la-grande-agglo-et-changer-des-habitudes_55294281.html\" target=\"_blank\" rel=\"noopener\">ce r\u00e9seau en pieuvre<\/a> joue les prolongations \u00e0 l\u2019ext\u00e9rieur du territoire de Toulouse M\u00e9tropole. Il est en effet pr\u00e9vu que \u00ab\u2009des autoroutes pour cyclistes\u2009\u00bb, soient trac\u00e9es vers les communes limitrophes de Toulouse. Ceci sous l\u2019\u00e9gide du D\u00e9partement de la Haute-Garonne. Vendredi 19\u00a0septembre 2025, c\u2019est un premier tron\u00e7on d\u2019une de ces autoroutes qui a \u00e9t\u00e9 inaugur\u00e9 pr\u00e8s de Toulouse. <strong>On vous pr\u00e9sente le projet complet.<\/strong><\/p>\n<p>Une premi\u00e8re section de 800\u00a0m\u00e8tres de long<\/p>\n<p class=\" wall-content\">C\u2019est une section de 800\u00a0m\u00e8tres de long qui a \u00e9t\u00e9 inaugur\u00e9e \u00e0 proximit\u00e9 <a href=\"https:\/\/actu.fr\/occitanie\/labege_31254\/pres-de-toulouse-ce-centre-commercial-qui-va-s-agrandir-accueille-deja-de-nouvelles-enseignes_62500502.html\" target=\"_blank\" rel=\"noopener\">du centre commercial de Lab\u00e8ge 2.<\/a> Un tron\u00e7on durant lequel les cyclistes peuvent rouler en toute s\u00e9curit\u00e9.<\/p>\n<p>    <img   decoding=\"async\" loading=\"lazy\" src=\"https:\/\/www.europesays.com\/fr\/wp-content\/uploads\/2025\/09\/img-8535-960x640.jpg\" alt=\"S\u00e9bastien Vincini, pr\u00e9sident du conseil d\u00e9partemental de Haute-Garonne et Victor Denouvion, vice-pr\u00e9sident \u00e0 la bifurcation \u00e9cologique lors de l'inauguration du tron\u00e7on de REV 1.\" width=\"960\" height=\"640\"\/><br \/>\n    S\u00e9bastien Vincini, pr\u00e9sident du conseil d\u00e9partemental de Haute-Garonne et Victor Denouvion, vice-pr\u00e9sident \u00e0 la bifurcation \u00e9cologique lors de l\u2019inauguration du tron\u00e7on de REV 1. (\u00a9David Saint-Sernin\/Actu Toulouse)Une voie qui permet d\u2019\u00e9viter un secteur dangereux<\/p>\n<p class=\" wall-content\">Le parcours d\u00e9bute rue Garance \u00e0 Lab\u00e8ge, franchit la voie La Pyr\u00e9n\u00e9enne par un passage sur\u00e9lev\u00e9 avec feux tricolores et se poursuit le long de la rue de la D\u00e9couverte, jusqu\u2019\u00e0 son intersection avec la voie L\u2019Occitane.<\/p>\n<p class=\" wall-content\">\u00ab\u2009Cette voie verte qui longe la rue de la D\u00e9couverte comprend une voie cyclable de 2,75 m de large en enrob\u00e9 ocre biosourc\u00e9, s\u00e9par\u00e9e de la chauss\u00e9e automobile par une bordure de 25 cm. Cette premi\u00e8re section de ce qui deviendra le REV 1 permet aux cyclistes de ne pas emprunter le giratoire entre La Pyr\u00e9n\u00e9enne et l\u2019Occitane consid\u00e9r\u00e9 comme dangereux\u2009\u00bb, d\u00e9taille le Conseil D\u00e9partemental qui a investi 450\u2009000\u20ac pour la r\u00e9alisation de ce tron\u00e7on.<\/p>\n<p>    <img   decoding=\"async\" loading=\"lazy\" src=\"https:\/\/www.europesays.com\/fr\/wp-content\/uploads\/2025\/09\/img-8545-960x640.jpg\" alt=\"Le premier tron\u00e7on de REV 1 longe la rue de la D\u00e9couverte et permet aux cyclistes de circuler en double sens sur une voie s\u00e9par\u00e9e de la circulation automobile.\" width=\"960\" height=\"640\"\/><br \/>\n    Le premier tron\u00e7on de REV 1 longe la rue de la D\u00e9couverte et permet aux cyclistes de circuler en double sens sur une voie s\u00e9par\u00e9e de la circulation automobile. (\u00a9David Saint-Sernin\/Actu Toulouse)D\u2019Escalquens \u00e0 Toulouse<\/p>\n<p class=\" wall-content\">Ce tron\u00e7on de REV 1, qui sera directement connect\u00e9 au r\u00e9seau express v\u00e9lo de Toulouse M\u00e9tropole, n\u2019est qu\u2019une premi\u00e8re \u00e9tape.<\/p>\n<p class=\" wall-content\">Le R\u00e9seau Express V\u00e9lo 1 doit en effet, \u00e0 terme, relier Toulouse aux communes de Lab\u00e8ge, Castanet et Escalquens. Jusqu\u2019\u00e0 Escalquens, la future voie fera <strong>environ sept kilom\u00e8tres<\/strong> de long. Certaines parties du trac\u00e9 sont encore en discussion, car les collectivit\u00e9s et les techniciens doivent composer avec une zone qui est d\u00e9j\u00e0 fortement urbanis\u00e9e et o\u00f9 il faut racheter des emprises fonci\u00e8res pour r\u00e9aliser le projet. Vers Escalquens, ce sont les autorisations environnementales qu\u2019il faut obtenir avant de pouvoir lancer les travaux.<\/p>\n<p>Votre r\u00e9gion, votre actu !<\/p>\n<p>Recevez chaque jour les infos qui comptent pour vous.<\/p>\n<p>\t<a href=\"https:\/\/actu.fr\/newsletter\" class=\"ac-btn ac-btn--corner ac-btn--medium ac-btn--blue800\" target=\"_blank\" rel=\"noopener\">S&rsquo;incrire<\/a><\/p>\n<p>    <img   decoding=\"async\" loading=\"lazy\" src=\"https:\/\/www.europesays.com\/fr\/wp-content\/uploads\/2025\/09\/img-8558-960x640.jpg\" alt=\"De gauche \u00e0 droite, Laurent Ch\u00e9rubin, le maire de Lab\u00e8ge, Bruno Caubet, le pr\u00e9sident du Sicoval, Christophe Lubac, le maire de Ramonville, et S\u00e9bastien Vincini, le pr\u00e9sident du Conseil D\u00e9partemental de Haute-Garonne. \" width=\"960\" height=\"640\"\/><br \/>\n    De gauche \u00e0 droite, Laurent Ch\u00e9rubin, le maire de Lab\u00e8ge, Bruno Caubet, le pr\u00e9sident du Sicoval, Christophe Lubac, le maire de Ramonville, et S\u00e9bastien Vincini, le pr\u00e9sident du Conseil D\u00e9partemental de Haute-Garonne discutent du futur trac\u00e9 du REV. Des tron\u00e7ons restent \u00e0 discuter. (\u00a9David Saint-Sernin\/Actu Toulouse)<\/p>\n<p class=\" wall-content\">Dans les prochains mois, le D\u00e9partement souhaite avancer sur les deux kilom\u00e8tres situ\u00e9s au niveau d\u2019Escalquens. Le tron\u00e7on central, au c\u0153ur de la<a href=\"https:\/\/actu.fr\/occitanie\/labege_31254\/avec-l-arrivee-du-metro-cette-commune-pres-de-toulouse-va-connaitre-de-profondes-mutations_61536766.html\" target=\"_blank\" rel=\"noopener\"> zone \u00e9conomique d\u2019Enova<\/a> reste \u00e0 pr\u00e9ciser et fera l\u2019objet de nouvelles discussions dans le cadre du<a href=\"https:\/\/actu.fr\/occitanie\/labege_31254\/a-l-image-de-paris-cette-commune-proche-de-toulouse-sera-une-ville-du-quart-d-heure-voici-son-ambition_62163732.html\" target=\"_blank\" rel=\"noopener\"> projet d\u2019urbanisme en discussion pour la zone de Lab\u00e8ge.<\/a><\/p>\n<p>\u00ab\u2009Une possibilit\u00e9 de r\u00e9duire la place de la voiture\u2009\u00bb<\/p>\n<p class=\" wall-content\">Quand le REV 1 sera termin\u00e9, dans quelques ann\u00e9es, les cyclistes du sud-est toulousain pourront rejoindre Toulouse, o\u00f9 inversement, venir sur le territoire du Sicoval depuis Toulouse, sur\u00a0une voie s\u00e9curis\u00e9e et connect\u00e9e avec le r\u00e9seau cyclable de chaque commune.<\/p>\n<p class=\" wall-content\">\u00ab\u2009Ce REV, c\u2019est une possibilit\u00e9 de r\u00e9duire la place de la voiture dans cette zone d\u2019activit\u00e9 Enova \u00e0 Lab\u00e8ge o\u00f9 se concentrent les bouchons automobiles. C\u2019est permettre \u00e0 tous ceux qui partent de chez eux pour aller au travail, d\u2019utiliser leur v\u00e9lo au lieu de prendre leur voiture, s\u2019ils en ont la possibilit\u00e9. Et ce que l\u2019on fait ici \u00e0 Lab\u00e8ge, on le fait tout autour de Toulouse pour relier la premi\u00e8re couronne \u00e0 la M\u00e9tropole. Ces lignes de REV sont faites pour permettre \u00e0 ceux qui font de petits trajets en voiture, de 1,2,3 ou 4 kilom\u00e8tres, de les faire \u00e0 v\u00e9lo plut\u00f4t qu\u2019en voiture s\u2019ils le peuvent (selon les derniers chiffres 63% des d\u00e9placements entre 2 et 5 kilom\u00e8tres sont effectu\u00e9s en voiture dans l\u2019agglo de Toulouse, NDLR). Des petits trajets en voiture qui participent \u00e0 obstruer les routes de l\u2019agglom\u00e9ration\u2009\u00bb, explique S\u00e9bastien Vincini, le pr\u00e9sident du Conseil D\u00e9partemental.<\/p>\n<p class=\" wall-content\">Cette offre viendra en compl\u00e9ment de l\u2019arriv\u00e9e du m\u00e9tro sur le territoire de Lab\u00e8ge d\u00e8s 2027 pour la connexion ligne B et fin 2028, selon le calendrier de Tiss\u00e9o pour la ligne C.<\/p>\n<p class=\" wall-content\"><strong>Le plan du r\u00e9seau express v\u00e9lo du D\u00e9partement de Haute-Garonne<\/strong><\/p>\n<p><a href=\"https:\/\/static.actu.fr\/uploads\/2025\/09\/2025-sch-rev92.pdf\" target=\"_blank\" rel=\"noopener\">Afficher ou t\u00e9l\u00e9charger le fichier.<\/a><\/p>\n<p>Un objectif de 140\u00a0km de pistes<\/p>\n<p class=\" wall-content\">Le D\u00e9partement se donne pour objectif de construire, \u00e0 terme, 140 km de REV, dont sept sont en cours de r\u00e9alisation hors du territoire de Toulouse M\u00e9tropole. Fin 2025, 24 km de REV auront \u00e9t\u00e9 r\u00e9alis\u00e9s.<\/p>\n<p class=\" wall-content\">Personnalisez votre actualit\u00e9 en ajoutant vos villes et m\u00e9dias en favori avec <a href=\"https:\/\/moncompte.actu.fr\" title=\"D\u00e9couvez Mon Actu\" rel=\"nofollow noopener\" data-trk=\"{&quot;cta&quot;:{&quot;action&quot;:&quot;https:\\\/\\\/moncompte.actu.fr&quot;,&quot;category&quot;:&quot;mon compte&quot;,&quot;from&quot;:&quot;article footer&quot;,&quot;name&quot;:&quot;Mon actu&quot;,&quot;type&quot;:&quot;cta&quot;}}\" target=\"_blank\">Mon Actu<\/a>.<\/p>\n","protected":false},"excerpt":{"rendered":"Par David Saint-Sernin Publi\u00e9 le 20 sept. 2025 \u00e0 6h02 C\u2019est un premier pas vers la cr\u00e9ation d\u2019une&hellip;\n","protected":false},"author":2,"featured_media":404001,"comment_status":"","ping_status":"","sticky":false,"template":"","format":"standard","meta":{"footnotes":""},"categories":[2816],"tags":[1111,11,3542,1777,674,1011,27,10596,12,2680,25,104,2312],"class_list":{"0":"post-404000","1":"post","2":"type-post","3":"status-publish","4":"format-standard","5":"has-post-thumbnail","7":"category-toulouse","8":"tag-actu","9":"tag-actualites","10":"tag-circulation","11":"tag-eu","12":"tag-europe","13":"tag-fr","14":"tag-france","15":"tag-metro-de-toulouse","16":"tag-news","17":"tag-occitanie","18":"tag-republique-francaise","19":"tag-societe","20":"tag-toulouse"},"share_on_mastodon":{"url":"https:\/\/pubeurope.com\/@fr\/115234772795214616","error":""},"_links":{"self":[{"href":"https:\/\/www.europesays.com\/fr\/wp-json\/wp\/v2\/posts\/404000","targetHints":{"allow":["GET"]}}],"collection":[{"href":"https:\/\/www.europesays.com\/fr\/wp-json\/wp\/v2\/posts"}],"about":[{"href":"https:\/\/www.europesays.com\/fr\/wp-json\/wp\/v2\/types\/post"}],"author":[{"embeddable":true,"href":"https:\/\/www.europesays.com\/fr\/wp-json\/wp\/v2\/users\/2"}],"replies":[{"embeddable":true,"href":"https:\/\/www.europesays.com\/fr\/wp-json\/wp\/v2\/comments?post=404000"}],"version-history":[{"count":0,"href":"https:\/\/www.europesays.com\/fr\/wp-json\/wp\/v2\/posts\/404000\/revisions"}],"wp:featuredmedia":[{"embeddable":true,"href":"https:\/\/www.europesays.com\/fr\/wp-json\/wp\/v2\/media\/404001"}],"wp:attachment":[{"href":"https:\/\/www.europesays.com\/fr\/wp-json\/wp\/v2\/media?parent=404000"}],"wp:term":[{"taxonomy":"category","embeddable":true,"href":"https:\/\/www.europesays.com\/fr\/wp-json\/wp\/v2\/categories?post=404000"},{"taxonomy":"post_tag","embeddable":true,"href":"https:\/\/www.europesays.com\/fr\/wp-json\/wp\/v2\/tags?post=404000"}],"curies":[{"name":"wp","href":"https:\/\/api.w.org\/{rel}","templated":true}]}}