{"id":404020,"date":"2025-09-20T04:46:11","date_gmt":"2025-09-20T04:46:11","guid":{"rendered":"https:\/\/www.europesays.com\/fr\/404020\/"},"modified":"2025-09-20T04:46:11","modified_gmt":"2025-09-20T04:46:11","slug":"emmanuel-macron-denonce-une-incursion-dangereuse-et-irresponsable","status":"publish","type":"post","link":"https:\/\/www.europesays.com\/fr\/404020\/","title":{"rendered":"Emmanuel Macron d\u00e9nonce une \u00abincursion dangereuse et irresponsable\u00bb"},"content":{"rendered":"<p>Le minist\u00e8re des Affaires \u00e9trang\u00e8res a annonc\u00e9 ce vendredi dans un communiqu\u00e9 que la France \u00abcondamne avec la plus grande fermet\u00e9\u00bb l\u2019entr\u00e9e de trois avions militaires russes dans l\u2019espace a\u00e9rien de l\u2019Estonie.<\/p>\n<p class=\"fig-paragraph\">Le pr\u00e9sident de la R\u00e9publique,\u00a0<a href=\"http:\/\/www.lefigaro.fr\/vox\/monde\/monsieur-le-president-vous-ne-pouvez-pas-reconnaitre-un-etat-palestinien-sans-conditions-prealables-l-appel-de-20-personnalites-20250919\" target=\"_blank\" data-fig-type=\"Article\" rel=\"noopener\" data-gtm-custom-categorie=\"navigation\" data-gtm-custom-action=\"crossclick\" data-gtm-custom-label=\"Contextuel\" data-gtm-event=\"customEventSPE\" data-fig-domain=\"LEFIGARO\">Emmanuel Macron<\/a>, a condamn\u00e9 \u00abavec la plus grande vigueur\u00bb vendredi l\u2019entr\u00e9e de trois avions militaires russes dans l\u2019espace a\u00e9rien de l\u2019Estonie, d\u00e9non\u00e7ant \u00abune nouvelle \u00e9tape\u00bb dans l\u2019\u00abaccumulation de provocations et de gestes irresponsables de la Russie\u00bb.<\/p>\n<p class=\"fig-paragraph\">\u00abJe condamne avec la plus grande vigueur les incursions d\u2019avions russes en Estonie. Elles constituent une nouvelle \u00e9tape dans cette accumulation de provocations et de gestes irresponsables de la\u00a0<a href=\"http:\/\/www.lefigaro.fr\/international\/la-russie-declare-terroriste-un-suppose-mouvement-sataniste-international-20250919\" target=\"_blank\" data-fig-type=\"NewsFlash\" rel=\"noopener\" data-gtm-custom-categorie=\"navigation\" data-gtm-custom-action=\"crossclick\" data-gtm-custom-label=\"Contextuel\" data-gtm-event=\"customEventSPE\" data-fig-domain=\"LEFIGARO\">Russie<\/a> . J\u2019adresse mon plein soutien aux autorit\u00e9s estoniennes. Une posture de s\u00e9curit\u00e9 sera adopt\u00e9e face \u00e0 ces violations r\u00e9p\u00e9t\u00e9es\u00bb, a-t-il affirm\u00e9 sur X.<\/p>\n<p>                                    <a class=\"fig-a11y-skip a11y-hidden\" href=\"#fig-a11y-skip-main-inarticle\"><br \/>\n        Passer la publicit\u00e9<br \/>\n    <\/a><\/p>\n<p>\u00abIncursion dangereuse\u00bb<\/p>\n<p class=\"fig-paragraph\">Le minist\u00e8re des Affaires \u00e9trang\u00e8res avait d\u00e9j\u00e0 d\u00e9nonc\u00e9 dans un communiqu\u00e9 \u00abune incursion dangereuse et irresponsable dans l\u2019espace a\u00e9rien d\u2019un \u00c9tat membre de l\u2019Union europ\u00e9enne et d\u2019un alli\u00e9 de l\u2019Otan (&#8230;) en violation flagrante du droit international\u00bb. Les trois avions russes ont \u00e9t\u00e9 intercept\u00e9s par des avions de chasse de l\u2019Otan.<\/p>\n","protected":false},"excerpt":{"rendered":"Le minist\u00e8re des Affaires \u00e9trang\u00e8res a annonc\u00e9 ce vendredi dans un communiqu\u00e9 que la France \u00abcondamne avec la&hellip;\n","protected":false},"author":2,"featured_media":404021,"comment_status":"","ping_status":"","sticky":false,"template":"","format":"standard","meta":{"footnotes":""},"categories":[1888],"tags":[1111,1928,11,1927,1909,1777,674,1011,27,3482,12,1926,626,1925,25],"class_list":{"0":"post-404020","1":"post","2":"type-post","3":"status-publish","4":"format-standard","5":"has-post-thumbnail","7":"category-paris","8":"tag-actu","9":"tag-actu-paris","10":"tag-actualites","11":"tag-actualites-paris","12":"tag-estonie","13":"tag-eu","14":"tag-europe","15":"tag-fr","16":"tag-france","17":"tag-guerre-russie-ukraine","18":"tag-news","19":"tag-news-paris","20":"tag-paris","21":"tag-paris-news","22":"tag-republique-francaise"},"share_on_mastodon":{"url":"https:\/\/pubeurope.com\/@fr\/115234811732184061","error":""},"_links":{"self":[{"href":"https:\/\/www.europesays.com\/fr\/wp-json\/wp\/v2\/posts\/404020","targetHints":{"allow":["GET"]}}],"collection":[{"href":"https:\/\/www.europesays.com\/fr\/wp-json\/wp\/v2\/posts"}],"about":[{"href":"https:\/\/www.europesays.com\/fr\/wp-json\/wp\/v2\/types\/post"}],"author":[{"embeddable":true,"href":"https:\/\/www.europesays.com\/fr\/wp-json\/wp\/v2\/users\/2"}],"replies":[{"embeddable":true,"href":"https:\/\/www.europesays.com\/fr\/wp-json\/wp\/v2\/comments?post=404020"}],"version-history":[{"count":0,"href":"https:\/\/www.europesays.com\/fr\/wp-json\/wp\/v2\/posts\/404020\/revisions"}],"wp:featuredmedia":[{"embeddable":true,"href":"https:\/\/www.europesays.com\/fr\/wp-json\/wp\/v2\/media\/404021"}],"wp:attachment":[{"href":"https:\/\/www.europesays.com\/fr\/wp-json\/wp\/v2\/media?parent=404020"}],"wp:term":[{"taxonomy":"category","embeddable":true,"href":"https:\/\/www.europesays.com\/fr\/wp-json\/wp\/v2\/categories?post=404020"},{"taxonomy":"post_tag","embeddable":true,"href":"https:\/\/www.europesays.com\/fr\/wp-json\/wp\/v2\/tags?post=404020"}],"curies":[{"name":"wp","href":"https:\/\/api.w.org\/{rel}","templated":true}]}}