{"id":404044,"date":"2025-09-20T04:59:18","date_gmt":"2025-09-20T04:59:18","guid":{"rendered":"https:\/\/www.europesays.com\/fr\/404044\/"},"modified":"2025-09-20T04:59:18","modified_gmt":"2025-09-20T04:59:18","slug":"marine-le-pen-bruno-retailleau-en-france-les-derniers-soutiens-inconditionnels-a-israel","status":"publish","type":"post","link":"https:\/\/www.europesays.com\/fr\/404044\/","title":{"rendered":"Marine Le\u00a0Pen, Bruno Retailleau\u2026 En France, les derniers soutiens \u00ab\u00a0inconditionnels\u00a0\u00bb \u00e0 Isra\u00ebl"},"content":{"rendered":"<p>La sortie de Marine Le\u00a0Pen n\u2019a suscit\u00e9 aucun \u00e9moi. \u00c0 propos de la <a href=\"https:\/\/www.humanite.fr\/politique\/olivier-faure\/olivier-faure-accuse-dantisemitisme-pour-avoir-demande-de-hisser-le-drapeau-palestinien-sur-les-mairies\" target=\"_blank\" rel=\"noopener\">proposition du\u00a0premier secr\u00e9taire du PS, Olivier Faure de faire flotter le drapeau palestinien sur les frontons des mairies \u2013 qui lui a valu d\u2019\u00eatre tax\u00e9 injustement d\u2019antis\u00e9mitisme <\/a>\u2013 l\u2019ex candidate \u00e0 la pr\u00e9sidentielle interpr\u00e8te\u00a0: \u00ab\u00a0Il veut ce que veut toute la gauche fran\u00e7aise et europ\u00e9enne, c\u2019est-\u00e0-dire refaire des Juifs des parias\u00a0\u00bb.<\/p>\n<p>Sur sa lanc\u00e9e outranci\u00e8re, elle avance m\u00eame qu\u2019Olivier Faure souhaiterait \u00ab\u00a0peut-\u00eatre un jour les faire partir\u00a0\u00bb. Sur Europe 1 et CNews le 16\u00a0septembre, Marine Le\u00a0Pen a estim\u00e9 que les \u00ab\u00a0propos\u00a0\u00bb et \u00ab\u00a0actions\u00a0\u00bb de ceux qui d\u00e9noncent le g\u00e9nocide \u00e0 Gaza \u00ab\u00a0puisent leur source dans un antis\u00e9mitisme d\u2019une violence inou\u00efe\u00a0\u00bb.<\/p>\n<p>Des propos graves, pour les intentions pr\u00eat\u00e9es au responsable socialiste mais aussi envers les personnes juives, essentialis\u00e9s et r\u00e9duites dans ses mots \u00e0 un soutien \u00e0 la politique de Benyamin Netanyahou. Ici, personne pour qualifier ces propos d\u2019antis\u00e9mites, peu importe l\u2019ADN de son parti, cofond\u00e9 par le Waffen SS Pierre Bousquet et longtemps incarn\u00e9 par le <a href=\"https:\/\/www.humanite.fr\/politique\/olivier-faure\/olivier-faure-accuse-dantisemitisme-pour-avoir-demande-de-hisser-le-drapeau-palestinien-sur-les-mairies\" target=\"_blank\" rel=\"noopener\">plus grand promoteur de l\u2019antis\u00e9mitisme en France, Jean-Marie Le\u00a0Pen.<\/a><\/p>\n<p>C\u2019est sans doute pour effacer cette histoire que le Rassemblement national ne d\u00e9mord jamais de son soutien inconditionnel \u00e0 Isra\u00ebl \u2013 o\u00f9 <a href=\"https:\/\/www.humanite.fr\/politique\/antisemitisme\/jordan-bardella-et-marion-marechal-invites-en-israel-par-benjamin-netanyahou-pour-une-conference-sur-la-lutte-contre-lantisemitisme\" target=\"_blank\" rel=\"noopener\">Jordan Bardella a m\u00eame \u00e9t\u00e9 invit\u00e9, en mars<\/a> -, quand bien d\u2019autres responsables politiques ont fini par ouvrir les yeux face \u00e0 l\u2019ampleur des massacres. Pour le d\u00e9put\u00e9 Julien Odoul, le RN et le gouvernement d\u2019extr\u00eame droite isra\u00e9lien partagent en outre \u00ab\u00a0une d\u00e9fense commune de notre civilisation dans la lutte contre le terrorisme\u00a0\u00bb.<\/p>\n<p>Un chantage \u00e0 l\u2019antis\u00e9mitisme encore pr\u00e9sent<\/p>\n<p>En bient\u00f4t deux ans de g\u00e9nocide, Marine Le\u00a0Pen comme Jordan Bardella n\u2019ont t\u00e9moign\u00e9 leur \u00e9motion envers les plus de 64\u00a0000 morts \u00e0 Gaza qu\u2019\u00e0 une seule reprise, le 17\u00a0juillet, quand une \u00e9glise catholique a \u00e9t\u00e9 bombard\u00e9e, tuant deux personnes. <a href=\"https:\/\/www.humanite.fr\/monde\/benyamin-netanyahou\/lespagne-va-cooperer-activement-avec-la-justice-internationale-pour-enqueter-sur-des-violations-des-droits-humains-a-gaza\" target=\"_blank\" rel=\"noopener\">Ce que m\u00eame Benyamin Netanyahou<\/a> a dit \u00ab\u00a0regretter\u00a0\u00bb.<\/p>\n<p>Oppos\u00e9e \u00e0 la reconnaissance de la Palestine, Marine Le\u00a0Pen estime de plus que celle-ci intervient \u00e0 un \u00ab\u00a0moment catastrophique\u00a0\u00bb. Un avis partag\u00e9, \u00e0 droite, de Gabriel Attal \u00e0 \u00c9ric Ciotti. Preuve que la prise de conscience, en France, reste mesur\u00e9e.<\/p>\n<p>C\u00f4t\u00e9 macroniste, le d\u00e9put\u00e9 Sylvain Maillard a m\u00eame fait la tourn\u00e9e des plateaux, ces derniers jours, pour dire son opposition \u00e0 Emmanuel Macron sur ce point. L\u2019\u00e9lu Renaissance poursuit aussi le\u00a0chantage \u00e0 l\u2019antis\u00e9mitisme, pourtant plus discret ces derniers mois dans le camp pr\u00e9sidentiel.<\/p>\n<p>\u00ab\u00a0Pourquoi il y a l\u2019arr\u00eat de la Vuelta et des manifestations\u00a0? a-t-il interrog\u00e9 le 19\u00a0septembre sur France Info,<a href=\"https:\/\/www.humanite.fr\/sports\/cyclisme\/ce-nest-pas-une-guerre-cest-un-genocide-la-derniere-etape-de-la-vuelta-2025-interrompue-en-soutien-a-gaza\" target=\"_blank\" rel=\"noopener\"> \u00e0 propos des manifestants qui ont perturb\u00e9 plusieurs \u00e9tapes du Tour d\u2019Espagne en raison de la pr\u00e9sence de l\u2019\u00e9quipe Isra\u00ebl-Premier Tech,<\/a> dont le dirigeant, Sylvan Adams fait l\u2019\u00e9loge du g\u00e9nocide. Parce qu\u2019il y a une \u00e9quipe sponsoris\u00e9e par Isra\u00ebl. La volont\u00e9 de vouloir effacer un \u00c9tat, quelle que soit la politique suivie par l\u2019\u00c9tat, cela s\u2019appelle de l\u2019antis\u00e9mitisme.\u00a0\u00bb<\/p>\n<p>La mauvaise foi d\u2019\u00c9ric Ciotti<\/p>\n<p>La situation est semblable chez Les R\u00e9publicains, o\u00f9 le soutien \u00e0 Isra\u00ebl demeure mais n\u2019est plus \u00ab\u00a0inconditionnel\u00a0\u00bb. Le parti refuse d\u00e9sormais \u00ab\u00a0d\u2019approuver la politique de Benyamin Netanyahou \u00e0 Gaza, qui doit mettre fin au blocus humanitaire\u00a0\u00bb mais s\u2019oppose \u00e0 la reconnaissance qui selon lui \u00ab\u00a0donnerait une victoire au Hamas, organisation terroriste alors m\u00eame que les otages ne sont pas lib\u00e9r\u00e9s\u00a0\u00bb, explique la formation dans un communiqu\u00e9 du 25\u00a0juillet.<\/p>\n<p><a href=\"https:\/\/www.humanite.fr\/politique\/bruno-retailleau\/drapeaux-palestiniens-la-nouvelle-charge-de-bruno-retailleau-contre-la-solidarite-avec-gaza\" target=\"_blank\" rel=\"noopener\">Son pr\u00e9sident, Bruno Retailleau, est plus virulent<\/a>. Le ministre de l\u2019Int\u00e9rieur d\u00e9missionnaire continue \u00e0 consid\u00e9rer qu\u2019\u00ab\u00a0Isra\u00ebl est dans son bon droit et doit pouvoir se d\u00e9fendre\u00a0\u00bb. En mars dernier, il \u00e9tait \u00e9galement, aux c\u00f4t\u00e9s de Manuel Valls notamment, la vedette d\u2019un meeting intitul\u00e9 \u00ab\u00a0Pour la R\u00e9publique\u2026 La France contre l\u2019islamisme\u00a0\u00bb organis\u00e9 par le lobby pro-isra\u00e9lien Elnet. Un \u00e9v\u00e9nement officiellement \u00ab\u00a0d\u00e9di\u00e9 au renforcement des relations entre la France, l\u2019Europe et Isra\u00ebl\u00a0\u00bb lors duquel Bruno Retailleau avait scand\u00e9 \u00ab\u00a0A bas le voile\u00a0\u00bb.<\/p>\n<p>Ces derniers jours, le Vend\u00e9en a aussi intim\u00e9 les pr\u00e9fets d\u2019interdire l\u2019installation de\u00a0drapeaux\u00a0palestiniens sur la fa\u00e7ade des mairies. \u00c9ric Ciotti, qui a quitt\u00e9 Les R\u00e9publicains en 2024 pour devenir l\u2019alli\u00e9 de Marine Le\u00a0Pen, consid\u00e8re de la m\u00eame fa\u00e7on que \u00ab\u00a0le seul drapeau qui a sa place c\u2019est celui de la R\u00e9publique fran\u00e7aise\u00a0\u00bb.<\/p>\n<p>Probl\u00e8me\u00a0: en octobre 2023, il se f\u00e9licitait dans un tweet que \u00ab\u00a0le drapeau isra\u00e9lien flotte devant le conseil d\u00e9partemental des Alpes-Maritimes\u00a0\u00bb. Insensible, \u00e0 l\u2019instar du RN, aux massacres \u00e0 Gaza, \u00c9ric Ciotti est en outre farouchement oppos\u00e9 \u00e0 la reconnaissance de l\u2019\u00c9tat de Palestine et estime que \u00ab\u00a0le chef de l\u2019\u00c9tat n\u2019a plus aucune l\u00e9gitimit\u00e9 pour engager la France sur un sujet aussi sensible\u00a0\u00bb. \u00ab\u00a0C\u2019est au Parlement de se prononcer\u00a0\u00bb, ajoute-t-il. Probl\u00e8me, encore\u00a0: <a href=\"https:\/\/www.humanite.fr\/monde\/palestine\/les-deputes-francais-votent-la-reconnaissance-de-letat-palestinien\" target=\"_blank\" rel=\"noopener\">lorsqu\u2019en 2014 les d\u00e9put\u00e9s ont vot\u00e9 pour la reconnaissance<\/a>, il consid\u00e9rait que la question\u00a0n\u2019\u00e9tait \u00ab\u00a0pas de la comp\u00e9tence de l\u2019Assembl\u00e9e nationale\u00a0\u00bb\u2026<\/p>\n<p>Pour une information libre sur la Palestine<\/p>\n<p>Nous avons \u00e9t\u00e9 l\u2019un des premiers m\u00e9dias fran\u00e7ais \u00e0 d\u00e9fendre le droit des Palestiniens \u00e0 disposer d\u2019un \u00c9tat viable dans le respect des r\u00e9solutions de l\u2019ONU. Et nous avons inlassablement d\u00e9fendu la paix au Proche-Orient. Aidez-nous \u00e0 continuer de vous informer sur ce qui se passe l\u00e0-bas. Gr\u00e2ce \u00e0 vos dons.<br \/><a href=\"https:\/\/www.humanite.fr\/lhumanite-cest-vous\" data-type=\"link\" data-id=\"https:\/\/www.humanite.fr\/lhumanite-cest-vous\" target=\"_blank\" rel=\"noopener\">Je veux en savoir plus\u00a0!<\/a><\/p>\n","protected":false},"excerpt":{"rendered":"La sortie de Marine Le\u00a0Pen n\u2019a suscit\u00e9 aucun \u00e9moi. \u00c0 propos de la proposition du\u00a0premier secr\u00e9taire du PS,&hellip;\n","protected":false},"author":2,"featured_media":404045,"comment_status":"","ping_status":"","sticky":false,"template":"","format":"standard","meta":{"footnotes":""},"categories":[4],"tags":[11,6537,1011,27,430,12,1078,41807,25],"class_list":{"0":"post-404044","1":"post","2":"type-post","3":"status-publish","4":"format-standard","5":"has-post-thumbnail","7":"category-france","8":"tag-actualites","9":"tag-eric-ciotti","10":"tag-fr","11":"tag-france","12":"tag-marine-le-pen","13":"tag-news","14":"tag-rassemblement-national","15":"tag-reconnaissance-de-la-palestine","16":"tag-republique-francaise"},"share_on_mastodon":{"url":"https:\/\/pubeurope.com\/@fr\/115234862733079579","error":""},"_links":{"self":[{"href":"https:\/\/www.europesays.com\/fr\/wp-json\/wp\/v2\/posts\/404044","targetHints":{"allow":["GET"]}}],"collection":[{"href":"https:\/\/www.europesays.com\/fr\/wp-json\/wp\/v2\/posts"}],"about":[{"href":"https:\/\/www.europesays.com\/fr\/wp-json\/wp\/v2\/types\/post"}],"author":[{"embeddable":true,"href":"https:\/\/www.europesays.com\/fr\/wp-json\/wp\/v2\/users\/2"}],"replies":[{"embeddable":true,"href":"https:\/\/www.europesays.com\/fr\/wp-json\/wp\/v2\/comments?post=404044"}],"version-history":[{"count":0,"href":"https:\/\/www.europesays.com\/fr\/wp-json\/wp\/v2\/posts\/404044\/revisions"}],"wp:featuredmedia":[{"embeddable":true,"href":"https:\/\/www.europesays.com\/fr\/wp-json\/wp\/v2\/media\/404045"}],"wp:attachment":[{"href":"https:\/\/www.europesays.com\/fr\/wp-json\/wp\/v2\/media?parent=404044"}],"wp:term":[{"taxonomy":"category","embeddable":true,"href":"https:\/\/www.europesays.com\/fr\/wp-json\/wp\/v2\/categories?post=404044"},{"taxonomy":"post_tag","embeddable":true,"href":"https:\/\/www.europesays.com\/fr\/wp-json\/wp\/v2\/tags?post=404044"}],"curies":[{"name":"wp","href":"https:\/\/api.w.org\/{rel}","templated":true}]}}