{"id":404049,"date":"2025-09-20T05:06:19","date_gmt":"2025-09-20T05:06:19","guid":{"rendered":"https:\/\/www.europesays.com\/fr\/404049\/"},"modified":"2025-09-20T05:06:19","modified_gmt":"2025-09-20T05:06:19","slug":"f1-le-verdict-de-la-fia-sur-linfraction-commise-par-le-pilote-mclaren-oscar-piastri","status":"publish","type":"post","link":"https:\/\/www.europesays.com\/fr\/404049\/","title":{"rendered":"F1 Le verdict de la FIA sur l&rsquo;infraction commise par le pilote Mclaren, Oscar Piastri"},"content":{"rendered":"<p>D\u00e8s la premi\u00e8re journ\u00e9e d\u2019essais \u00e0 Bakou, Grand-Prix d\u2019Azerba\u00efdjan de F1, les commissaire avaient une affaire \u00e0 inspecter. En l\u2019occurrence, c\u2019est Oscar Piastri, soup\u00e7onn\u00e9 de ne pas avoir suffisamment ralenti sous r\u00e9gime de drapeau jaune, qui \u00e9tait convoqu\u00e9. Et si la culpabilit\u00e9 du pilote Mclaren a bel et bien \u00e9t\u00e9 confirm\u00e9e, ce dernier s\u2019en est toutefois bien sorti.<\/p>\n<p>F1 : Oscar Piastri simplement r\u00e9primand\u00e9<\/p>\n<p>En effet, s\u2019agissant de sa premi\u00e8re infraction de ce type, l\u2019Australien a \u00e9t\u00e9 simplement r\u00e9primand\u00e9. Concernant l\u2019aspect sportif, l\u2019int\u00e9ress\u00e9 ne s\u2019est class\u00e9 que douzi\u00e8me de la deuxi\u00e8me s\u00e9ance, \u00e0 Bakou. Une contre-performance \u00e9tonnante, qui laisse peut-\u00eatre de la place aux rivaux de <a href=\"https:\/\/lemagsportauto.ouest-france.fr\/tag\/mclaren\/\" target=\"_blank\" rel=\"noopener\">Mclaren<\/a>, ce week-end, pour gagner.<\/p>\n<blockquote class=\"twitter-tweet\">\n<p dir=\"ltr\" lang=\"en\">New document: Doc 18 \u2013 Infringement \u2013 Car 81 \u2013 Failure to slow under yellow flags<br \/>Published on 19.09.25 17:00 CET<a href=\"https:\/\/t.co\/wThDonKsMz\">https:\/\/t.co\/wThDonKsMz<\/a><a href=\"https:\/\/twitter.com\/hashtag\/F1?src=hash&amp;ref_src=twsrc%5Etfw\" target=\"_blank\" rel=\"noopener\">#F1<\/a> <a href=\"https:\/\/twitter.com\/hashtag\/Formula1?src=hash&amp;ref_src=twsrc%5Etfw\" target=\"_blank\" rel=\"noopener\">#Formula1<\/a> <a href=\"https:\/\/twitter.com\/hashtag\/FIA?src=hash&amp;ref_src=twsrc%5Etfw\" target=\"_blank\" rel=\"noopener\">#FIA<\/a> <a href=\"https:\/\/twitter.com\/hashtag\/AzerbaijanGP?src=hash&amp;ref_src=twsrc%5Etfw\" target=\"_blank\" rel=\"noopener\">#AzerbaijanGP<\/a> \ud83c\udde6\ud83c\uddff <a href=\"https:\/\/t.co\/QViS2GYHv3\">pic.twitter.com\/QViS2GYHv3<\/a><\/p>\n<p>\u2014 FIA F1 Documents Bot (@fiadocsbot) <a href=\"https:\/\/twitter.com\/fiadocsbot\/status\/1969053946992898524?ref_src=twsrc%5Etfw\" target=\"_blank\" rel=\"noopener\">September 19, 2025<\/a><\/p>\n<\/blockquote>\n<p>\u00ab Une journ\u00e9e mitig\u00e9e. Le rythme est l\u00e0 mais il n\u2019a pas \u00e9t\u00e9 des plus faciles \u00e0 extraire. Nous avons eu un probl\u00e8me en EL1, mais l\u2019\u00e9quipe a fait un excellent travail pour nous remettre en piste. Nous avons essay\u00e9 quelques choses en EL2 qui semblaient nous faire progresser. Nous verrons ce que nous pouvons changer ce soir pour rester sur cette voie. Il y a encore beaucoup de points positifs de la journ\u00e9e, donc j\u2019ai h\u00e2te de voir ce que nous pouvons faire demain.\u201d, concluait Oscar Pastri, au termes de la premi\u00e8re journ\u00e9e d\u2019essais du GP d\u2019Azerba\u00efdjan de F1.<\/p>\n<p>Article publi\u00e9 le 20\/09\/2025 \u00e0 5h45<\/p>\n<p>                                                            <script async src=\"https:\/\/platform.twitter.com\/widgets.js\" charset=\"utf-8\"><\/script><\/p>\n","protected":false},"excerpt":{"rendered":"D\u00e8s la premi\u00e8re journ\u00e9e d\u2019essais \u00e0 Bakou, Grand-Prix d\u2019Azerba\u00efdjan de F1, les commissaire avaient une affaire \u00e0 inspecter.&hellip;\n","protected":false},"author":2,"featured_media":404050,"comment_status":"","ping_status":"","sticky":false,"template":"","format":"standard","meta":{"footnotes":""},"categories":[1412],"tags":[1451,5088,1452,1453,1454,1455,1011,27,2241,60],"class_list":{"0":"post-404049","1":"post","2":"type-post","3":"status-publish","4":"format-standard","5":"has-post-thumbnail","7":"category-f1","8":"tag-f1","9":"tag-fia","10":"tag-formula-1","11":"tag-formula1","12":"tag-formule-1","13":"tag-formule1","14":"tag-fr","15":"tag-france","16":"tag-oscar-piastri","17":"tag-sports"},"share_on_mastodon":{"url":"https:\/\/pubeurope.com\/@fr\/115234890256360223","error":""},"_links":{"self":[{"href":"https:\/\/www.europesays.com\/fr\/wp-json\/wp\/v2\/posts\/404049","targetHints":{"allow":["GET"]}}],"collection":[{"href":"https:\/\/www.europesays.com\/fr\/wp-json\/wp\/v2\/posts"}],"about":[{"href":"https:\/\/www.europesays.com\/fr\/wp-json\/wp\/v2\/types\/post"}],"author":[{"embeddable":true,"href":"https:\/\/www.europesays.com\/fr\/wp-json\/wp\/v2\/users\/2"}],"replies":[{"embeddable":true,"href":"https:\/\/www.europesays.com\/fr\/wp-json\/wp\/v2\/comments?post=404049"}],"version-history":[{"count":0,"href":"https:\/\/www.europesays.com\/fr\/wp-json\/wp\/v2\/posts\/404049\/revisions"}],"wp:featuredmedia":[{"embeddable":true,"href":"https:\/\/www.europesays.com\/fr\/wp-json\/wp\/v2\/media\/404050"}],"wp:attachment":[{"href":"https:\/\/www.europesays.com\/fr\/wp-json\/wp\/v2\/media?parent=404049"}],"wp:term":[{"taxonomy":"category","embeddable":true,"href":"https:\/\/www.europesays.com\/fr\/wp-json\/wp\/v2\/categories?post=404049"},{"taxonomy":"post_tag","embeddable":true,"href":"https:\/\/www.europesays.com\/fr\/wp-json\/wp\/v2\/tags?post=404049"}],"curies":[{"name":"wp","href":"https:\/\/api.w.org\/{rel}","templated":true}]}}