{"id":404057,"date":"2025-09-20T05:10:29","date_gmt":"2025-09-20T05:10:29","guid":{"rendered":"https:\/\/www.europesays.com\/fr\/404057\/"},"modified":"2025-09-20T05:10:29","modified_gmt":"2025-09-20T05:10:29","slug":"pericia-project-213a-devoile-son-nouveau-repertoire-pour-la-rentree","status":"publish","type":"post","link":"https:\/\/www.europesays.com\/fr\/404057\/","title":{"rendered":"Per\u00edcia : Project 213A d\u00e9voile son nouveau r\u00e9pertoire pour la rentr\u00e9e"},"content":{"rendered":"<p>17 septembre 2025<\/p>\n<p class=\"chapo\">Project 213A, le studio consacr\u00e9 au design de mobilier, a pr\u00e9sent\u00e9 sa nouvelle collection\u00a0nomm\u00e9e Per\u00edcia lors de la derni\u00e8re Paris Design Week. Un ensemble compos\u00e9 de cr\u00e9ations artisanales pour le salon et la salle \u00e0 manger.<\/p>\n<p><img fetchpriority=\"high\" decoding=\"async\" width=\"1920\" height=\"1329\" src=\"https:\/\/www.europesays.com\/fr\/wp-content\/uploads\/2025\/09\/project-213a-peri-cia.jpg\" alt=\"\" class=\"wp-image-76709\"  \/><\/p>\n<p class=\"has-drop-cap\">Studio consacr\u00e9 au design de mobilier, <a href=\"https:\/\/www.milkdecoration.com\/le-label-project-213a-investit-le-doyenne-avec-son-repertoire-de-mobilier\/\" target=\"_blank\" rel=\"noopener\">Project 213A<\/a> puise son savoir-faire de l\u2019artisanat \u00e9clectique pratiqu\u00e9 au <a href=\"https:\/\/www.milkdecoration.com\/tag\/portugal\/\" target=\"_blank\" rel=\"noopener\">Portugal<\/a>. Ses collections accueillent des pi\u00e8ces exclusives fa\u00e7onn\u00e9es en bois et en c\u00e9ramique notamment. Cette rentr\u00e9e, l\u2019\u00e9diteur a pr\u00e9sent\u00e9 son nouveau r\u00e9pertoire nomm\u00e9 Per\u00edcia lors de la derni\u00e8re <a href=\"https:\/\/www.milkdecoration.com\/paris-design-week-les-14-plus-belles-nouveautes-de-janvier-2025\/\" target=\"_blank\" rel=\"noopener\">Paris Design Week<\/a>. Un ensemble compos\u00e9 de cr\u00e9ations pour le salon et la salle \u00e0 manger, dont des assises comme une banquette et un fauteuil et un canap\u00e9. Une collection dont le nom signifie \u00ab expertise \u00bb en portugais et qui pr\u00e9voit des propositions \u00e0 l\u2019esth\u00e9tique intemporelle pour durer dans le temps et se transmettre de g\u00e9n\u00e9ration en g\u00e9n\u00e9ration. <\/p>\n","protected":false},"excerpt":{"rendered":"17 septembre 2025 Project 213A, le studio consacr\u00e9 au design de mobilier, a pr\u00e9sent\u00e9 sa nouvelle collection\u00a0nomm\u00e9e Per\u00edcia&hellip;\n","protected":false},"author":2,"featured_media":404058,"comment_status":"","ping_status":"","sticky":false,"template":"","format":"standard","meta":{"footnotes":""},"categories":[1358],"tags":[1348,1384,1385,1386,58,59,1011,27,48920,53540],"class_list":{"0":"post-404057","1":"post","2":"type-post","3":"status-publish","4":"format-standard","5":"has-post-thumbnail","7":"category-arts-et-design","8":"tag-arts","9":"tag-arts-and-design","10":"tag-arts-et-design","11":"tag-design","12":"tag-divertissement","13":"tag-entertainment","14":"tag-fr","15":"tag-france","16":"tag-paris-design-week","17":"tag-project-213a"},"share_on_mastodon":{"url":"https:\/\/pubeurope.com\/@fr\/115234906573315535","error":""},"_links":{"self":[{"href":"https:\/\/www.europesays.com\/fr\/wp-json\/wp\/v2\/posts\/404057","targetHints":{"allow":["GET"]}}],"collection":[{"href":"https:\/\/www.europesays.com\/fr\/wp-json\/wp\/v2\/posts"}],"about":[{"href":"https:\/\/www.europesays.com\/fr\/wp-json\/wp\/v2\/types\/post"}],"author":[{"embeddable":true,"href":"https:\/\/www.europesays.com\/fr\/wp-json\/wp\/v2\/users\/2"}],"replies":[{"embeddable":true,"href":"https:\/\/www.europesays.com\/fr\/wp-json\/wp\/v2\/comments?post=404057"}],"version-history":[{"count":0,"href":"https:\/\/www.europesays.com\/fr\/wp-json\/wp\/v2\/posts\/404057\/revisions"}],"wp:featuredmedia":[{"embeddable":true,"href":"https:\/\/www.europesays.com\/fr\/wp-json\/wp\/v2\/media\/404058"}],"wp:attachment":[{"href":"https:\/\/www.europesays.com\/fr\/wp-json\/wp\/v2\/media?parent=404057"}],"wp:term":[{"taxonomy":"category","embeddable":true,"href":"https:\/\/www.europesays.com\/fr\/wp-json\/wp\/v2\/categories?post=404057"},{"taxonomy":"post_tag","embeddable":true,"href":"https:\/\/www.europesays.com\/fr\/wp-json\/wp\/v2\/tags?post=404057"}],"curies":[{"name":"wp","href":"https:\/\/api.w.org\/{rel}","templated":true}]}}