{"id":404059,"date":"2025-09-20T05:11:12","date_gmt":"2025-09-20T05:11:12","guid":{"rendered":"https:\/\/www.europesays.com\/fr\/404059\/"},"modified":"2025-09-20T05:11:12","modified_gmt":"2025-09-20T05:11:12","slug":"montigny-les-metz-savez-vous-que-vos-livres-tresors-interessent-la-future-mediatheque-507","status":"publish","type":"post","link":"https:\/\/www.europesays.com\/fr\/404059\/","title":{"rendered":"Montigny-l\u00e8s-Metz. Savez-vous que vos livres \u00ab\u00a0tr\u00e9sors\u00a0\u00bb int\u00e9ressent la future m\u00e9diath\u00e8que 507\u00a0?"},"content":{"rendered":"<p>Elle doit ouvrir dans le <a href=\"https:\/\/www.republicain-lorrain.fr\/environnement\/2025\/09\/18\/mediatheque-507-les-elus-font-le-point-sur-l-avancee-des-travaux\" target=\"_blank\" rel=\"noopener\">premier trimestre de l\u2019ann\u00e9e 2026<\/a>. La m\u00e9diath\u00e8que \u00ab\u00a0507\u00a0\u00bb, futur lieu de culture de Montigny-l\u00e8s-Metz, est tr\u00e8s attendue. D\u2019anciennes \u00e9curies militaires <a href=\"https:\/\/www.republicain-lorrain.fr\/culture-loisirs\/2025\/06\/13\/future-mediatheque-507-un-travail-de-precision-dans-l-ecoquartier-lize\" target=\"_blank\" rel=\"noopener\">du quartier Liz\u00e9<\/a> sont reconverties en un lieu moderne et \u00e9cologique. Le projet, chiffr\u00e9 \u00e0 3,5\u00a0millions d\u2019euros, m\u00e9rite une belle entr\u00e9e en mati\u00e8re. L\u2019adjoint \u00e0 la culture, Dimitri Sokolowski, a ainsi annonc\u00e9 une exposition insolite\u00a0: \u00ab\u00a0Tr\u00e9sors\u00a0\u00bb. \u00ab\u00a0L\u2019exposition est participative\u00a0: les habitants de Montigny sont incit\u00e9s \u00e0 apporter un livre qu\u2019ils consid\u00e8rent comme un tr\u00e9sor. Ce n\u2019est pas n\u00e9cessairement la valeur p\u00e9cuniaire qui est en jeu, mais bien la notion de tr\u00e9sor personnel. \u00bb<\/p>\n<p>Ce contenu est bloqu\u00e9 car vous n&rsquo;avez pas accept\u00e9 les cookies et autres traceurs.<\/p>\n<p>En cliquant sur \u00ab J\u2019accepte \u00bb, les cookies et autres traceurs seront d\u00e9pos\u00e9s et vous pourrez visualiser les contenus  (<a href=\"\" class=\"consentModule_policy\" target=\"_blank\" title=\"Consulter la politique de protection des donn\u00e9es du fournisseur\">plus d&rsquo;informations<\/a>).<\/p>\n<p>En cliquant sur \u00ab J\u2019accepte tous les cookies \u00bb, vous autorisez des d\u00e9p\u00f4ts de cookies et autres traceurs pour le stockage de vos donn\u00e9es sur nos sites et applications \u00e0 des fins de personnalisation et de ciblage publicitaire.<\/p>\n<p class=\"consentModule_secondaryText\">Vous gardez la possibilit\u00e9 de retirer votre consentement \u00e0 tout moment en consultant notre <a href=\"https:\/\/www.republicain-lorrain.fr\/protection-des-donnees\" target=\"_blank\" title=\"Consulter notre politique de protection des donn\u00e9es\" rel=\"noopener\">politique de protection des donn\u00e9es<\/a>. <br \/>&#13;<br \/>\n            <a href=\"https:\/\/www.republicain-lorrain.fr\/culture-loisirs\/2025\/09\/20\/javascript:Didomi.notice.show()\" class=\"consentModule_cmp\" target=\"_blank\" rel=\"noopener\">G\u00e9rer mes choix<\/a>&#13;\n        <\/p>\n<p>&#13;<br \/>\n                        J&rsquo;accepte&#13;<br \/>\n            J&rsquo;accepte tous les cookies&#13;\n        <\/p>\n<p>  Avec un t\u00e9moignage<\/p>\n<p>\u00ab Un t\u00e9moignage personnel sera expos\u00e9 \u00e0 c\u00f4t\u00e9 du livre, pour expliquer la d\u00e9marche.\u00a0\u00bb L\u2019adjoint a cit\u00e9 en exemple un livre qui aurait gard\u00e9 des stigmates de longues heures de lecture sur la plage, un livre transmis en h\u00e9ritage, un premier roman marquant,\u00a0etc. L\u2019exposition se tiendra au moment de l\u2019ouverture. Mais les habitants peuvent d\u00e9j\u00e0 prendre contact avec l\u2019h\u00f4tel de ville pour des id\u00e9es de \u00ab\u00a0tr\u00e9sor\u00a0\u00bb dans leur biblioth\u00e8que personnelle.<\/p>\n<p>Sachez que la future m\u00e9diath\u00e8que comptera <a href=\"https:\/\/www.republicain-lorrain.fr\/economie\/2024\/06\/13\/la-future-mediatheque-507-en-quatre-chiffres-clefs\" target=\"_blank\" rel=\"noopener\">23\u00a0000 ouvrages<\/a>, contre 17\u00a0000 pour la biblioth\u00e8que actuelle de Montigny-l\u00e8s-Metz. Le nouveau b\u00e2timent comprendra \u00e9galement un espace num\u00e9rique, une terrasse ferm\u00e9e (chouette pour les enfants\u00a0!), mais aussi un espace d\u2019exposition et un lieu de conf\u00e9rence de 80 places.<\/p>\n<p class=\"componentDescription\">\u201cLe savez-vous ? Metz\u201d s\u2019\u00e9coute aussi en podcast<\/p>\n<p>Ce contenu est bloqu\u00e9 car vous n&rsquo;avez pas accept\u00e9 les cookies et autres traceurs.<\/p>\n<p>En cliquant sur \u00ab J\u2019accepte \u00bb, les cookies et autres traceurs seront d\u00e9pos\u00e9s et vous pourrez visualiser les contenus Acast (<a href=\"\" class=\"consentModule_policy\" target=\"_blank\" title=\"Consulter la politique de protection des donn\u00e9es du fournisseur\">plus d&rsquo;informations<\/a>).<\/p>\n<p>En cliquant sur \u00ab J\u2019accepte tous les cookies \u00bb, vous autorisez des d\u00e9p\u00f4ts de cookies et autres traceurs pour le stockage de vos donn\u00e9es sur nos sites et applications \u00e0 des fins de personnalisation et de ciblage publicitaire.<\/p>\n<p class=\"consentModule_secondaryText\">&#13;<br \/>\n                Vous gardez la possibilit\u00e9 de retirer votre consentement \u00e0 tout moment en consultant notre <a href=\"https:\/\/www.republicain-lorrain.fr\/protection-des-donnees\" target=\"_blank\" title=\"Consulter notre politique de protection des donn\u00e9es\" rel=\"noopener\">politique de protection des donn\u00e9es<\/a>. <br \/>&#13;<br \/>\n                <a href=\"https:\/\/www.republicain-lorrain.fr\/culture-loisirs\/2025\/09\/20\/javascript:Didomi.notice.show()\" class=\"consentModule_cmp\" target=\"_blank\" rel=\"noopener\">G\u00e9rer mes choix<\/a>&#13;\n            <\/p>\n<p>&#13;<br \/>\n                                J&rsquo;accepte&#13;<br \/>\n                J&rsquo;accepte tous les cookies&#13;\n            <\/p>\n","protected":false},"excerpt":{"rendered":"Elle doit ouvrir dans le premier trimestre de l\u2019ann\u00e9e 2026. La m\u00e9diath\u00e8que \u00ab\u00a0507\u00a0\u00bb, futur lieu de culture de&hellip;\n","protected":false},"author":2,"featured_media":404060,"comment_status":"","ping_status":"","sticky":false,"template":"","format":"standard","meta":{"footnotes":""},"categories":[1357],"tags":[1379,4406,1687,58,33,5598,59,1011,27,1380,2410,17695,48735],"class_list":{"0":"post-404059","1":"post","2":"type-post","3":"status-publish","4":"format-standard","5":"has-post-thumbnail","7":"category-livres","8":"tag-books","9":"tag-commerce-et-services","10":"tag-culture-loisirs","11":"tag-divertissement","12":"tag-economie","13":"tag-edition-metz-et-agglomeration","14":"tag-entertainment","15":"tag-fr","16":"tag-france","17":"tag-livres","18":"tag-livres-bd","19":"tag-metz-metropole-57b2","20":"tag-montigny-les-metz"},"share_on_mastodon":{"url":"https:\/\/pubeurope.com\/@fr\/115234909946162023","error":""},"_links":{"self":[{"href":"https:\/\/www.europesays.com\/fr\/wp-json\/wp\/v2\/posts\/404059","targetHints":{"allow":["GET"]}}],"collection":[{"href":"https:\/\/www.europesays.com\/fr\/wp-json\/wp\/v2\/posts"}],"about":[{"href":"https:\/\/www.europesays.com\/fr\/wp-json\/wp\/v2\/types\/post"}],"author":[{"embeddable":true,"href":"https:\/\/www.europesays.com\/fr\/wp-json\/wp\/v2\/users\/2"}],"replies":[{"embeddable":true,"href":"https:\/\/www.europesays.com\/fr\/wp-json\/wp\/v2\/comments?post=404059"}],"version-history":[{"count":0,"href":"https:\/\/www.europesays.com\/fr\/wp-json\/wp\/v2\/posts\/404059\/revisions"}],"wp:featuredmedia":[{"embeddable":true,"href":"https:\/\/www.europesays.com\/fr\/wp-json\/wp\/v2\/media\/404060"}],"wp:attachment":[{"href":"https:\/\/www.europesays.com\/fr\/wp-json\/wp\/v2\/media?parent=404059"}],"wp:term":[{"taxonomy":"category","embeddable":true,"href":"https:\/\/www.europesays.com\/fr\/wp-json\/wp\/v2\/categories?post=404059"},{"taxonomy":"post_tag","embeddable":true,"href":"https:\/\/www.europesays.com\/fr\/wp-json\/wp\/v2\/tags?post=404059"}],"curies":[{"name":"wp","href":"https:\/\/api.w.org\/{rel}","templated":true}]}}