{"id":404071,"date":"2025-09-20T05:17:13","date_gmt":"2025-09-20T05:17:13","guid":{"rendered":"https:\/\/www.europesays.com\/fr\/404071\/"},"modified":"2025-09-20T05:17:13","modified_gmt":"2025-09-20T05:17:13","slug":"lea-salame-touchee-coulee-nouveau-coup-dur-apres-son-naufrage-face-a-marion-cotillard","status":"publish","type":"post","link":"https:\/\/www.europesays.com\/fr\/404071\/","title":{"rendered":"L\u00e9a Salam\u00e9 touch\u00e9e coul\u00e9e ? Nouveau coup dur apr\u00e8s son naufrage face \u00e0 Marion Cotillard"},"content":{"rendered":"<p>C&rsquo;\u00e9tait il y a quelques jours. Lundi 15 septembre, en plein<br \/>\ndirect du journal de France 2, <a href=\"https:\/\/www.closermag.fr\/people\/transporte-a-lhopital-lea-salame-fait-un-triste-aparte-au-journal-de-20h-3580908\" target=\"_blank\" rel=\"noopener\"><br \/>\nL\u00e9a Salam\u00e9<\/a> donnait \u00e0 voir un <strong>v\u00e9ritable naufrage face \u00e0<br \/>\nMarion Cotillard<\/strong>. Premi\u00e8re bourde : \u00ab\u00a0Votre film Karma sort dans quelques semaines\u00a0\u00bb,<br \/>\nlance la journaliste\u2026 avant d\u2019\u00eatre corrig\u00e9e par l\u2019actrice :<br \/>\n<strong>\u00ab\u00a0Non, c\u2019est en<br \/>\n2026.\u00a0\u00bb<\/strong> Quelques minutes plus tard, nouvelle sortie de<br \/>\nroute avec une question intime sur sa s\u00e9paration avec <a href=\"https:\/\/www.closermag.fr\/people\/chez-nous-ils-peuvent-marion-cotillard-fait-une-rare-confidence-sur-ses-enfants-avec-guillaume-canet-3579025\" target=\"_blank\" rel=\"noopener\"><br \/>\nGuillaume Canet<\/a>. R\u00e9ponse glaciale de Cotillard, sourire crisp\u00e9<br \/>\n:\u00a0 \u00ab\u00a0Merci, \u00e7a va. Et vous<br \/>\n?\u00a0\u00bb<\/p>\n<p>Silence g\u00ean\u00e9, regards fuyants, r\u00e9seaux sociaux en \u00e9bullition :<br \/>\nle naufrage est act\u00e9, <strong>en direct devant des millions de<br \/>\nt\u00e9l\u00e9spectateurs.<\/strong> Quelques jours apr\u00e8s, les nouvelles ne<br \/>\nsont pas bonnes. Et les audiences non plus. Celles du 18 septembre<br \/>\nressemblent tout bonnement \u00e0 un massacre.<\/p>\n<p>L\u00e9a Salam\u00e9 : un naufrage d&rsquo;audiences apr\u00e8s son naufrage avec<br \/>\nMarion Cotillard<\/p>\n<p>Apr\u00e8s son interview catastrophique avec <a href=\"https:\/\/www.closermag.fr\/tv_tele_realite\/lea-salame-genante-face-a-marion-cotillard-cyril-hanouna-a-un-avis-tout-a-fait-inattendu-saucissonner-tout-ca-3580821\" target=\"_blank\" rel=\"noopener\"><br \/>\nMarion Cotillard<\/a>, L\u00e9a Salam\u00e9 encaisse un nouvel \u00e9chec. Jeudi 18<br \/>\nseptembre<strong data-start=\"452\" data-end=\"473\">\u00a02025<\/strong>, son <strong data-start=\"479\" data-end=\"505\">20 Heures sur France 2<\/strong> ne rassemble que<br \/>\n<strong data-start=\"523\" data-end=\"559\">3,5 millions de<br \/>\nt\u00e9l\u00e9spectateurs<\/strong> (19,2 % de part d\u2019audience) selon <a href=\"https:\/\/www.ozap.com\/actu\/audiences-access-20h-le-20-heures-de-gilles-bouleau-sur-tf1-distance-celui-de-lea-salame-sur-france-2-de-plus-d15-million-de-telespectateurs\/651679\" target=\"_blank\" rel=\"noopener\"><br \/>\nOzap<\/a>. \u00c0 partit de 20h32, il passe <strong data-start=\"597\" data-end=\"622\">sous les 3,5 millions<\/strong> pour la premi\u00e8re fois<br \/>\ndepuis sa prise de poste. Pendant ce temps, sur TF1,<br \/>\n<strong data-start=\"736\" data-end=\"789\">Gilles Bouleau d\u00e9passe les<br \/>\n5 millions,<\/strong>\u00a0creusant un \u00e9cart de plus<br \/>\n<strong data-start=\"817\" data-end=\"851\">1,5 million de<br \/>\nt\u00e9l\u00e9spectateurs<\/strong> entre les deux JT concurrents.<\/p>\n<p>Ce double revers laisse planer un constat alarmant :<br \/>\napparemment, <strong>L\u00e9a Salam\u00e9 n\u2019a pas encore r\u00e9ussi \u00e0 redresser<br \/>\nla barre.<\/strong> Entre un JT devenu plus people que politique<br \/>\nselon certain, et des t\u00e9l\u00e9spectateurs qui quittent le navire, la<br \/>\npr\u00e9sentatrice conna\u00eet sans doute son <strong data-start=\"1682\" data-end=\"1722\">plus dur retour de flamme m\u00e9diatique<\/strong>.<\/p>\n<blockquote class=\"twitter-tweet\"><p><a class=\"twitter-link\" rel=\"noindex, nofollow noopener\" href=\"https:\/\/twitter.com\/CerfiaFR\/status\/1967878373679792572\" target=\"_blank\"><\/p><\/blockquote>\n<p>\u00ab\u00a0Dire qu\u2019ils ont vir\u00e9 Anne-Sophie<br \/>\nLapix, pour L\u00e9a Salam\u00e9, piti\u00e9\u00a0\u00bb<\/p>\n<p>Apr\u00e8s l\u2019interview controvers\u00e9e, la toile s\u2019est d\u00e9cha\u00een\u00e9e. Sur X,<br \/>\nplusieurs utilisateurs n\u2019ont <strong>pas m\u00e2ch\u00e9 leurs mots pour<br \/>\nd\u00e9noncer un journalisme intrusif<\/strong> et mal calibr\u00e9. \u00ab\u00a0L\u00e9a<br \/>\nSalam\u00e9 confond journalisme et spectacle. Interroger une invit\u00e9e sur<br \/>\nsa vie priv\u00e9e au JT\u2026 c\u2019est path\u00e9tique\u00a0\u00bb,\u00a0 \u00ab\u00a0Mais la mani\u00e8re dont<br \/>\nMarion Cotillard vient de demander \u00e0 L\u00e9a Salam\u00e9 de se taire, j\u2019aime<br \/>\ntrop\u00a0\u00bb, \u00ab\u00a0Dire qu\u2019ils ont vir\u00e9 <a href=\"https:\/\/www.closermag.fr\/people\/petite-difference-dage-anne-sophie-lapix-draguee-par-robert-redford-elle-ne-cache-pas-sa-gene-3580171\" target=\"_blank\" rel=\"noopener\"><br \/>\nAnne-Sophie Lapix<\/a>, qui \u00e9tait G\u00c9NIALE, pour L\u00e9a Salam\u00e9. PITI\u00c9,<br \/>\nle pire choix\u00a0\u00bb, pouvait-on lire.<\/p>\n<p>D\u2019autres commentaires sont all\u00e9s plus loin dans la virulence.<br \/>\nIls n&rsquo;ont pas h\u00e9sit\u00e9 \u00e0 fusiller la prestation de la journaliste<br \/>\navec des termes cruels. <strong>\u00ab\u00a0Elle a \u00e9t\u00e9 mauvaise, elle ne<br \/>\nconnaissait pas ses dossiers. La honte !\u00a0\u00bb<\/strong>, s&rsquo;est<br \/>\nexclam\u00e9 l&rsquo;un d&rsquo;eux.<\/p>\n<p><script async src=\"https:\/\/platform.twitter.com\/widgets.js\" charset=\"utf-8\"><\/script><\/p>\n","protected":false},"excerpt":{"rendered":"C&rsquo;\u00e9tait il y a quelques jours. Lundi 15 septembre, en plein direct du journal de France 2, L\u00e9a&hellip;\n","protected":false},"author":2,"featured_media":404072,"comment_status":"","ping_status":"","sticky":false,"template":"","format":"standard","meta":{"footnotes":""},"categories":[8],"tags":[548,58,59,1011,27,3806],"class_list":{"0":"post-404071","1":"post","2":"type-post","3":"status-publish","4":"format-standard","5":"has-post-thumbnail","7":"category-divertissement","8":"tag-article-simple","9":"tag-divertissement","10":"tag-entertainment","11":"tag-fr","12":"tag-france","13":"tag-lea-salame"},"share_on_mastodon":{"url":"https:\/\/pubeurope.com\/@fr\/115234933595959326","error":""},"_links":{"self":[{"href":"https:\/\/www.europesays.com\/fr\/wp-json\/wp\/v2\/posts\/404071","targetHints":{"allow":["GET"]}}],"collection":[{"href":"https:\/\/www.europesays.com\/fr\/wp-json\/wp\/v2\/posts"}],"about":[{"href":"https:\/\/www.europesays.com\/fr\/wp-json\/wp\/v2\/types\/post"}],"author":[{"embeddable":true,"href":"https:\/\/www.europesays.com\/fr\/wp-json\/wp\/v2\/users\/2"}],"replies":[{"embeddable":true,"href":"https:\/\/www.europesays.com\/fr\/wp-json\/wp\/v2\/comments?post=404071"}],"version-history":[{"count":0,"href":"https:\/\/www.europesays.com\/fr\/wp-json\/wp\/v2\/posts\/404071\/revisions"}],"wp:featuredmedia":[{"embeddable":true,"href":"https:\/\/www.europesays.com\/fr\/wp-json\/wp\/v2\/media\/404072"}],"wp:attachment":[{"href":"https:\/\/www.europesays.com\/fr\/wp-json\/wp\/v2\/media?parent=404071"}],"wp:term":[{"taxonomy":"category","embeddable":true,"href":"https:\/\/www.europesays.com\/fr\/wp-json\/wp\/v2\/categories?post=404071"},{"taxonomy":"post_tag","embeddable":true,"href":"https:\/\/www.europesays.com\/fr\/wp-json\/wp\/v2\/tags?post=404071"}],"curies":[{"name":"wp","href":"https:\/\/api.w.org\/{rel}","templated":true}]}}