{"id":404083,"date":"2025-09-20T05:23:12","date_gmt":"2025-09-20T05:23:12","guid":{"rendered":"https:\/\/www.europesays.com\/fr\/404083\/"},"modified":"2025-09-20T05:23:12","modified_gmt":"2025-09-20T05:23:12","slug":"quatre-enfants-evacues-en-pleine-nuit","status":"publish","type":"post","link":"https:\/\/www.europesays.com\/fr\/404083\/","title":{"rendered":"quatre enfants \u00e9vacu\u00e9s en pleine nuit"},"content":{"rendered":"<p class=\"p1\">Ce vendredi soir, aux alentours de 21h30, un incendie s\u2019est d\u00e9clar\u00e9 \u00e0 proximit\u00e9 du foyer d\u00e9partemental de l\u2019enfance de Roche-la-Moli\u00e8re, rue de l\u2019Abb\u00e9-Duplay, dans le quartier de Beaulieu. Les flammes semblent \u00eatre parties d\u2019une voiture stationn\u00e9e \u00e0 proximit\u00e9, avant de se propager aux autres v\u00e9hicules du foyer.<\/p>\n<p class=\"p3\">Sous l\u2019effet de la chaleur, la porte principale de l\u2019\u00e9tablissement ainsi que les fen\u00eatres et la fa\u00e7ade se sont consum\u00e9es. L\u2019arriv\u00e9e rapide des sapeurs-pompiers a permis d\u2019\u00e9viter le pire, notamment la propagation \u00e0 l\u2019\u00e9difice. <\/p>\n<p>Un d\u00e9part de feu accidentel<\/p>\n<p class=\"p3\">\u00c0 cette heure-ci, les enfants du foyer avaient entam\u00e9 leur nuit. D\u2019apr\u00e8s nos informations, les quatre jeunes pr\u00e9sents dans le foyer ont \u00e9t\u00e9 \u00e9vacu\u00e9s \u00e0 temps par leurs \u00e9ducateurs, avant que la fum\u00e9e n\u2019entre dans les locaux. Ils ont \u00e9t\u00e9 r\u00e9install\u00e9s dans d\u2019autres structures d\u00e9partementales de proximit\u00e9 pour poursuivre leur nuit.<\/p>\n<p class=\"p1\">Selon les \u00e9l\u00e9ments avanc\u00e9s par le maire de la commune, \u00c9ric Berlivet, le d\u00e9part de feu serait accidentel, en lien avec un dysfonctionnement moteur. L\u2019\u00e9v\u00e8nement a suscit\u00e9 beaucoup d\u2019\u00e9motion dans le quartier, les riverains sont sortis pour assister au d\u00e9roul\u00e9 des op\u00e9rations et proposer eau et couvertures pour les enfants extirp\u00e9s de leur lit.<\/p>\n","protected":false},"excerpt":{"rendered":"Ce vendredi soir, aux alentours de 21h30, un incendie s\u2019est d\u00e9clar\u00e9 \u00e0 proximit\u00e9 du foyer d\u00e9partemental de l\u2019enfance&hellip;\n","protected":false},"author":2,"featured_media":404084,"comment_status":"","ping_status":"","sticky":false,"template":"","format":"standard","meta":{"footnotes":""},"categories":[9653],"tags":[1111,11,2430,7539,1777,674,274,1011,27,1310,3367,12,25,12490,4001],"class_list":{"0":"post-404083","1":"post","2":"type-post","3":"status-publish","4":"format-standard","5":"has-post-thumbnail","7":"category-saint-etienne","8":"tag-actu","9":"tag-actualites","10":"tag-auvergne-rhone-alpes","11":"tag-edition-loire-sud","12":"tag-eu","13":"tag-europe","14":"tag-faits-divers-justice","15":"tag-fr","16":"tag-france","17":"tag-incendie","18":"tag-loire","19":"tag-news","20":"tag-republique-francaise","21":"tag-roche-la-moliere","22":"tag-saint-etienne"},"share_on_mastodon":{"url":"https:\/\/pubeurope.com\/@fr\/115234957146411156","error":""},"_links":{"self":[{"href":"https:\/\/www.europesays.com\/fr\/wp-json\/wp\/v2\/posts\/404083","targetHints":{"allow":["GET"]}}],"collection":[{"href":"https:\/\/www.europesays.com\/fr\/wp-json\/wp\/v2\/posts"}],"about":[{"href":"https:\/\/www.europesays.com\/fr\/wp-json\/wp\/v2\/types\/post"}],"author":[{"embeddable":true,"href":"https:\/\/www.europesays.com\/fr\/wp-json\/wp\/v2\/users\/2"}],"replies":[{"embeddable":true,"href":"https:\/\/www.europesays.com\/fr\/wp-json\/wp\/v2\/comments?post=404083"}],"version-history":[{"count":0,"href":"https:\/\/www.europesays.com\/fr\/wp-json\/wp\/v2\/posts\/404083\/revisions"}],"wp:featuredmedia":[{"embeddable":true,"href":"https:\/\/www.europesays.com\/fr\/wp-json\/wp\/v2\/media\/404084"}],"wp:attachment":[{"href":"https:\/\/www.europesays.com\/fr\/wp-json\/wp\/v2\/media?parent=404083"}],"wp:term":[{"taxonomy":"category","embeddable":true,"href":"https:\/\/www.europesays.com\/fr\/wp-json\/wp\/v2\/categories?post=404083"},{"taxonomy":"post_tag","embeddable":true,"href":"https:\/\/www.europesays.com\/fr\/wp-json\/wp\/v2\/tags?post=404083"}],"curies":[{"name":"wp","href":"https:\/\/api.w.org\/{rel}","templated":true}]}}