{"id":404090,"date":"2025-09-20T05:27:10","date_gmt":"2025-09-20T05:27:10","guid":{"rendered":"https:\/\/www.europesays.com\/fr\/404090\/"},"modified":"2025-09-20T05:27:10","modified_gmt":"2025-09-20T05:27:10","slug":"les-assures-deviennent-acteurs-de-leur-sante-le-visage-du-segur-du-numerique-en-france-est-toulonnais","status":"publish","type":"post","link":"https:\/\/www.europesays.com\/fr\/404090\/","title":{"rendered":"\u00ab\u00a0Les assur\u00e9s deviennent acteurs de leur sant\u00e9\u00a0\u00bb: le visage du S\u00e9gur du num\u00e9rique en France est toulonnais"},"content":{"rendered":"<p>Jean-Christophe Turbatte est d\u2019un naturel discret. Pourtant, il est le responsable du programme S\u00e9gur \u00e0 l\u2019Agence du num\u00e9rique en sant\u00e9 \u00e0 Paris. \u00ab\u00a0Je travaille sur ce chantier important de transformation du syst\u00e8me de sant\u00e9 national dont la partie visible pour les Fran\u00e7ais est l\u2019application Mon Espace Sant\u00e9.\u00a0\u00bb<\/p>\n<p>\u00ab\u00a0Le S\u00e9gur du num\u00e9rique est une avanc\u00e9e notable pour mieux mettre en relation les professionnels de sant\u00e9 et les usagers, faciliter les partages d\u2019informations et rendre les outils num\u00e9riques plus efficients pour les soignants comme pour les patients\u00a0\u00bb. Pas une mince affaire!<\/p>\n<p>Pour mener \u00e0 bien ce chantier, Jean-Christophe Turbatte a fait ses armes dans le Var: des postes \u00e0 responsabilit\u00e9s dans plusieurs \u00e9tablissements hospitaliers du d\u00e9partement puis directeur des syst\u00e8mes d\u2019information (li\u00e9 \u00e0 l\u2019Agence r\u00e9gionale de sant\u00e9).<\/p>\n<p><strong>\u00ab\u00a0Objectif: mieux soigner\u00a0\u00bb<\/strong><\/p>\n<p>\u00ab\u00a0En 2021, j\u2019ai int\u00e9gr\u00e9 l\u2019agence du num\u00e9rique en sant\u00e9, bas\u00e9e \u00e0 Paris, et plac\u00e9e sous la tutelle du minist\u00e8re de la Sant\u00e9. On sortait du Covid et le besoin d\u2019am\u00e9liorer l\u2019\u00e9change et le partage des donn\u00e9es de sant\u00e9 devenait crucial. Objectif avou\u00e9: mieux soigner et gagner en efficacit\u00e9. L\u2019id\u00e9e \u00e9tait aussi de d\u00e9cloisonner la ville et l\u2019h\u00f4pital et am\u00e9liorer la s\u00e9curisation des syst\u00e8mes d\u2019information de sant\u00e9 au b\u00e9n\u00e9fice des patients.\u00a0\u00bb<\/p>\n<p>Devenu directeur du programme S\u00e9gur aupr\u00e8s de l\u2019agence du num\u00e9rique en sant\u00e9, il doit mobiliser une centaine de personnes sur les projets. \u00ab\u00a0Ce que j\u2019aime dans le S\u00e9gur, c\u2019est qu\u2019il est aussi un vecteur d\u2019innovation fran\u00e7aise. Le projet Drimbox, par exemple, permet \u00e0 tout professionnel de sant\u00e9 de consulter de mani\u00e8re simple et s\u00e9curis\u00e9e les images m\u00e9dicales d\u2019un patient o\u00f9 qu\u2019il ait \u00e9t\u00e9 pris en charge. C\u2019est une preuve concr\u00e8te qui illustre comment le num\u00e9rique am\u00e9liore \u00e0 la fois la pratique m\u00e9dicale et le parcours de soins.\u00a0\u00bb, ajoute-t-il. Car l\u2019Espace sant\u00e9 de chacun compte 450 millions de documents par an mis \u00e0 disposition.<\/p>\n<p><strong>\u00ab\u00a0Les assur\u00e9s acteurs de leur sant\u00e9\u00a0\u00bb<\/strong><\/p>\n<p>Lanc\u00e9 en 2021, le S\u00e9gur du num\u00e9rique a b\u00e9n\u00e9fici\u00e9 de 2 milliards d\u2019euros d\u2019investissement. \u00ab\u00a0En trois ans, 97% des assur\u00e9s sociaux ont dispos\u00e9 d\u2019un carnet de sant\u00e9 num\u00e9rique et plus de 17 millions l\u2019ont d\u00e9j\u00e0 utilis\u00e9. Les assur\u00e9s deviennent donc pleinement acteurs de leur sant\u00e9 \u00ab\u00a0, ajoute-t-il.<\/p>\n<p>P\u00e8re de famille, Jean-Christophe Turbatte organise sa semaine pour \u00ab\u00a0rentrer\u00a0\u00bb \u00e0 Toulon d\u00e8s qu\u2019il peut (1). \u00ab\u00a0Quand j\u2019arrive dans le sud, je vois la lumi\u00e8re qui change, qui s\u2019\u00e9claircit. \u00c7a fait tout de suite du bien \u00e0 la t\u00eate!\u00a0\u00bb Il desserre alors sa cravate pour opter pour des tenues plus d\u00e9contract\u00e9es. Le temps de quelques jours (pr\u00e9cieux) en famille.<\/p>\n<p>1. Sa femme Magali Turbatte est adjointe \u00e0 la mairie de Toulon.<\/p>\n","protected":false},"excerpt":{"rendered":"Jean-Christophe Turbatte est d\u2019un naturel discret. Pourtant, il est le responsable du programme S\u00e9gur \u00e0 l\u2019Agence du num\u00e9rique&hellip;\n","protected":false},"author":2,"featured_media":404091,"comment_status":"","ping_status":"","sticky":false,"template":"","format":"standard","meta":{"footnotes":""},"categories":[9619],"tags":[1111,11,1777,674,1011,27,12,882,25,2310,3366],"class_list":{"0":"post-404090","1":"post","2":"type-post","3":"status-publish","4":"format-standard","5":"has-post-thumbnail","7":"category-toulon","8":"tag-actu","9":"tag-actualites","10":"tag-eu","11":"tag-europe","12":"tag-fr","13":"tag-france","14":"tag-news","15":"tag-provence-alpes-cote-dazur","16":"tag-republique-francaise","17":"tag-toulon","18":"tag-vie-locale"},"share_on_mastodon":{"url":"https:\/\/pubeurope.com\/@fr\/115234972995663302","error":""},"_links":{"self":[{"href":"https:\/\/www.europesays.com\/fr\/wp-json\/wp\/v2\/posts\/404090","targetHints":{"allow":["GET"]}}],"collection":[{"href":"https:\/\/www.europesays.com\/fr\/wp-json\/wp\/v2\/posts"}],"about":[{"href":"https:\/\/www.europesays.com\/fr\/wp-json\/wp\/v2\/types\/post"}],"author":[{"embeddable":true,"href":"https:\/\/www.europesays.com\/fr\/wp-json\/wp\/v2\/users\/2"}],"replies":[{"embeddable":true,"href":"https:\/\/www.europesays.com\/fr\/wp-json\/wp\/v2\/comments?post=404090"}],"version-history":[{"count":0,"href":"https:\/\/www.europesays.com\/fr\/wp-json\/wp\/v2\/posts\/404090\/revisions"}],"wp:featuredmedia":[{"embeddable":true,"href":"https:\/\/www.europesays.com\/fr\/wp-json\/wp\/v2\/media\/404091"}],"wp:attachment":[{"href":"https:\/\/www.europesays.com\/fr\/wp-json\/wp\/v2\/media?parent=404090"}],"wp:term":[{"taxonomy":"category","embeddable":true,"href":"https:\/\/www.europesays.com\/fr\/wp-json\/wp\/v2\/categories?post=404090"},{"taxonomy":"post_tag","embeddable":true,"href":"https:\/\/www.europesays.com\/fr\/wp-json\/wp\/v2\/tags?post=404090"}],"curies":[{"name":"wp","href":"https:\/\/api.w.org\/{rel}","templated":true}]}}