{"id":404098,"date":"2025-09-20T05:31:21","date_gmt":"2025-09-20T05:31:21","guid":{"rendered":"https:\/\/www.europesays.com\/fr\/404098\/"},"modified":"2025-09-20T05:31:21","modified_gmt":"2025-09-20T05:31:21","slug":"a-rouen-on-visite-le-bunker-de-lhotel-du-departement","status":"publish","type":"post","link":"https:\/\/www.europesays.com\/fr\/404098\/","title":{"rendered":"\u00e0 Rouen, on visite le bunker de l\u2019h\u00f4tel du d\u00e9partement"},"content":{"rendered":"\n<p>\u00c0 l&rsquo;occasion des Journ\u00e9es europ\u00e9ennes du patrimoine, partons \u00e0 la d\u00e9couverte d&rsquo;un endroit insolite bien cach\u00e9, situ\u00e9 \u00e0 Rouen, sous l&rsquo;ancienne pr\u00e9fecture, devenue depuis l&rsquo;h\u00f4tel du d\u00e9partement de la Seine-Maritime. <strong>Apr\u00e8s avoir descendu quelques marches et franchi une porte blind\u00e9e, nous voici dans un abri antiatomique construit entre 1957 et 1965, en pleine guerre froide<\/strong>.<\/p>\n<p><strong>Assurer la continuit\u00e9 des services de l&rsquo;Etat<\/strong><\/p>\n<p>Le bunker de pr\u00e8s de 700 m\u00e8tres carr\u00e9s pouvait accueillir jusqu&rsquo;\u00e0 250 personnes, dont une cinquantaine dans une grande salle de commandement. \u00ab\u00a0L\u00e0, c&rsquo;est le pr\u00e9fet qui s&rsquo;abritait avec ses services. <strong>Le<\/strong><strong> but, c&rsquo;\u00e9tait vraiment de permettre la continuit\u00e9 des services de l&rsquo;\u00c9tat en cas d&rsquo;attaque nucl\u00e9aire. Il fallait pouvoir continuer \u00e0 travailler tout en se prot\u00e9geant<\/strong>. Il y avait un tunnel aussi qui permettait d&rsquo;acc\u00e9der \u00e0 la cit\u00e9 administrative. Tout \u00e7a, maintenant, \u00e7a a \u00e9t\u00e9 rebouch\u00e9, mais c&rsquo;\u00e9tait secret d\u00e9fense \u00e0 l&rsquo;\u00e9poque\u00a0\u00bb explique Anne-Sophie Rouland, en charge des visites.<\/p>\n<p> <strong>Donner l&rsquo;alerte depuis Rouen<\/strong><\/p>\n<p>D&rsquo;autres pi\u00e8ces, tout aussi rudimentaires, composent le lieu, comme cette salle rest\u00e9e en l&rsquo;\u00e9tat avec des t\u00e9l\u00e9phones au mur et une carte mentionnant les zones ext\u00e9rieures \u00e0 contacter en cas d&rsquo;alerte. <strong>\u00ab\u00a0On constate l\u00e0 cette tr\u00e8s ancienne carte de la Seine-Maritime, et puis le bo\u00eetier zone 1, zone 2, alerte 1, alerte 1<\/strong>. Il fallait pouvoir avoir un lien avec Caen et d&rsquo;autres lieux, depuis ici\u00a0\u00bb ajoute-t-elle.<\/p>\n<p><strong>Efficacit\u00e9 limit\u00e9e contre les radiations<\/strong><\/p>\n<p>Et si un exercice a \u00e9t\u00e9 men\u00e9 en 1984, le bunker n&rsquo;a heureusement jamais eu besoin d&rsquo;\u00eatre utilis\u00e9, d&rsquo;autant que son efficacit\u00e9 en cas d&rsquo;attaque nucl\u00e9aire \u00e9tait au final tr\u00e8s limit\u00e9e. \u00ab\u00a0Il abritait effectivement des bombes et des tirs. Il valait mieux \u00eatre ici qu&rsquo;\u00e0 l&rsquo;air libre, mais en effet, <strong>ils se sont rendu<\/strong><strong> compte des ann\u00e9es plus tard qu&rsquo;il ne prot\u00e8ge pas contre les radiations, m<\/strong><strong>algr\u00e9 les murs jusqu&rsquo;\u00e0 un m\u00e8tre de large en b\u00e9ton arm\u00e9, malgr\u00e9 la porte blind\u00e9e<\/strong>&#8230;\u00a0\u00bb confirme Anne-Sophie Rouland. Et pour produire l&rsquo;\u00e9lectricit\u00e9 au sein de ce lieu, deux bicyclettes \u00e9taient reli\u00e9es \u00e0 des dynamos, et permettaient \u00e9galement de renouveler l&rsquo;air int\u00e9rieur.<\/p>\n<p>\u00a0<\/p>\n<blockquote>\n<p align=\"justify\"><strong>visites de l&rsquo;h\u00f4tel du d\u00e9partement, ces samedi 20 et dimanche 21 septembre<br \/>de 10h \u00e0 13h et de 14h \u00e0 18h<br \/>r\u00e9servations par mail : anne-sophie.rouland@seinemaritime.fr<\/strong><\/p>\n<\/blockquote>\n","protected":false},"excerpt":{"rendered":"\u00c0 l&rsquo;occasion des Journ\u00e9es europ\u00e9ennes du patrimoine, partons \u00e0 la d\u00e9couverte d&rsquo;un endroit insolite bien cach\u00e9, situ\u00e9 \u00e0&hellip;\n","protected":false},"author":2,"featured_media":404099,"comment_status":"","ping_status":"","sticky":false,"template":"","format":"standard","meta":{"footnotes":""},"categories":[9587],"tags":[53542,1111,11,53545,1777,674,1011,27,53548,53544,48159,53543,12,5161,25,9590,5163,53546,53547],"class_list":{"0":"post-404098","1":"post","2":"type-post","3":"status-publish","4":"format-standard","5":"has-post-thumbnail","7":"category-rouen","8":"tag-abri-antiatomique-rouen","9":"tag-actu","10":"tag-actualites","11":"tag-bunker-rouen","12":"tag-eu","13":"tag-europe","14":"tag-fr","15":"tag-france","16":"tag-hotel-du-departement-de-la-seine-maritime","17":"tag-hotel-du-departement-rouen","18":"tag-journees-du-patrimoine","19":"tag-journees-du-patrimoine-rouen","20":"tag-news","21":"tag-normandie","22":"tag-republique-francaise","23":"tag-rouen","24":"tag-seine-maritime","25":"tag-visites-bunker-rouen","26":"tag-visites-hotel-du-departement"},"share_on_mastodon":{"url":"https:\/\/pubeurope.com\/@fr\/115234988571908830","error":""},"_links":{"self":[{"href":"https:\/\/www.europesays.com\/fr\/wp-json\/wp\/v2\/posts\/404098","targetHints":{"allow":["GET"]}}],"collection":[{"href":"https:\/\/www.europesays.com\/fr\/wp-json\/wp\/v2\/posts"}],"about":[{"href":"https:\/\/www.europesays.com\/fr\/wp-json\/wp\/v2\/types\/post"}],"author":[{"embeddable":true,"href":"https:\/\/www.europesays.com\/fr\/wp-json\/wp\/v2\/users\/2"}],"replies":[{"embeddable":true,"href":"https:\/\/www.europesays.com\/fr\/wp-json\/wp\/v2\/comments?post=404098"}],"version-history":[{"count":0,"href":"https:\/\/www.europesays.com\/fr\/wp-json\/wp\/v2\/posts\/404098\/revisions"}],"wp:featuredmedia":[{"embeddable":true,"href":"https:\/\/www.europesays.com\/fr\/wp-json\/wp\/v2\/media\/404099"}],"wp:attachment":[{"href":"https:\/\/www.europesays.com\/fr\/wp-json\/wp\/v2\/media?parent=404098"}],"wp:term":[{"taxonomy":"category","embeddable":true,"href":"https:\/\/www.europesays.com\/fr\/wp-json\/wp\/v2\/categories?post=404098"},{"taxonomy":"post_tag","embeddable":true,"href":"https:\/\/www.europesays.com\/fr\/wp-json\/wp\/v2\/tags?post=404098"}],"curies":[{"name":"wp","href":"https:\/\/api.w.org\/{rel}","templated":true}]}}