{"id":404106,"date":"2025-09-20T05:36:20","date_gmt":"2025-09-20T05:36:20","guid":{"rendered":"https:\/\/www.europesays.com\/fr\/404106\/"},"modified":"2025-09-20T05:36:20","modified_gmt":"2025-09-20T05:36:20","slug":"la-baisse-des-prix-de-limmobilier-a-rennes-nen-finit-pas-on-decrypte-les-derniers-chiffres","status":"publish","type":"post","link":"https:\/\/www.europesays.com\/fr\/404106\/","title":{"rendered":"La baisse des prix de l&rsquo;immobilier \u00e0 Rennes n&rsquo;en finit pas : on d\u00e9crypte les derniers chiffres"},"content":{"rendered":"<p>D\u00e9code la Bretagne<\/p>\n<p>Le 20 septembre 2025 \u00e0 07h30<\/p>\n<p class=\"tlg-h5\">Les notaires bretons viennent de livrer les derniers chiffres sur les grandes tendances de l\u2019immobilier. A Rennes et alentour, la baisse des prix s\u2019acc\u00e9l\u00e8rent, dans l\u2019ancien comme dans le neuf. O\u00f9 \u00eates-vous susceptibles de faire les meilleures affaires ? Le T\u00e9l\u00e9gramme vous livre des cl\u00e9s pour vous aider \u00e0 vous y retrouver avec de nouveaux articles \u00e0 d\u00e9couvrir tout le week-end.<\/p>\n","protected":false},"excerpt":{"rendered":"D\u00e9code la Bretagne Le 20 septembre 2025 \u00e0 07h30 Les notaires bretons viennent de livrer les derniers chiffres&hellip;\n","protected":false},"author":2,"featured_media":404107,"comment_status":"","ping_status":"","sticky":false,"template":"","format":"standard","meta":{"footnotes":""},"categories":[2821],"tags":[1111,11,34929,829,1777,674,1011,27,12,584,25],"class_list":{"0":"post-404106","1":"post","2":"type-post","3":"status-publish","4":"format-standard","5":"has-post-thumbnail","7":"category-rennes","8":"tag-actu","9":"tag-actualites","10":"tag-bloc-dossier-rennes","11":"tag-bretagne","12":"tag-eu","13":"tag-europe","14":"tag-fr","15":"tag-france","16":"tag-news","17":"tag-rennes","18":"tag-republique-francaise"},"share_on_mastodon":{"url":"https:\/\/pubeurope.com\/@fr\/115235008254606327","error":""},"_links":{"self":[{"href":"https:\/\/www.europesays.com\/fr\/wp-json\/wp\/v2\/posts\/404106","targetHints":{"allow":["GET"]}}],"collection":[{"href":"https:\/\/www.europesays.com\/fr\/wp-json\/wp\/v2\/posts"}],"about":[{"href":"https:\/\/www.europesays.com\/fr\/wp-json\/wp\/v2\/types\/post"}],"author":[{"embeddable":true,"href":"https:\/\/www.europesays.com\/fr\/wp-json\/wp\/v2\/users\/2"}],"replies":[{"embeddable":true,"href":"https:\/\/www.europesays.com\/fr\/wp-json\/wp\/v2\/comments?post=404106"}],"version-history":[{"count":0,"href":"https:\/\/www.europesays.com\/fr\/wp-json\/wp\/v2\/posts\/404106\/revisions"}],"wp:featuredmedia":[{"embeddable":true,"href":"https:\/\/www.europesays.com\/fr\/wp-json\/wp\/v2\/media\/404107"}],"wp:attachment":[{"href":"https:\/\/www.europesays.com\/fr\/wp-json\/wp\/v2\/media?parent=404106"}],"wp:term":[{"taxonomy":"category","embeddable":true,"href":"https:\/\/www.europesays.com\/fr\/wp-json\/wp\/v2\/categories?post=404106"},{"taxonomy":"post_tag","embeddable":true,"href":"https:\/\/www.europesays.com\/fr\/wp-json\/wp\/v2\/tags?post=404106"}],"curies":[{"name":"wp","href":"https:\/\/api.w.org\/{rel}","templated":true}]}}